{"id":1031,"date":"2013-05-13T08:07:13","date_gmt":"2013-05-13T07:07:13","guid":{"rendered":"http:\/\/www.enviroscop.fr\/actu\/?p=1031"},"modified":"2013-05-13T08:10:37","modified_gmt":"2013-05-13T07:10:37","slug":"breves-reflexions-sur-le-permis-environnemental-unique","status":"publish","type":"post","link":"https:\/\/www.enviroscop.fr\/actu\/2013\/05\/breves-reflexions-sur-le-permis-environnemental-unique\/","title":{"rendered":"Br\u00e8ves r\u00e9flexions sur le \u00ab\u00a0Permis environnemental unique\u00a0\u00bb"},"content":{"rendered":"<p><img data-recalc-dims=\"1\" loading=\"lazy\" decoding=\"async\" class=\"alignleft\" alt=\"\" src=\"https:\/\/i0.wp.com\/www.gossement-avocats.com\/images\/avocats\/Arnaud_Gossement_avocat.jpg?resize=140%2C210\" width=\"140\" height=\"210\" \/>Un article tr\u00e8s int\u00e9ressant de notre confr\u00e8re Arnaud Gossement, que nous vous invitons \u00e0 lire, une r\u00e9flexion qui va dans le bon sens, c&rsquo;est \u00e0 dire ne pas toujours voir l&rsquo;environnement comme une contrainte administrative et ne pas consid\u00e9rer la contrainte administrative comme un barrage infranchissable&#8230;<\/p>\n<p>Le d\u00e9but de l&rsquo;article pour vous donner envie :<\/p>\n<p><span style=\"color: #000080;\">\u00ab\u00a0Une id\u00e9e neuve et tr\u00e8s int\u00e9ressante pour le d\u00e9veloppement durable commence \u00e0 faire son chemin en Europe et pourrait \u00eatre bient\u00f4t d\u00e9battue en France : le permis environnemental unique. Cette id\u00e9e est de passer de la logique \u00ab\u00a0Une l\u00e9gislation\/Une autorisation\u00a0\u00bb \u00e0 la logique \u00ab\u00a0Un projet\/Une autorisation\u00a0\u00bb. Une id\u00e9e qui permet de mieux prot\u00e9ger l&rsquo;environnement et la sant\u00e9 publique, de mieux assurer l&rsquo;information et la participation du public tout en all\u00e9geant les contraintes administratives et en renfor\u00e7ant la s\u00e9curit\u00e9 juridique des projets.\u00a0\u00bb<\/span><\/p>\n<p><a href=\"http:\/\/www.arnaudgossement.com\/archive\/2013\/05\/12\/pour-un-permis-environnemental-unique.html\" target=\"_blank\">La suite sur le blog d&rsquo;Arnaud Gossement<\/a><\/p>\n","protected":false},"excerpt":{"rendered":"<p>Un article tr\u00e8s int\u00e9ressant de notre confr\u00e8re Arnaud Gossement, que nous vous invitons \u00e0 lire, une r\u00e9flexion qui va dans le bon sens, c&rsquo;est \u00e0 dire ne pas toujours voir l&rsquo;environnement comme une contrainte administrative et ne pas consid\u00e9rer la contrainte administrative comme un barrage infranchissable&#8230; Le d\u00e9but de l&rsquo;article pour vous donner envie : &hellip; <\/p>\n<p><a class=\"more-link btn\" href=\"https:\/\/www.enviroscop.fr\/actu\/2013\/05\/breves-reflexions-sur-le-permis-environnemental-unique\/\">Lire la suite<\/a><\/p>\n","protected":false},"author":1,"featured_media":0,"comment_status":"open","ping_status":"open","sticky":false,"template":"","format":"standard","meta":{"jetpack_post_was_ever_published":false,"_jetpack_newsletter_access":"","_jetpack_dont_email_post_to_subs":false,"_jetpack_newsletter_tier_id":0,"_jetpack_memberships_contains_paywalled_content":false,"_jetpack_memberships_contains_paid_content":false,"footnotes":"","jetpack_publicize_message":"","jetpack_publicize_feature_enabled":true,"jetpack_social_post_already_shared":true,"jetpack_social_options":{"image_generator_settings":{"template":"highway","default_image_id":0,"font":"","enabled":false},"version":2}},"categories":[20,6,35,42],"tags":[],"class_list":["post-1031","post","type-post","status-publish","format-standard","hentry","category-durable","category-ecologie","category-juridique","category-pedagogie","item-wrap"],"jetpack_publicize_connections":[],"jetpack_featured_media_url":"","jetpack_shortlink":"https:\/\/wp.me\/p3rXAp-gD","jetpack_likes_enabled":true,"jetpack-related-posts":[{"id":1278,"url":"https:\/\/www.enviroscop.fr\/actu\/2013\/07\/etats-generaux-de-la-modernisation-du-droit-de-lenvironnement-bilan-detape-ministere-du-developpement-durable\/","url_meta":{"origin":1031,"position":0},"title":"Etats g\u00e9n\u00e9raux de la modernisation du droit de l\u2019environnement : bilan d&rsquo;\u00e9tape &#8211; Minist\u00e8re du D\u00e9veloppement durable","author":"Enviroscop","date":"18 juillet 2013","format":false,"excerpt":"Philippe Martin a pr\u00e9sent\u00e9 une communication relative au bilan d\u2019\u00e9tape des Etats g\u00e9n\u00e9raux de la modernisation du droit de l\u2019environnement au Conseil des ministres du 17 juillet 2013. La tenue de tels \u00e9tats g\u00e9n\u00e9raux constituait un engagement de la feuille de route pour la transition \u00e9cologique issue de la conf\u00e9rence\u2026","rel":"","context":"Dans &quot;durable&quot;","block_context":{"text":"durable","link":"https:\/\/www.enviroscop.fr\/actu\/category\/durable\/"},"img":{"alt_text":"17141_une","src":"https:\/\/i0.wp.com\/www.enviroscop.fr\/actu\/wp-content\/uploads\/2013\/05\/17141_une-300x152.jpg?resize=350%2C200","width":350,"height":200},"classes":[]},{"id":1623,"url":"https:\/\/www.enviroscop.fr\/actu\/2013\/11\/comment-mieux-eduquer-petits-et-grands-a-lenvironnement\/","url_meta":{"origin":1031,"position":1},"title":"Comment mieux \u00e9duquer petits et grands \u00e0 l&rsquo;environnement","author":"Enviroscop","date":"28 novembre 2013","format":false,"excerpt":"L'assembl\u00e9e pl\u00e9ni\u00e8re du Conseil \u00e9conomique, social et environnemental (Cese) a adopt\u00e9 \u00e0 la quasi-unanimit\u00e9 le 26 novembre un avis intitul\u00e9 \"L'\u00e9ducation \u00e0 l'environnement et au d\u00e9veloppement durable tout au long de la vie, pour une transition \u00e9cologique\" r\u00e9alis\u00e9 \u00e0 la demande du gouvernement. Parmi les propositions : la g\u00e9n\u00e9ralisation des\u2026","rel":"","context":"Dans &quot;durable&quot;","block_context":{"text":"durable","link":"https:\/\/www.enviroscop.fr\/actu\/category\/durable\/"},"img":{"alt_text":"","src":"","width":0,"height":0},"classes":[]},{"id":1420,"url":"https:\/\/www.enviroscop.fr\/actu\/2013\/09\/permis-unique-un-projet-de-loi-pour-experimenter-une-reelle-modernisation-du-droit-de-lenvironnement\/","url_meta":{"origin":1031,"position":2},"title":"Permis unique : un projet de loi pour exp\u00e9rimenter une r\u00e9elle modernisation du droit de l&rsquo;environnement","author":"Enviroscop","date":"6 septembre 2013","format":false,"excerpt":"Le Gouvernement vient de d\u00e9poser un projet qui permettra d'exp\u00e9rimenter la proc\u00e9dure du permis unique. Une mesure que je soutiens depuis fort longtemps et qui a \u00e9t\u00e9 d\u00e9battue lors des Etats g\u00e9n\u00e9raux de la modernisation du droit de l'environnement. Le Gouvernement vient de d\u00e9poser au Parlement un projet de loi\u2026","rel":"","context":"Dans &quot;droit&quot;","block_context":{"text":"droit","link":"https:\/\/www.enviroscop.fr\/actu\/category\/juridique\/droit\/"},"img":{"alt_text":"","src":"https:\/\/i0.wp.com\/www.enviroscop.fr\/actu\/wp-content\/uploads\/2013\/09\/3152939255.png?resize=350%2C200","width":350,"height":200},"classes":[]},{"id":1285,"url":"https:\/\/www.enviroscop.fr\/actu\/2013\/07\/simplification-le-droit-de-lenvironnement-aussi\/","url_meta":{"origin":1031,"position":3},"title":"Simplification : le droit de l&rsquo;environnement aussi ?","author":"Enviroscop","date":"23 juillet 2013","format":false,"excerpt":"Dans l'optique du choc de simplification, plusieurs proc\u00e9dures nous int\u00e9ressant sont touch\u00e9es : 1\/ La feuille de route du Minist\u00e8re, pr\u00e9vue en septembre pr\u00e9voit de : \"faciliter la r\u00e9alisation des projets respectueux de l'environnement\" : cr\u00e9ation d'un r\u00e9f\u00e9rent unique au sein de l'administration d\u00e9partementale, simplification du r\u00e9gime des \u00e9tudes d'impact,\u2026","rel":"","context":"Dans &quot;droit&quot;","block_context":{"text":"droit","link":"https:\/\/www.enviroscop.fr\/actu\/category\/juridique\/droit\/"},"img":{"alt_text":"17141_une","src":"https:\/\/i0.wp.com\/www.enviroscop.fr\/actu\/wp-content\/uploads\/2013\/05\/17141_une-300x152.jpg?resize=350%2C200","width":350,"height":200},"classes":[]},{"id":1918,"url":"https:\/\/www.enviroscop.fr\/actu\/2014\/05\/decret-n-2014-450-du-2-mai-2014-relatif-a-lexperimentation-dune-autorisation-unique-en-matiere-dinstallations-classees-pour-la-protection-de-lenvironnement\/","url_meta":{"origin":1031,"position":4},"title":"D\u00e9cret n\u00b0 2014-450 du 2 mai 2014 relatif \u00e0 l&rsquo;exp\u00e9rimentation d&rsquo;une autorisation unique en mati\u00e8re d&rsquo;installations class\u00e9es pour la protection de l&rsquo;environnement","author":"Enviroscop","date":"5 mai 2014","format":false,"excerpt":"Objet : exp\u00e9rimentation d'une autorisation unique en mati\u00e8re d'installations class\u00e9es pour la protection de l'environnement (ICPE) dans les r\u00e9gions Basse-Normandie, Bretagne, Champagne-Ardenne, Franche-Comt\u00e9, Midi-Pyr\u00e9n\u00e9es, Nord - Pas-de-Calais et Picardie. Entr\u00e9e en vigueur : le texte entre en vigueur le lendemain de sa publication, \u00e0 l'exception de la r\u00e9gion Bretagne, o\u00f9\u2026","rel":"","context":"Dans &quot;Eolien&quot;","block_context":{"text":"Eolien","link":"https:\/\/www.enviroscop.fr\/actu\/category\/energie\/renouvelable\/eolien\/"},"img":{"alt_text":"","src":"","width":0,"height":0},"classes":[]},{"id":1849,"url":"https:\/\/www.enviroscop.fr\/actu\/2014\/03\/autorisation-unique-pour-les-icpe\/","url_meta":{"origin":1031,"position":5},"title":"Autorisation unique pour les ICPE","author":"Enviroscop","date":"20 mars 2014","format":false,"excerpt":"Ce 19 mars, le Ministre de l'\u00e9cologie a pr\u00e9sent\u00e9 en Conseil des ministres l'ordonnance visant \u00e0 exp\u00e9rimenter (\u00e0 partir de d\u00e9but avril) l'autorisation unique pour les projets ICPE dont l'objectif est \u00a0de \"faciliter la vie des entreprises, en raccourcissant les d\u00e9lais d'instruction \u00e0 une dur\u00e9e moyenne de 10 mois et\u2026","rel":"","context":"Dans &quot;Energie&quot;","block_context":{"text":"Energie","link":"https:\/\/www.enviroscop.fr\/actu\/category\/energie\/"},"img":{"alt_text":"","src":"","width":0,"height":0},"classes":[]}],"jetpack_sharing_enabled":true,"_links":{"self":[{"href":"https:\/\/www.enviroscop.fr\/actu\/wp-json\/wp\/v2\/posts\/1031","targetHints":{"allow":["GET"]}}],"collection":[{"href":"https:\/\/www.enviroscop.fr\/actu\/wp-json\/wp\/v2\/posts"}],"about":[{"href":"https:\/\/www.enviroscop.fr\/actu\/wp-json\/wp\/v2\/types\/post"}],"author":[{"embeddable":true,"href":"https:\/\/www.enviroscop.fr\/actu\/wp-json\/wp\/v2\/users\/1"}],"replies":[{"embeddable":true,"href":"https:\/\/www.enviroscop.fr\/actu\/wp-json\/wp\/v2\/comments?post=1031"}],"version-history":[{"count":0,"href":"https:\/\/www.enviroscop.fr\/actu\/wp-json\/wp\/v2\/posts\/1031\/revisions"}],"wp:attachment":[{"href":"https:\/\/www.enviroscop.fr\/actu\/wp-json\/wp\/v2\/media?parent=1031"}],"wp:term":[{"taxonomy":"category","embeddable":true,"href":"https:\/\/www.enviroscop.fr\/actu\/wp-json\/wp\/v2\/categories?post=1031"},{"taxonomy":"post_tag","embeddable":true,"href":"https:\/\/www.enviroscop.fr\/actu\/wp-json\/wp\/v2\/tags?post=1031"}],"curies":[{"name":"wp","href":"https:\/\/api.w.org\/{rel}","templated":true}]}}