{"id":1035,"date":"2013-05-14T06:08:26","date_gmt":"2013-05-14T05:08:26","guid":{"rendered":"http:\/\/www.enviroscop.fr\/actu\/?p=1035"},"modified":"2013-05-14T06:08:26","modified_gmt":"2013-05-14T05:08:26","slug":"appel-a-manifestations-dinteret-energies-marines-renouvelables-demonstrateurs-et-briques-technologiques","status":"publish","type":"post","link":"https:\/\/www.enviroscop.fr\/actu\/2013\/05\/appel-a-manifestations-dinteret-energies-marines-renouvelables-demonstrateurs-et-briques-technologiques\/","title":{"rendered":"Appel \u00e0 Manifestations d&rsquo;Int\u00e9r\u00eat &#8211; \u00c9nergies marines renouvelables &#8211; D\u00e9monstrateurs et briques technologiques"},"content":{"rendered":"<p>Dans le cadre du Programme d\u2019Investissements d\u2019Avenir, les minist\u00e8res du D\u00e9veloppement durable et du Redressement productif, l&rsquo;ADEME et le Commissariat G\u00e9n\u00e9ral \u00e0 l&rsquo;Investissement annoncent le lancement d\u2019un Appel \u00e0 Manifestations d\u2019Int\u00e9r\u00eat AMI\u00a0\u00ab\u00a0\u00c9nergies marines renouvelables &#8211; D\u00e9monstrateurs et briques technologiques\u00a0\u00bb afin d\u2019accompagner des innovations permettant de consolider la fili\u00e8re \u00e9nergies marines renouvelables EMR. Le champ de l\u2019AMI couvre les briques technologiques d\u00e9di\u00e9es aux quatre fili\u00e8res\u00a0produisant de l\u2019\u00e9lectricit\u00e9 inject\u00e9e sur les r\u00e9seaux \u00e9lectriques continentaux ou insulaires : hydrolien marin, houlomoteur, \u00e9olien flottant\u00a0 et \u00e9nergie thermique des mers. La date limite de d\u00e9p\u00f4t des dossiers est le 31 octobre 2013.<\/p>\n<p><a href=\"http:\/\/www2.ademe.fr\/servlet\/getDoc?id=87857&amp;cid=96&amp;m=3&amp;p1=1\">Consulter l&rsquo;AMI \u00c9nergies renouvelables marines<\/a><\/p>\n<p>via&rsquo;<a href=\"http:\/\/www2.ademe.fr\/servlet\/KBaseShow?sort=-1&amp;cid=96&amp;m=3&amp;catid=16262#marines\">Toute l&rsquo;actu<\/a>.<\/p>\n","protected":false},"excerpt":{"rendered":"<p>Dans le cadre du Programme d\u2019Investissements d\u2019Avenir, les minist\u00e8res du D\u00e9veloppement durable et du Redressement productif, l&rsquo;ADEME et le Commissariat G\u00e9n\u00e9ral \u00e0 l&rsquo;Investissement annoncent le lancement d\u2019un Appel \u00e0 Manifestations d\u2019Int\u00e9r\u00eat AMI\u00a0\u00ab\u00a0\u00c9nergies marines renouvelables &#8211; D\u00e9monstrateurs et briques technologiques\u00a0\u00bb afin d\u2019accompagner des innovations permettant de consolider la fili\u00e8re \u00e9nergies marines renouvelables EMR. Le champ de &hellip; <\/p>\n<p><a class=\"more-link btn\" href=\"https:\/\/www.enviroscop.fr\/actu\/2013\/05\/appel-a-manifestations-dinteret-energies-marines-renouvelables-demonstrateurs-et-briques-technologiques\/\">Lire la suite<\/a><\/p>\n","protected":false},"author":1,"featured_media":0,"comment_status":"open","ping_status":"open","sticky":false,"template":"","format":"standard","meta":{"jetpack_post_was_ever_published":false,"_jetpack_newsletter_access":"","_jetpack_dont_email_post_to_subs":false,"_jetpack_newsletter_tier_id":0,"_jetpack_memberships_contains_paywalled_content":false,"_jetpack_memberships_contains_paid_content":false,"footnotes":"","jetpack_publicize_message":"","jetpack_publicize_feature_enabled":true,"jetpack_social_post_already_shared":true,"jetpack_social_options":{"image_generator_settings":{"template":"highway","default_image_id":0,"font":"","enabled":false},"version":2}},"categories":[2,7,72],"tags":[],"class_list":["post-1035","post","type-post","status-publish","format-standard","hentry","category-ademe","category-energie","category-marine","item-wrap"],"jetpack_publicize_connections":[],"jetpack_featured_media_url":"","jetpack_shortlink":"https:\/\/wp.me\/p3rXAp-gH","jetpack_likes_enabled":true,"jetpack-related-posts":[{"id":4784,"url":"https:\/\/www.enviroscop.fr\/actu\/2022\/05\/la-commission-veut-degager-le-chemin-des-energies-renouvelables-desormais-prioritaires\/","url_meta":{"origin":1035,"position":0},"title":"La Commission veut d\u00e9gager le chemin des \u00e9nergies renouvelables, d\u00e9sormais prioritaires","author":"Enviroscop","date":"31 mai 2022","format":false,"excerpt":"Dans une nouvelle recommandation visant \u00e0 acc\u00e9l\u00e9rer le d\u00e9ploiement des \u00e9nergies renouvelables, jug\u00e9 d\u2019int\u00e9r\u00eat public sup\u00e9rieur, la Commission europ\u00e9enne demande aux \u00c9tats membres de simplifier les proc\u00e9dures administratives, y compris environnementales, de coordonner les diff\u00e9rentes autorit\u00e9s, de renforcer les moyens de ces derni\u00e8res et de dresser la liste \u2013 la\u2026","rel":"","context":"Dans &quot;Energie&quot;","block_context":{"text":"Energie","link":"https:\/\/www.enviroscop.fr\/actu\/category\/energie\/"},"img":{"alt_text":"","src":"https:\/\/i0.wp.com\/www.enviroscop.fr\/actu\/wp-content\/uploads\/2022\/05\/IMG_20161205_083745_01-scaled.jpg?resize=350%2C200","width":350,"height":200,"srcset":"https:\/\/i0.wp.com\/www.enviroscop.fr\/actu\/wp-content\/uploads\/2022\/05\/IMG_20161205_083745_01-scaled.jpg?resize=350%2C200 1x, https:\/\/i0.wp.com\/www.enviroscop.fr\/actu\/wp-content\/uploads\/2022\/05\/IMG_20161205_083745_01-scaled.jpg?resize=525%2C300 1.5x, https:\/\/i0.wp.com\/www.enviroscop.fr\/actu\/wp-content\/uploads\/2022\/05\/IMG_20161205_083745_01-scaled.jpg?resize=700%2C400 2x, https:\/\/i0.wp.com\/www.enviroscop.fr\/actu\/wp-content\/uploads\/2022\/05\/IMG_20161205_083745_01-scaled.jpg?resize=1050%2C600 3x, https:\/\/i0.wp.com\/www.enviroscop.fr\/actu\/wp-content\/uploads\/2022\/05\/IMG_20161205_083745_01-scaled.jpg?resize=1400%2C800 4x"},"classes":[]},{"id":1004,"url":"https:\/\/www.enviroscop.fr\/actu\/2013\/05\/le-rapport-sur-les-energies-marines-renouvelables-disponible-en-ligne-vagues-enerzine-com\/","url_meta":{"origin":1035,"position":1},"title":"Le rapport sur les \u00e9nergies marines renouvelables disponible en ligne","author":"Enviroscop","date":"6 mai 2013","format":false,"excerpt":"A l'occasion du d\u00e9bat national sur la transition \u00e9nerg\u00e9tique qui s'est d\u00e9roul\u00e9 le 15 avril dernier, le rapport sur les perspectives de d\u00e9veloppement des \u00e9nergies marines renouvelables a \u00e9t\u00e9 rendu public. Ce rapport est le fruit d'une mission conjointe du Conseil G\u00e9n\u00e9ral de l'Environnement et du D\u00e9veloppement Durable et du\u2026","rel":"","context":"Dans &quot;Energie&quot;","block_context":{"text":"Energie","link":"https:\/\/www.enviroscop.fr\/actu\/category\/energie\/"},"img":{"alt_text":"","src":"https:\/\/i0.wp.com\/www.enerzine.com\/UserFiles\/Image\/breve15711a.jpg?resize=350%2C200","width":350,"height":200},"classes":[]},{"id":4621,"url":"https:\/\/www.enviroscop.fr\/actu\/2022\/01\/le-barometre-des-energies-renouvelables-electriques-en-france\/","url_meta":{"origin":1035,"position":2},"title":"Le Barom\u00e8tre des \u00e9nergies renouvelables \u00e9lectriques en France","author":"Enviroscop","date":"28 janvier 2022","format":false,"excerpt":"Observ'ER\u00a0pr\u00e9sente la onzi\u00e8me \u00e9dition du\u00a0Barom\u00e8tre des fili\u00e8res renouvelables \u00e9lectriques en France. L'ambition de ce travail est de r\u00e9unir en un seul outil un ensemble d'indicateurs \u00e9nerg\u00e9tiques, socio\u00e9conomiques et industriels qui, regroup\u00e9s et analys\u00e9s, pr\u00e9sentent une photographie hexagonale d\u00e9taill\u00e9e de toutes les technologies. Vous y retrouverez les \u00e9nergies renouvelables \u00e9lectriques les\u2026","rel":"","context":"Dans &quot;Biomasse&quot;","block_context":{"text":"Biomasse","link":"https:\/\/www.enviroscop.fr\/actu\/category\/energie\/renouvelable\/biomasse\/"},"img":{"alt_text":"","src":"","width":0,"height":0},"classes":[]},{"id":2915,"url":"https:\/\/www.enviroscop.fr\/actu\/2017\/11\/concilier-energies-renouvelables-biodiversite-nouvelle-note-de-lassociation-oree\/","url_meta":{"origin":1035,"position":3},"title":"Concilier \u00e9nergies renouvelables et biodiversit\u00e9, nouvelle note de l&rsquo;association Or\u00e9e","author":"Enviroscop","date":"8 novembre 2017","format":false,"excerpt":"Encourag\u00e9 par la lutte contre le changement climatique, le d\u00e9veloppement des \u00e9nergies durables suscite des enjeux majeurs pour la protection de la biodiversit\u00e9. La note r\u00e9alis\u00e9e par OR\u00c9E part du principe selon lequel la protection de la biodiversit\u00e9 et la transition \u00e9nerg\u00e9tique sont deux notions cl\u00e9s et interconnect\u00e9es. Bas\u00e9e sur\u2026","rel":"","context":"Dans &quot;Climat&quot;","block_context":{"text":"Climat","link":"https:\/\/www.enviroscop.fr\/actu\/category\/climat\/"},"img":{"alt_text":"","src":"https:\/\/i0.wp.com\/www.oree.org\/source\/imgs\/_2017_couv_cop23.jpg?resize=350%2C200","width":350,"height":200},"classes":[]},{"id":2407,"url":"https:\/\/www.enviroscop.fr\/actu\/2015\/07\/lappel-a-projets-anr-emr-2015-lance-france-energies-marines\/","url_meta":{"origin":1035,"position":4},"title":"L&rsquo;Appel \u00e0 Projets ANR EMR 2015 lanc\u00e9","author":"Enviroscop","date":"20 juillet 2015","format":false,"excerpt":"La signature de l\u2019accord entre l\u2019ANR et FEM permet l'ouverture de l'Appel \u00e0 Projets EMR 2015. Appel \u00e0 projets EMR de l\u2019ANR dans le cadre de l\u2019action \u00ab Instituts pour la Transition Energ\u00e9tique \u00bb Appel \u00e0 Projet lanc\u00e9 par l\u2019ANR en liaison avec FEM Soutenir le d\u00e9veloppement de la fili\u00e8re\u2026","rel":"","context":"Dans &quot;Energie&quot;","block_context":{"text":"Energie","link":"https:\/\/www.enviroscop.fr\/actu\/category\/energie\/"},"img":{"alt_text":"","src":"","width":0,"height":0},"classes":[]},{"id":4427,"url":"https:\/\/www.enviroscop.fr\/actu\/2021\/09\/les-energies-renouvelables-en-france-en-2020\/","url_meta":{"origin":1035,"position":5},"title":"Les \u00e9nergies renouvelables en France en 2020","author":"Enviroscop","date":"29 septembre 2021","format":false,"excerpt":"\u00a0 \u00a0 \u00a0 \u00a0 \u00a0 Part des \u00e9nergies renouvelables dans la consommation finale brute d'\u00e9nergie en France en 2020 : 19,1 % \u00c9volution des \u00e9nergies renouvelables de 1990 \u00e0 2020 en France m\u00e9tropolitaine : + 84 % R\u00e9partition de la consommation d'\u00e9nergie primaire issue de sources renouvelables en France en\u2026","rel":"","context":"Dans &quot;Air&quot;","block_context":{"text":"Air","link":"https:\/\/www.enviroscop.fr\/actu\/category\/compartiments\/air\/"},"img":{"alt_text":"","src":"https:\/\/i0.wp.com\/www.enviroscop.fr\/actu\/wp-content\/uploads\/2021\/09\/Capture-decran-2021-09-29-085434.jpg?resize=350%2C200","width":350,"height":200,"srcset":"https:\/\/i0.wp.com\/www.enviroscop.fr\/actu\/wp-content\/uploads\/2021\/09\/Capture-decran-2021-09-29-085434.jpg?resize=350%2C200 1x, https:\/\/i0.wp.com\/www.enviroscop.fr\/actu\/wp-content\/uploads\/2021\/09\/Capture-decran-2021-09-29-085434.jpg?resize=525%2C300 1.5x, https:\/\/i0.wp.com\/www.enviroscop.fr\/actu\/wp-content\/uploads\/2021\/09\/Capture-decran-2021-09-29-085434.jpg?resize=700%2C400 2x"},"classes":[]}],"jetpack_sharing_enabled":true,"_links":{"self":[{"href":"https:\/\/www.enviroscop.fr\/actu\/wp-json\/wp\/v2\/posts\/1035","targetHints":{"allow":["GET"]}}],"collection":[{"href":"https:\/\/www.enviroscop.fr\/actu\/wp-json\/wp\/v2\/posts"}],"about":[{"href":"https:\/\/www.enviroscop.fr\/actu\/wp-json\/wp\/v2\/types\/post"}],"author":[{"embeddable":true,"href":"https:\/\/www.enviroscop.fr\/actu\/wp-json\/wp\/v2\/users\/1"}],"replies":[{"embeddable":true,"href":"https:\/\/www.enviroscop.fr\/actu\/wp-json\/wp\/v2\/comments?post=1035"}],"version-history":[{"count":0,"href":"https:\/\/www.enviroscop.fr\/actu\/wp-json\/wp\/v2\/posts\/1035\/revisions"}],"wp:attachment":[{"href":"https:\/\/www.enviroscop.fr\/actu\/wp-json\/wp\/v2\/media?parent=1035"}],"wp:term":[{"taxonomy":"category","embeddable":true,"href":"https:\/\/www.enviroscop.fr\/actu\/wp-json\/wp\/v2\/categories?post=1035"},{"taxonomy":"post_tag","embeddable":true,"href":"https:\/\/www.enviroscop.fr\/actu\/wp-json\/wp\/v2\/tags?post=1035"}],"curies":[{"name":"wp","href":"https:\/\/api.w.org\/{rel}","templated":true}]}}