{"id":114,"date":"2012-05-04T05:35:00","date_gmt":"2012-05-04T05:35:00","guid":{"rendered":"http:\/\/actu.enviroscop.com\/evaluation-de-certains-plans-et-documents-aya"},"modified":"2012-05-04T05:35:00","modified_gmt":"2012-05-04T05:35:00","slug":"evaluation-de-certains-plans-et-documents-aya","status":"publish","type":"post","link":"https:\/\/www.enviroscop.fr\/actu\/2012\/05\/evaluation-de-certains-plans-et-documents-aya\/","title":{"rendered":"Evaluation de certains plans et documents ayant une incidence sur l&rsquo;environnement"},"content":{"rendered":"<p>Le d&eacute;cret n&deg; 2012-616 du 2 mai 2012 expose les relations entre les diff&eacute;rentes autorit&eacute;s administratives, le cadrage pr&eacute;alable et le rapport environnemental pour les plans et programmes, mais aussi pour la participation du public et ce, &agrave; partir du 1er janvier 2013.<\/p>\n<p>Pour lire le d&eacute;cret, <a href=\"http:\/\/www.legifrance.gouv.fr\/affichTexte.do?cidTexte=JORFTEXT000025794215&amp;dateTexte=&amp;categorieLien=id\" target=\"_blank\">c&rsquo;est ICI (L&eacute;gifrance)<\/a><\/p>\n","protected":false},"excerpt":{"rendered":"<p>Le d??cret n  2012-616 du 2 mai 2012 expose les relations entre les diff??rentes autorit??s administratives, le cadrage pr??alable et le rapport environnemental pour les plans et programmes, mais aussi pour la participation du public et ce,   pa&#8230;<\/p>\n","protected":false},"author":1,"featured_media":0,"comment_status":"open","ping_status":"open","sticky":false,"template":"","format":"standard","meta":{"jetpack_post_was_ever_published":false,"_jetpack_newsletter_access":"","_jetpack_dont_email_post_to_subs":false,"_jetpack_newsletter_tier_id":0,"_jetpack_memberships_contains_paywalled_content":false,"_jetpack_memberships_contains_paid_content":false,"footnotes":"","jetpack_publicize_message":"","jetpack_publicize_feature_enabled":true,"jetpack_social_post_already_shared":false,"jetpack_social_options":{"image_generator_settings":{"template":"highway","default_image_id":0,"font":"","enabled":false},"version":2}},"categories":[10,35],"tags":[],"class_list":["post-114","post","type-post","status-publish","format-standard","hentry","category-evaluation","category-juridique","item-wrap"],"jetpack_publicize_connections":[],"jetpack_featured_media_url":"","jetpack_shortlink":"https:\/\/wp.me\/p3rXAp-1Q","jetpack_likes_enabled":true,"jetpack-related-posts":[{"id":240,"url":"https:\/\/www.enviroscop.fr\/actu\/2011\/06\/evaluation-environnementale-les-parcs-nationa\/","url_meta":{"origin":114,"position":0},"title":"Evaluation environnementale : les parcs nationaux aussi&#8230;","author":"Enviroscop","date":"23 juin 2011","format":false,"excerpt":"Ce projet de d??cret compl??te la liste des plans et programmes soumis ? ??valuation environnementale. Les chartes des parcs nationaux deviennent le 19 ? plan\/programme soumis ? ??valuation (art. R. 122-17 du Code de l'environnement). De plus, l...","rel":"","context":"Dans &quot;biodiversit\u00e9&quot;","block_context":{"text":"biodiversit\u00e9","link":"https:\/\/www.enviroscop.fr\/actu\/category\/nature\/biodiversite\/"},"img":{"alt_text":"","src":"","width":0,"height":0},"classes":[]},{"id":4316,"url":"https:\/\/www.enviroscop.fr\/actu\/2021\/06\/decret-n-2021-837-du-29-juin-2021-portant-diverses-reformes-en-matiere-devaluation-environnementale-et-de-participation-du-public-dans-le-domaine-de-lenvironnement\/","url_meta":{"origin":114,"position":1},"title":"D\u00e9cret n\u00b0 2021-837 du 29 juin 2021 portant diverses r\u00e9formes en mati\u00e8re d&rsquo;\u00e9valuation environnementale et de participation du public dans le domaine de l&rsquo;environnement","author":"Enviroscop","date":"30 juin 2021","format":false,"excerpt":"Objet : r\u00e9forme des proc\u00e9dures d'\u00e9valuation environnementale et de participation du public du\u00a0code de l'environnement. Entr\u00e9e en vigueur : le texte entre en vigueur le 1er ao\u00fbt 2021. Les demandes d'autorisation d\u00e9pos\u00e9es avant cette date continuent de se voir appliquer les dispositions relatives \u00e0 la composition du dossier de demande\u2026","rel":"","context":"Dans &quot;Enqu\u00eate publique&quot;","block_context":{"text":"Enqu\u00eate publique","link":"https:\/\/www.enviroscop.fr\/actu\/category\/evaluation\/enquete-publique\/"},"img":{"alt_text":"","src":"https:\/\/i0.wp.com\/www.enviroscop.fr\/actu\/wp-content\/uploads\/2013\/05\/17141_une.jpg?resize=350%2C200","width":350,"height":200},"classes":[]},{"id":2645,"url":"https:\/\/www.enviroscop.fr\/actu\/2016\/08\/decret-n-2016-1110-du-11-aout-2016-relatif-a-la-modification-des-regles-applicables-a-levaluation-environnementale-des-projets-plans-programmes\/","url_meta":{"origin":114,"position":2},"title":"D\u00e9cret n\u00b0 2016-1110 du 11 ao\u00fbt 2016 relatif \u00e0 la modification des r\u00e8gles applicables \u00e0 l&rsquo;\u00e9valuation environnementale des projets, plans et programmes","author":"Enviroscop","date":"17 ao\u00fbt 2016","format":false,"excerpt":"Nouvelle\u00a0modification des r\u00e8gles applicables \u00e0 l'\u00e9valuation environnementale des projets, plans et programmes. Entr\u00e9e en vigueur : le texte entre en vigueur le lendemain de sa publication, \u00e0 l'exception des dispositions du nouvel article R. 122-12 qu'il cr\u00e9e, applicables \u00e0 compter du 1er janvier 2018. Notice : le d\u00e9cret modifie les\u2026","rel":"","context":"Dans &quot;Etude d'impact&quot;","block_context":{"text":"Etude d'impact","link":"https:\/\/www.enviroscop.fr\/actu\/category\/evaluation\/etude-dimpact\/"},"img":{"alt_text":"","src":"","width":0,"height":0},"classes":[]},{"id":121,"url":"https:\/\/www.enviroscop.fr\/actu\/2011\/06\/decret-pour-le-rapport-de-developpement-durab\/","url_meta":{"origin":114,"position":3},"title":"D??cret pour le rapport de D??veloppement Durable des collectivit??s > 50 000 habitants","author":"Enviroscop","date":"23 juin 2011","format":false,"excerpt":"Le d??cret du 17 juin 2011 pr??cise le contenu du rapport sur la situation en mati??re de d??veloppement durable dans les collectivit??s territoriales (art. D.2311-15, D.3311-8, D.4311-6 et D.4425-12 du Code g??n??ral des collectivit??s territoria...","rel":"","context":"Dans &quot;Juridique&quot;","block_context":{"text":"Juridique","link":"https:\/\/www.enviroscop.fr\/actu\/category\/juridique\/"},"img":{"alt_text":"","src":"","width":0,"height":0},"classes":[]},{"id":2598,"url":"https:\/\/www.enviroscop.fr\/actu\/2016\/04\/decret-n-2016-519-du-28-avril-2016-portant-reforme-de-lautorite-environnementale\/","url_meta":{"origin":114,"position":4},"title":"D\u00e9cret n\u00b0 2016-519 du 28 avril 2016 portant r\u00e9forme de l&rsquo;autorit\u00e9 environnementale","author":"Enviroscop","date":"29 avril 2016","format":false,"excerpt":"Objet : r\u00e9forme de l'autorit\u00e9 environnementale en mati\u00e8re d'\u00e9valuation environnementale. Entr\u00e9e en vigueur : le texte s'applique aux demandes d'avis et d'examen au cas par cas pr\u00e9sent\u00e9es \u00e0 l'autorit\u00e9 de l'Etat comp\u00e9tente en mati\u00e8re d'environnement \u00e0 compter du lendemain de sa publication. Notice : le d\u00e9cret pr\u00e9voit une r\u00e9forme de\u2026","rel":"","context":"Dans &quot;durable&quot;","block_context":{"text":"durable","link":"https:\/\/www.enviroscop.fr\/actu\/category\/durable\/"},"img":{"alt_text":"","src":"","width":0,"height":0},"classes":[]},{"id":1116,"url":"https:\/\/www.enviroscop.fr\/actu\/2013\/06\/le-profil-environnemental-regional-une-etude-enviroscop\/","url_meta":{"origin":114,"position":5},"title":"Le profil environnemental r\u00e9gional &#8211; une \u00e9tude Enviroscop","author":"Enviroscop","date":"6 juin 2013","format":false,"excerpt":"Les services de l\u2019\u00c9tat en r\u00e9gion Picardie ont lanc\u00e9 avec leurs partenaires la mise \u00e0 jour du profil environnemental r\u00e9gional (PER). En 2002, le profil environnemental de la r\u00e9gion pr\u00e9sentait le diagnostic environnemental \u00e9tabli en 1999 en distinguant 12 enjeux th\u00e9matiques et 5 enjeux transversaux compl\u00e9mentaires. Il visait \u00e0 pr\u00e9senter\u2026","rel":"","context":"Dans &quot;DREAL&quot;","block_context":{"text":"DREAL","link":"https:\/\/www.enviroscop.fr\/actu\/category\/source\/dreal\/"},"img":{"alt_text":"","src":"https:\/\/i0.wp.com\/www.enviroscop.fr\/actu\/wp-content\/uploads\/2013\/06\/arton1259-a169a.jpg?resize=350%2C200","width":350,"height":200},"classes":[]}],"jetpack_sharing_enabled":true,"_links":{"self":[{"href":"https:\/\/www.enviroscop.fr\/actu\/wp-json\/wp\/v2\/posts\/114","targetHints":{"allow":["GET"]}}],"collection":[{"href":"https:\/\/www.enviroscop.fr\/actu\/wp-json\/wp\/v2\/posts"}],"about":[{"href":"https:\/\/www.enviroscop.fr\/actu\/wp-json\/wp\/v2\/types\/post"}],"author":[{"embeddable":true,"href":"https:\/\/www.enviroscop.fr\/actu\/wp-json\/wp\/v2\/users\/1"}],"replies":[{"embeddable":true,"href":"https:\/\/www.enviroscop.fr\/actu\/wp-json\/wp\/v2\/comments?post=114"}],"version-history":[{"count":0,"href":"https:\/\/www.enviroscop.fr\/actu\/wp-json\/wp\/v2\/posts\/114\/revisions"}],"wp:attachment":[{"href":"https:\/\/www.enviroscop.fr\/actu\/wp-json\/wp\/v2\/media?parent=114"}],"wp:term":[{"taxonomy":"category","embeddable":true,"href":"https:\/\/www.enviroscop.fr\/actu\/wp-json\/wp\/v2\/categories?post=114"},{"taxonomy":"post_tag","embeddable":true,"href":"https:\/\/www.enviroscop.fr\/actu\/wp-json\/wp\/v2\/tags?post=114"}],"curies":[{"name":"wp","href":"https:\/\/api.w.org\/{rel}","templated":true}]}}