{"id":116,"date":"2010-11-29T06:06:00","date_gmt":"2010-11-29T06:06:00","guid":{"rendered":"http:\/\/actu.enviroscop.com\/eoliennes-le-passage-a-la-police-des-installa"},"modified":"2013-07-15T07:45:55","modified_gmt":"2013-07-15T06:45:55","slug":"eoliennes-le-passage-a-la-police-des-installa","status":"publish","type":"post","link":"https:\/\/www.enviroscop.fr\/actu\/2010\/11\/eoliennes-le-passage-a-la-police-des-installa\/","title":{"rendered":"Eoliennes : le passage \u00e0 la police des installations class\u00e9es (ICPE)"},"content":{"rendered":"<p>Si vous ne connaissez pas d\u00e9j\u00e0 l&rsquo;excellent blog d&rsquo;Arnaud Gossement, voici le dernier article paru :<\/p>\n<p>C&rsquo;est un peu long, mais complet<\/p>\n<p>A la suite d&rsquo;une intense pol\u00e9mique et aux termes de l&rsquo;article 90 de la loi \u00ab\u00a0Grenelle 2\u00a0\u00bb du 12 juillet 2010 portant engagement national pour l&rsquo;environnement, la cr\u00e9ation d&rsquo;un parc \u00e9olien est d\u00e9sormais soumise \u00e0 l&rsquo;obtention d&rsquo;une autorisation ICPE. Retour sur les conditions d&rsquo;entr\u00e9e en vigueur de cette nouvelle proc\u00e9dure et sur ses cons\u00e9quences pour le montage des projets en cours.<\/p>\n<p><!--more--><\/p>\n<p style=\"text-align: justify;\">La premi\u00e8re question qui se pose est bien entendu celle de savoir \u00e0 quelle date les \u00e9oliennes seront d\u00e9finitivement soumises au respect des r\u00e8gles de la police des installatios class\u00e9es. Le droit n&rsquo;apporte pas de r\u00e9ponse simple \u00e0 cette question puisque le nouvel article L.553-1 du code de l&rsquo;environnement, dans sa r\u00e9daction issue des dispositions de l&rsquo;article 90 de\u00a0la loi du 12 juillet 2001 est d&rsquo;une lecture assez peu ais\u00e9e.<\/p>\n<p style=\"text-align: justify;\"><strong>Le principe <\/strong>est celui selon lequel les projets d&rsquo;\u00e9oliennes qui auront fait l&rsquo;objet, 1\u00b0 d&rsquo;une \u00e9tude d&rsquo;impact, 2\u00b0 d&rsquo;une enqu\u00eate publique et 3\u00b0 d&rsquo;une d\u00e9livrance de permis de construire avant entr\u00e9e en vigueur de la loi du 12 juillet 2010, \u00ab\u00a0<em>peuvent \u00eatre mises en service et exploit\u00e9es dans le respect des prescriptions qui leur \u00e9taient applicables ant\u00e9rieurement \u00e0 la date de leur classement<\/em>\u00ab\u00a0<\/p>\n<p style=\"text-align: justify;\">Apr\u00e9s entr\u00e9e en vigueur de la loi du 12 juillet 2010, ces m\u00eames installations, qui auront \u00e9t\u00e9 mises en service au titre de l&rsquo;ancienne police des \u00e9oliennes, seront alors soumises \u00e0 la police ICPE, comme le pr\u00e9cise l&rsquo;article L.553-1 du code de l&rsquo;environnement : \u00ab<em> Les installations vis\u00e9es au premier alin\u00e9a sont, \u00e0 cette date, soumises au titre Ier du pr\u00e9sent livre et \u00e0 ses textes d&rsquo;application<\/em>\u00ab\u00a0.<\/p>\n<p style=\"text-align: justify;\"><strong>Obligation de notification.<\/strong> Leur exploitant devra se faire conna\u00eetre de l&rsquo;administration\u00a0:<\/p>\n<p style=\"padding-left: 30px; text-align: justify;\">\u00ab <em>L&rsquo;exploitant de ces installations doit se faire conna\u00eetre du pr\u00e9fet dans l&rsquo;ann\u00e9e suivant la publication du d\u00e9cret portant modification de la nomenclature des installations class\u00e9es. Les renseignements que l&rsquo;exploitant doit transmettre au pr\u00e9fet ainsi que les mesures que celui-ci peut imposer afin de sauvegarder les int\u00e9r\u00eats mentionn\u00e9s \u00e0 l&rsquo;article L. 511-1 sont pr\u00e9cis\u00e9s par d\u00e9cret en Conseil d&rsquo;Etat\u00a0\u00bb <\/em>(cf. art.\u00a0L.553-1 du code de l&rsquo;environnement).<\/p>\n<p style=\"text-align: justify;\"><strong>Sort des projets \u00e9oliens avant la date d&rsquo;entr\u00e9e en vigueur du d\u00e9cret de classement ICPE. <\/strong>Le l\u00e9gislateur n&rsquo;a pas souhait\u00e9 opposer les r\u00e8gles de la police des ICPE aux projets en cours d&rsquo;instruction \u00e0 la date d&rsquo;entr\u00e9e en vigueur de la loi du 12 juillet 2010. Cette\u00a0date\u00a0n&rsquo;est donc pas la seule \u00e0 prendre en compte. L&rsquo;article 90 de cette m\u00eame loi fait \u00e9tat de la p\u00e9riode transitoire entre l&rsquo;entr\u00e9e en vigueur de la loi et celle du d\u00e9cret qui classera les \u00e9oliennes dans la nomenclature des installations class\u00e9es. En cons\u00e9quence,\u00a0l&rsquo;article L.553-1 du code de l&rsquo;environnement pr\u00e9cise d\u00e9sormais :<\/p>\n<p style=\"padding-left: 30px; text-align: justify;\">\u00ab <em>Les demandes d\u00e9pos\u00e9es pour des installations avant leur classement au titre de l&rsquo;article L. 511-2 et pour lesquelles l&rsquo;arr\u00eat\u00e9 d&rsquo;ouverture d&rsquo;enqu\u00eate publique a \u00e9t\u00e9 pris sont instruites selon les dispositions qui leur \u00e9taient ant\u00e9rieurement applicables. Au terme de ces proc\u00e9dures, les installations concern\u00e9es sont soumises au titre Ier du pr\u00e9sent livre et \u00e0 ses textes d&rsquo;application<\/em>\u00ab\u00a0.<\/p>\n<p style=\"text-align: justify;\">Partant, les projets pour lesquels l&rsquo;arr\u00eat\u00e9 d&rsquo;ouverture d&rsquo;enqu\u00eate publique aura \u00e9t\u00e9 \u00ab\u00a0pris\u00a0\u00bb avant entr\u00e9e en vigueur du d\u00e9cret de classement des \u00e9oliennes au titre de la police des ICPE, seront instruits conform\u00e9ment aux r\u00e8gles de l&rsquo;ancienne police sp\u00e9ciale des \u00e9oliennes. Le classement ICPE des a\u00e9rog\u00e9n\u00e9rateurs\u00a0suppose en effet l&rsquo;intervention d&rsquo;un tel d\u00e9cret de classement en nomenclature puis d&rsquo;un arr\u00eat\u00e9 qui comportera les prescriptions g\u00e9n\u00e9rales applicables aux \u00e9oliennes ICPE.<\/p>\n<p style=\"text-align: justify;\"><strong>Les \u00e9oliennes : des ICPE soumises \u00e0 autorisation.<\/strong> Lors des n\u00e9gociations pr\u00e9alables au vote de la loi Grenelle 2, il a souvent \u00e9t\u00e9 promis que les \u00e9oliennes seraient certes soumises \u00e0 la police des ICPE mais, en contrepartie, au r\u00e9gime de l&rsquo;enregistrement ou m\u00eame de la d\u00e9claration. Cette promesse n&rsquo;a pas \u00e9t\u00e9 tenue et les \u00e9oliennes de plus de 50 m\u00e8tres sont soumises pour leur exploitation \u00e0 la d\u00e9livrance pr\u00e9alable d&rsquo;une autorisation au titre de la police ICPE. Cela, paradoxalement, \u00e0 un moment o\u00f9 au contraire le pouvoir r\u00e9glementaire tend \u00e0 faire descendre nombre d&rsquo;installations class\u00e9es du r\u00e9gime de l&rsquo;autorisation \u00e0 celui de l&rsquo;enregistrement.<\/p>\n<p style=\"text-align: justify;\"><strong>Les d\u00e9rogations \u00e0 la police des ICPE.<\/strong> Si les \u00e9oliennes sont d\u00e9sormais soumises au respect des r\u00e8gles de la police des ICPE, elles font cependant l&rsquo;objet de d\u00e9rogations, ce qui a pour cons\u00e9quence de les soumettre \u00e0 deux corps de r\u00e8gles et \u00e0 compliquer l&rsquo;ensemble de leur r\u00e9gime juridique.<\/p>\n<ul>\n<li>\n<div style=\"text-align: justify;\"><strong>Responsabilit\u00e9 des soci\u00e9t\u00e9s m\u00e8res<\/strong>. L&rsquo;article L.553-3 du code de l&rsquo;environnement\u00a0dispose : \u00ab\u00a0<em>L&rsquo;exploitant d&rsquo;une installation produisant de l&rsquo;\u00e9lectricit\u00e9 \u00e0 partir de l&rsquo;\u00e9nergie m\u00e9canique du vent ou, en cas de d\u00e9faillance, la soci\u00e9t\u00e9 m\u00e8re est responsable de son d\u00e9mant\u00e8lement et de la remise en \u00e9tat du site, d\u00e8s qu&rsquo;il est mis fin \u00e0 l&rsquo;exploitation, quel que soit le motif de la cessation de l&rsquo;activit\u00e9\u00a0\u00bb<\/em>.<\/div>\n<\/li>\n<li>\n<div style=\"text-align: justify;\"><strong>Constitution des garanties financi\u00e8res en d\u00e9but de production<\/strong>\u00a0: L&rsquo;article L.553-3 du code de l&rsquo;environnement\u00a0dispose :\u00a0\u00bb<em>D\u00e8s le d\u00e9but de la production, puis au titre des exercices comptables suivants, l&rsquo;exploitant ou la soci\u00e9t\u00e9 propri\u00e9taire constitue les garanties financi\u00e8res n\u00e9cessaires<\/em>.\u00a0\u00bb<\/div>\n<\/li>\n<li>\n<div style=\"text-align: justify;\"><strong>Proc\u00e9dure de consignation :<\/strong>\u00a0L&rsquo;article L.553-3 du code de l&rsquo;environnement\u00a0dispose :\u00a0\u00bb<em>Pour les installations produisant de l&rsquo;\u00e9lectricit\u00e9 \u00e0 partir de l&rsquo;\u00e9nergie m\u00e9canique du vent, class\u00e9es au titre de l&rsquo;article L. 511-2, les manquements aux obligations de garanties financi\u00e8res donnent lieu \u00e0 l&rsquo;application de la proc\u00e9dure de consignation pr\u00e9vue \u00e0 l&rsquo;article L. 514-1, ind\u00e9pendamment des poursuites p\u00e9nales qui peuvent \u00eatre exerc\u00e9es<\/em>.<\/div>\n<\/li>\n<li>\n<div style=\"text-align: justify;\"><strong>Remise en \u00e9tat et d\u00e9mant\u00e8lement :<\/strong> L&rsquo;article L.553-3<br \/>\ndu code de l&rsquo;environnement\u00a0dispose :\u00a0\u00bb<em>Un d\u00e9cret en Conseil d&rsquo;Etat d\u00e9termine, <span style=\"text-decoration: underline;\">avant le 31 d\u00e9cembre 2010<\/span>, les prescriptions g\u00e9n\u00e9rales r\u00e9gissant les op\u00e9rations de d\u00e9mant\u00e8lement et de remise en \u00e9tat d&rsquo;un site ainsi que les conditions de constitution et de mobilisation des garanties financi\u00e8res mentionn\u00e9es au premier alin\u00e9a du pr\u00e9sent article. Il d\u00e9termine \u00e9galement les conditions de constatation par le pr\u00e9fet de d\u00e9partement de la carence d&rsquo;un exploitant ou d&rsquo;une soci\u00e9t\u00e9 propri\u00e9taire pour conduire ces op\u00e9rations et les formes dans lesquelles s&rsquo;exerce dans cette situation l&rsquo;appel aux garanties financi\u00e8res.<\/em> \u00bb<\/div>\n<\/li>\n<li>\n<div style=\"text-align: justify;\"><strong>D\u00e9lais de recours<\/strong>\u00a0L&rsquo;article L. 553-4 du code de l&rsquo;environnement pr\u00e9cise que les autorisations ICPE d&rsquo;\u00e9oliennes peuvent \u00eatre d\u00e9f\u00e9r\u00e9es \u00e0 la censure du Juge administratif :<\/div>\n<ul>\n<li>\n<div style=\"text-align: justify;\">1\u00b0 Par les demandeurs ou exploitants, dans un d\u00e9lai de <span style=\"text-decoration: underline;\">deux mois<\/span> \u00e0 compter du jour o\u00f9 ces autorisations leur ont \u00e9t\u00e9 notifi\u00e9es ;<\/div>\n<\/li>\n<li>\n<div style=\"text-align: justify;\">2\u00b0 Par les tiers,\u00a0dans un d\u00e9lai de <span style=\"text-decoration: underline;\">six mois<\/span> \u00e0 compter de la publication ou de l&rsquo;affichage desdites autorisations.<\/div>\n<\/li>\n<\/ul>\n<\/li>\n<li>\n<div style=\"text-align: justify;\"><strong>Opposabilit\u00e9 des documents locaux d&rsquo;urbanisme :<\/strong> D\u00e9sormais : \u00ab\u00a0<em>Les dispositions d&rsquo;un plan local d&rsquo;urbanisme ou d&rsquo;un document d&rsquo;urbanisme en tenant lieu relatives aux installations class\u00e9es, approuv\u00e9es avant la date d&rsquo;entr\u00e9e en vigueur de la pr\u00e9sente loi, ne sont pas applicables aux installations de production d&rsquo;\u00e9lectricit\u00e9 utilisant l&rsquo;\u00e9nergie m\u00e9canique du vent<\/em>\u00ab\u00a0. En sens contraire, il s&rsquo;agit aussi, pour le l\u00e9gislateur, d&rsquo;une mani\u00e8re d&rsquo;indiquer que les dispositions des PLU relatives aux ICPE, approuv\u00e9es apr\u00e9s la date d&rsquo;entr\u00e9e en vigueur de la loi du 12 juillet 2010\u00a0pourront encadrer pour ne pas dire limiter l&rsquo;implantation d&rsquo;\u00e9oliennes..<\/div>\n<\/li>\n<\/ul>\n<p style=\"text-align: justify;\">Il ne s&rsquo;agit l\u00e0 que dune partie des nouvelles contraintes mises \u00e0 la charge des exploitants de projets de parcs \u00e9oliens. Il\u00a0conviendrait \u00e9galement de traiter des Sch\u00e9mas r\u00e9gionaux climat, air, \u00e9nergie, des nouvelles conditions d&rsquo;\u00e9laboration des Zones de d\u00e9veloppement de\u00a0l&rsquo;\u00e9olien, du nombre minimal de m\u00e2ts, etc&#8230;<\/p>\n<p style=\"text-align: justify;\"><strong>Ce classement ICPE des\u00a0installations\u00a0emporte plusieurs cons\u00e9quences. <\/strong><strong>En premier lieu, il accro\u00eet sensiblement le risque contentieux<\/strong>.<\/p>\n<ul>\n<li>\n<div style=\"text-align: justify;\">Tout d&rsquo;abord,\u00a0l&rsquo;exploitant d&rsquo;un parc \u00e9olien devra solliciter une autorisation ICPE qui vient s&rsquo;ajouter au permis de construire. En cons\u00e9quence, une recours suppl\u00e9mentaire est possible : celui contre l&rsquo;autorisation ICPE.<\/div>\n<\/li>\n<li>\n<div style=\"text-align: justify;\">En outre, le contentieux ICPE \u00e9tant d\u00e9sormais ancien et tr\u00e9s dense, <span style=\"text-decoration: underline;\">il est absolument indispensable que les acteurs de l&rsquo;\u00e9olien prennent connaissance tr\u00e9s rapidement des exigences et caract\u00e9ristiques de cette jurisprudence<\/span> pour anticiper les risques contentieux les concernant.<\/div>\n<\/li>\n<li>\n<div style=\"text-align: justify;\">Enfin, il faut avoir pr\u00e9sent \u00e0 l&rsquo;esprit que nombre d&rsquo;associations dispose d&rsquo;une exp\u00e9rience et d&rsquo;une comp\u00e9tence certaine en mati\u00e8re de contentieux ICPE. L&rsquo;anciennet\u00e9 et la densit\u00e9 de cette jurisprudence offrira des \u00ab\u00a0points de prise\u00a0\u00bb potentiellement plus nombreux aux requ\u00e9rants. D&rsquo;o\u00f9 l&rsquo;importance d&rsquo;audits juridiques pr\u00e9alables.<\/div>\n<\/li>\n<\/ul>\n<p style=\"text-align: justify;\"><strong>En second lieu, le classement ICPE obligera les porteurs de projets \u00e0 conduire diff\u00e9remment les proc\u00e9dures d&rsquo;autorisations<\/strong>.<\/p>\n<ul>\n<li>\n<div style=\"text-align: justify;\">Il conviendra tout d&rsquo;abord de penser l&rsquo;articulation des proc\u00e9dures : r\u00e9vision du POS, cr\u00e9ation de la ZDE, permis de construire, autorisation ICPE&#8230;<\/div>\n<\/li>\n<li>\n<div style=\"text-align: justify;\">Il convient \u00e9galement de se pr\u00e9parer aux exigences sp\u00e9cifiques de la police des ICPE, tant pour la composition du dossier de demande d&rsquo;autorisation d&rsquo;exploiter (\u00e9tude de danger..)\u00a0que pour les \u00e9tapes de la proc\u00e9dure elle-m\u00eame comme la consultation du CODERST, par exemple.<\/div>\n<\/li>\n<\/ul>\n<p style=\"text-align: justify;\">Le classement ICPE des \u00e9oliennes induit donc un bouleversement important dans la mani\u00e8re de concevoir et d&rsquo;\u00e9laborer un projet\u00a0\u00e9olien. De la part des juristes cela suppose parfois d&rsquo;aller des\u00a0berges du droit de l&rsquo;\u00e9nergie \u00e0 celles de la police des ICPE. Pour\u00a0tous, cela suppose, d\u00e9s maintenant,\u00a0de\u00a0r\u00e9fl\u00e9chir \u00e0\u00a0la mani\u00e8re dont ce classement ICPE s&rsquo;appliquera,\u00a0aux difficult\u00e9s qu&rsquo;il conviendra de pr\u00e9venir.<\/p>\n","protected":false},"excerpt":{"rendered":"<p>Si vous ne connaissez pas d??j  l&rsquo;excellent blog d&rsquo;Arnaud Gossement, voici le dernier article paru : C&rsquo;est un peu long, mais complet A la suite d&rsquo;une intense pol??mique et aux termes de l&rsquo;article 90 de la loi \u00ab\u00a0Grenelle 2\u00a0\u00bb du 12 juillet 2010 porta&#8230;<\/p>\n","protected":false},"author":1,"featured_media":0,"comment_status":"open","ping_status":"open","sticky":false,"template":"","format":"standard","meta":{"jetpack_post_was_ever_published":false,"_jetpack_newsletter_access":"","_jetpack_dont_email_post_to_subs":false,"_jetpack_newsletter_tier_id":0,"_jetpack_memberships_contains_paywalled_content":false,"_jetpack_memberships_contains_paid_content":false,"footnotes":"","jetpack_publicize_message":"","jetpack_publicize_feature_enabled":true,"jetpack_social_post_already_shared":false,"jetpack_social_options":{"image_generator_settings":{"template":"highway","default_image_id":0,"font":"","enabled":false},"version":2}},"categories":[8,32,35],"tags":[],"class_list":["post-116","post","type-post","status-publish","format-standard","hentry","category-eolien","category-icpe","category-juridique","item-wrap"],"jetpack_publicize_connections":[],"jetpack_featured_media_url":"","jetpack_shortlink":"https:\/\/wp.me\/p3rXAp-1S","jetpack_likes_enabled":true,"jetpack-related-posts":[{"id":4552,"url":"https:\/\/www.enviroscop.fr\/actu\/2021\/12\/acoustique-et-eolien-nouvel-arrete\/","url_meta":{"origin":116,"position":0},"title":"Acoustique et \u00e9olien : nouvel arr\u00eat\u00e9","author":"Enviroscop","date":"21 d\u00e9cembre 2021","format":false,"excerpt":"Arr\u00eat\u00e9s du 19 d\u00e9cembre 2021 apportant de multiples modifications \u00e0 l'arr\u00eat\u00e9 du 26 ao\u00fbt 2011 relatif aux installations \u00e9oliennes class\u00e9es pour la protection de l'environnement (ICPE). Le premier arr\u00eat\u00e9 supprime, dans ses articles 14 et 15, les niveaux de tol\u00e9rance des \u00e9missions sonores admis jusqu'\u00e0 pr\u00e9sent. La r\u00e9glementation pr\u00e9voyait pr\u00e9c\u00e9demment\u2026","rel":"","context":"Dans &quot;Arr\u00eat\u00e9&quot;","block_context":{"text":"Arr\u00eat\u00e9","link":"https:\/\/www.enviroscop.fr\/actu\/category\/juridique\/arrete\/"},"img":{"alt_text":"","src":"https:\/\/i0.wp.com\/www.enviroscop.fr\/actu\/wp-content\/uploads\/2013\/03\/Evaluation.png?resize=350%2C200","width":350,"height":200},"classes":[]},{"id":1918,"url":"https:\/\/www.enviroscop.fr\/actu\/2014\/05\/decret-n-2014-450-du-2-mai-2014-relatif-a-lexperimentation-dune-autorisation-unique-en-matiere-dinstallations-classees-pour-la-protection-de-lenvironnement\/","url_meta":{"origin":116,"position":1},"title":"D\u00e9cret n\u00b0 2014-450 du 2 mai 2014 relatif \u00e0 l&rsquo;exp\u00e9rimentation d&rsquo;une autorisation unique en mati\u00e8re d&rsquo;installations class\u00e9es pour la protection de l&rsquo;environnement","author":"Enviroscop","date":"5 mai 2014","format":false,"excerpt":"Objet : exp\u00e9rimentation d'une autorisation unique en mati\u00e8re d'installations class\u00e9es pour la protection de l'environnement (ICPE) dans les r\u00e9gions Basse-Normandie, Bretagne, Champagne-Ardenne, Franche-Comt\u00e9, Midi-Pyr\u00e9n\u00e9es, Nord - Pas-de-Calais et Picardie. Entr\u00e9e en vigueur : le texte entre en vigueur le lendemain de sa publication, \u00e0 l'exception de la r\u00e9gion Bretagne, o\u00f9\u2026","rel":"","context":"Dans &quot;Eolien&quot;","block_context":{"text":"Eolien","link":"https:\/\/www.enviroscop.fr\/actu\/category\/energie\/renouvelable\/eolien\/"},"img":{"alt_text":"","src":"","width":0,"height":0},"classes":[]},{"id":183,"url":"https:\/\/www.enviroscop.fr\/actu\/2011\/03\/eoliennes-et-icpe-analyse-darnaud-gossement\/","url_meta":{"origin":116,"position":2},"title":"Eoliennes et ICPE, analyse d&rsquo;Arnaud Gossement","author":"Enviroscop","date":"24 mars 2011","format":false,"excerpt":"Nous vous conseillons la lecture de son article sur le classement des ??oliennes dans cette rubrique.","rel":"","context":"Dans &quot;Eolien&quot;","block_context":{"text":"Eolien","link":"https:\/\/www.enviroscop.fr\/actu\/category\/energie\/renouvelable\/eolien\/"},"img":{"alt_text":"","src":"","width":0,"height":0},"classes":[]},{"id":234,"url":"https:\/\/www.enviroscop.fr\/actu\/2011\/06\/eoliennes-et-icpe-la-suite\/","url_meta":{"origin":116,"position":3},"title":"Eoliennes et ICPE, la suite","author":"Enviroscop","date":"23 juin 2011","format":false,"excerpt":"Vous trouverez,sur le site d'Arnaud Gossement, la derni??re version des textes pour le classement ICPE des ??oliennes. Ils ont beaucoup chang??, notamment par supression des ??l??ments concernant les oiseaux et les haies... Bonne lecture !","rel":"","context":"Dans &quot;Eolien&quot;","block_context":{"text":"Eolien","link":"https:\/\/www.enviroscop.fr\/actu\/category\/energie\/renouvelable\/eolien\/"},"img":{"alt_text":"","src":"","width":0,"height":0},"classes":[]},{"id":265,"url":"https:\/\/www.enviroscop.fr\/actu\/2011\/08\/parution-du-decret-classant-les-eoliennes-com\/","url_meta":{"origin":116,"position":4},"title":"Parution du d??cret classant les ??oliennes comme ICPE","author":"Enviroscop","date":"25 ao\u00fbt 2011","format":false,"excerpt":"Une nouvelle rubrique est cr????e : n 2980 intitul??e \"Installation terrestre de production d'??lectricit?? partir de l'??nergie m??canique du vent et regroupant un ou plusieurs a??rog??n??rateurs\" Entr??e en vigueur : le texte entre en vigue...","rel":"","context":"Dans &quot;Eolien&quot;","block_context":{"text":"Eolien","link":"https:\/\/www.enviroscop.fr\/actu\/category\/energie\/renouvelable\/eolien\/"},"img":{"alt_text":"","src":"","width":0,"height":0},"classes":[]},{"id":236,"url":"https:\/\/www.enviroscop.fr\/actu\/2012\/02\/procedure-icpe-et-eolien-suppression-du-coder\/","url_meta":{"origin":116,"position":5},"title":"Proc\u00e9dure ICPE et \u00e9olien : suppression du CODERST","author":"Enviroscop","date":"10 f\u00e9vrier 2012","format":false,"excerpt":"Apr??s le passage des ??oliennes en ICPE, on revient en arri??re et le passage devant le CODERST est remplac?? par la CDNPS... Art. R. 553-9. - Pour les installations relevant du pr??sent titre et pour l'application du titre Ier du livre V, la c...","rel":"","context":"Dans &quot;Eolien&quot;","block_context":{"text":"Eolien","link":"https:\/\/www.enviroscop.fr\/actu\/category\/energie\/renouvelable\/eolien\/"},"img":{"alt_text":"","src":"","width":0,"height":0},"classes":[]}],"jetpack_sharing_enabled":true,"_links":{"self":[{"href":"https:\/\/www.enviroscop.fr\/actu\/wp-json\/wp\/v2\/posts\/116","targetHints":{"allow":["GET"]}}],"collection":[{"href":"https:\/\/www.enviroscop.fr\/actu\/wp-json\/wp\/v2\/posts"}],"about":[{"href":"https:\/\/www.enviroscop.fr\/actu\/wp-json\/wp\/v2\/types\/post"}],"author":[{"embeddable":true,"href":"https:\/\/www.enviroscop.fr\/actu\/wp-json\/wp\/v2\/users\/1"}],"replies":[{"embeddable":true,"href":"https:\/\/www.enviroscop.fr\/actu\/wp-json\/wp\/v2\/comments?post=116"}],"version-history":[{"count":0,"href":"https:\/\/www.enviroscop.fr\/actu\/wp-json\/wp\/v2\/posts\/116\/revisions"}],"wp:attachment":[{"href":"https:\/\/www.enviroscop.fr\/actu\/wp-json\/wp\/v2\/media?parent=116"}],"wp:term":[{"taxonomy":"category","embeddable":true,"href":"https:\/\/www.enviroscop.fr\/actu\/wp-json\/wp\/v2\/categories?post=116"},{"taxonomy":"post_tag","embeddable":true,"href":"https:\/\/www.enviroscop.fr\/actu\/wp-json\/wp\/v2\/tags?post=116"}],"curies":[{"name":"wp","href":"https:\/\/api.w.org\/{rel}","templated":true}]}}