{"id":1206,"date":"2013-06-26T13:01:20","date_gmt":"2013-06-26T12:01:20","guid":{"rendered":"http:\/\/www.enviroscop.fr\/actu\/?p=1206"},"modified":"2013-06-26T13:04:10","modified_gmt":"2013-06-26T12:04:10","slug":"chiffres-cles-des-energies-renouvelables-premiere-edition","status":"publish","type":"post","link":"https:\/\/www.enviroscop.fr\/actu\/2013\/06\/chiffres-cles-des-energies-renouvelables-premiere-edition\/","title":{"rendered":"Chiffres cl\u00e9s des \u00e9nergies renouvelables : premi\u00e8re \u00e9dition"},"content":{"rendered":"<p><img data-recalc-dims=\"1\" loading=\"lazy\" decoding=\"async\" class=\"alignleft\" alt=\"\" src=\"https:\/\/i0.wp.com\/www.developpement-durable.gouv.fr\/IMG\/arton33144.jpg?resize=150%2C214\" width=\"150\" height=\"214\" \/>Le CGDD, par l&rsquo;interm\u00e9diaire du SOes (Service de l&rsquo;observation et des statistiques) produit un document de synth\u00e8se (tout publics) sur les \u00e9nergies renouvelables.<\/p>\n<p>Structur\u00e9 en 4 parties, il permet \u00a0:<\/p>\n<ul>\n<li>de montrer la place des \u00e9nergies renouvelables dans le bouquet \u00e9nerg\u00e9tique national,<\/li>\n<li>de pr\u00e9senter les diff\u00e9rentes fili\u00e8res des \u00e9nergies renouvelables,<\/li>\n<li>de mesurer la trajectoire de la France vers sa cible d&rsquo;ici 2020<\/li>\n<li>de situer notre pays par rapport \u00e0 ses voisins europ\u00e9ens et au reste du monde.<\/li>\n<\/ul>\n<p>Cette premi\u00e8re \u00e9dition des \u00ab Chiffres cl\u00e9s des \u00e9nergies renouvelables \u00bb s&rsquo;inscrit dans le contexte du d\u00e9bat national sur la transition \u00e9nerg\u00e9tique qui se d\u00e9roule dans toute la France jusqu&rsquo;\u00e0 juillet 2013 et doit aboutir \u00e0 un projet de loi de programmation \u00e0 l&rsquo;automne. Elle fera l&rsquo;objet d&rsquo;une mise \u00e0 jour annuelle.<\/p>\n<p>Pour le lire, <a href=\"http:\/\/www.bati-journal.com\/Redirection?publication=bj&amp;url=www.developpement-durable.gouv.fr\/IMG\/pdf\/Rep_-_chiffres_cles_energies.pdf&amp;codepup=65680279\" target=\"_blank\">c&rsquo;est ICI<\/a><\/p>\n","protected":false},"excerpt":{"rendered":"<p>Le CGDD, par l&rsquo;interm\u00e9diaire du SOes (Service de l&rsquo;observation et des statistiques) produit un document de synth\u00e8se (tout publics) sur les \u00e9nergies renouvelables. Structur\u00e9 en 4 parties, il permet \u00a0: de montrer la place des \u00e9nergies renouvelables dans le bouquet \u00e9nerg\u00e9tique national, de pr\u00e9senter les diff\u00e9rentes fili\u00e8res des \u00e9nergies renouvelables, de mesurer la trajectoire de &hellip; <\/p>\n<p><a class=\"more-link btn\" href=\"https:\/\/www.enviroscop.fr\/actu\/2013\/06\/chiffres-cles-des-energies-renouvelables-premiere-edition\/\">Lire la suite<\/a><\/p>\n","protected":false},"author":1,"featured_media":0,"comment_status":"open","ping_status":"open","sticky":false,"template":"","format":"standard","meta":{"jetpack_post_was_ever_published":false,"_jetpack_newsletter_access":"","_jetpack_dont_email_post_to_subs":false,"_jetpack_newsletter_tier_id":0,"_jetpack_memberships_contains_paywalled_content":false,"_jetpack_memberships_contains_paid_content":false,"footnotes":"","jetpack_publicize_message":"","jetpack_publicize_feature_enabled":true,"jetpack_social_post_already_shared":true,"jetpack_social_options":{"image_generator_settings":{"template":"highway","default_image_id":0,"font":"","enabled":false},"version":2}},"categories":[12,7,8,68,30,72,38,43],"tags":[],"class_list":["post-1206","post","type-post","status-publish","format-standard","hentry","category-biomasse","category-energie","category-eolien","category-france","category-guide","category-marine","category-ministere","category-photovoltaique","item-wrap"],"jetpack_publicize_connections":[],"jetpack_featured_media_url":"","jetpack_shortlink":"https:\/\/wp.me\/p3rXAp-js","jetpack_likes_enabled":true,"jetpack-related-posts":[{"id":138,"url":"https:\/\/www.enviroscop.fr\/actu\/2011\/12\/ademe-chiffres-cles-2010-energie-et-climat\/","url_meta":{"origin":1206,"position":0},"title":"ADEME Chiffres cl\u00e9s 2010 &#8211; \u00e9nergie et climat","author":"Enviroscop","date":"15 d\u00e9cembre 2011","format":false,"excerpt":"Afin de partager les chiffres cl??s ??nergie et climat avec l???ensemble des acteurs de la ma??trise de l?????nergie et des ??nergies renouvelables, l???ADEME a souhait?? r??unir dans un seul document de r??f??rence les donn??es essentielles s...","rel":"","context":"Dans &quot;Energie&quot;","block_context":{"text":"Energie","link":"https:\/\/www.enviroscop.fr\/actu\/category\/energie\/"},"img":{"alt_text":"","src":"","width":0,"height":0},"classes":[]},{"id":280,"url":"https:\/\/www.enviroscop.fr\/actu\/2012\/11\/les-chiffres-clef-energie-climat-2012-ademe\/","url_meta":{"origin":1206,"position":1},"title":"Les chiffres clef Energie-Climat 2012, ADEME","author":"Enviroscop","date":"2 novembre 2012","format":false,"excerpt":"Afin de partager les chiffres cl??s ??nergie et climat avec l???ensemble des acteurs de la ma??trise de l?????nergie et des ??nergies renouvelables, l???ADEME a souhait?? r??unir dans un seul document de r??f??rence les donn??es essentielles s...","rel":"","context":"Dans &quot;ADEME&quot;","block_context":{"text":"ADEME","link":"https:\/\/www.enviroscop.fr\/actu\/category\/source\/ademe\/"},"img":{"alt_text":"","src":"","width":0,"height":0},"classes":[]},{"id":1772,"url":"https:\/\/www.enviroscop.fr\/actu\/2014\/02\/publications-ademe-2\/","url_meta":{"origin":1206,"position":2},"title":"Publications ADEME : Climat, air et \u00e9nergie","author":"Enviroscop","date":"4 f\u00e9vrier 2014","format":false,"excerpt":"Afin de partager les chiffres cl\u00e9s \u00ab\u00a0\u00e9nergie et climat\u00a0\u00bb avec l\u2019ensemble des acteurs de la ma\u00eetrise de l\u2019\u00e9nergie et des \u00e9nergies renouvelables, l\u2019ADEME a souhait\u00e9 r\u00e9unir dans un seul document de r\u00e9f\u00e9rence les donn\u00e9es essentielles sur la consommation \u00e9nerg\u00e9tique, le d\u00e9veloppement des \u00e9nergies renouvelables et les \u00e9missions de gaz \u00e0\u2026","rel":"","context":"Dans &quot;ADEME&quot;","block_context":{"text":"ADEME","link":"https:\/\/www.enviroscop.fr\/actu\/category\/source\/ademe\/"},"img":{"alt_text":"Publications ADEME","src":"https:\/\/i0.wp.com\/www.enviroscop.fr\/actu\/wp-content\/uploads\/2014\/02\/img46369FE5E11FE10F65A25DDB61303E13_tomcatlocal1391183891159.jpg?resize=350%2C200","width":350,"height":200},"classes":[]},{"id":5249,"url":"https:\/\/www.enviroscop.fr\/actu\/2023\/06\/energies-renouvelables-lancement-dun-portail-cartographique\/","url_meta":{"origin":1206,"position":3},"title":"\u00c9nergies renouvelables : lancement d&rsquo;un portail cartographique","author":"Enviroscop","date":"7 juin 2023","format":false,"excerpt":"\u00a9 Sandrine Prot Le minist\u00e8re de la Transition \u00e9nerg\u00e9tique, le Cerema et l\u2019Institut national de l\u2019information g\u00e9ographique et foresti\u00e8re (IGN) ont annonc\u00e9 ce 5 juin la mise en ligne d'un portail cartographique qui aura notamment pour mission d\u2019accompagner les \u00e9lus locaux dans leur travail de planification des \u00e9nergies renouvelables sur\u2026","rel":"","context":"Dans &quot;Banque des Territoires&quot;","block_context":{"text":"Banque des Territoires","link":"https:\/\/www.enviroscop.fr\/actu\/category\/source\/banque-des-territoires\/"},"img":{"alt_text":"Eoliennes","src":"https:\/\/i0.wp.com\/www.banquedesterritoires.fr\/sites\/default\/files\/styles\/landscape_auto_crop\/public\/2023-06\/dfshhhhhhhhhhhhgssgdhsghsghsgghhtitre-1.jpg?resize=350%2C200&ssl=1","width":350,"height":200},"classes":[]},{"id":2915,"url":"https:\/\/www.enviroscop.fr\/actu\/2017\/11\/concilier-energies-renouvelables-biodiversite-nouvelle-note-de-lassociation-oree\/","url_meta":{"origin":1206,"position":4},"title":"Concilier \u00e9nergies renouvelables et biodiversit\u00e9, nouvelle note de l&rsquo;association Or\u00e9e","author":"Enviroscop","date":"8 novembre 2017","format":false,"excerpt":"Encourag\u00e9 par la lutte contre le changement climatique, le d\u00e9veloppement des \u00e9nergies durables suscite des enjeux majeurs pour la protection de la biodiversit\u00e9. La note r\u00e9alis\u00e9e par OR\u00c9E part du principe selon lequel la protection de la biodiversit\u00e9 et la transition \u00e9nerg\u00e9tique sont deux notions cl\u00e9s et interconnect\u00e9es. Bas\u00e9e sur\u2026","rel":"","context":"Dans &quot;Climat&quot;","block_context":{"text":"Climat","link":"https:\/\/www.enviroscop.fr\/actu\/category\/climat\/"},"img":{"alt_text":"","src":"https:\/\/i0.wp.com\/www.oree.org\/source\/imgs\/_2017_couv_cop23.jpg?resize=350%2C200","width":350,"height":200},"classes":[]},{"id":5053,"url":"https:\/\/www.enviroscop.fr\/actu\/2022\/11\/energies-renouvelables-exit-le-droit-de-veto-des-maires-sur-limplantation-des-projets-place-a-la-planification-par-zones\/","url_meta":{"origin":1206,"position":5},"title":"\u00c9nergies renouvelables : exit le \u00ab\u00a0droit de veto\u00a0\u00bb des maires sur l&rsquo;implantation des projets, place \u00e0 la planification par zones","author":"Enviroscop","date":"7 novembre 2022","format":false,"excerpt":"Lors de la premi\u00e8re journ\u00e9e d'examen en s\u00e9ance du projet de loi d'acc\u00e9l\u00e9ration des \u00e9nergies renouvelables (EnR), ce 3 novembre, un compromis a \u00e9t\u00e9 trouv\u00e9 entre les s\u00e9nateurs et le gouvernement sur la question du droit de \"veto\" des maires sur l'implantation des projets, qui avait \u00e9t\u00e9 introduite en commission.\u2026","rel":"","context":"Dans &quot;Am\u00e9nagement&quot;","block_context":{"text":"Am\u00e9nagement","link":"https:\/\/www.enviroscop.fr\/actu\/category\/amenagement\/"},"img":{"alt_text":"acc\u00e9l\u00e9ration des \u00e9nergies renouvelables","src":"https:\/\/i0.wp.com\/www.banquedesterritoires.fr\/sites\/default\/files\/styles\/landscape_auto_crop\/public\/2022-11\/Cap%C3%BBioyuiotyiutyiutyiuuuuuuuuture.JPG.jpg?resize=350%2C200&ssl=1","width":350,"height":200,"srcset":"https:\/\/i0.wp.com\/www.banquedesterritoires.fr\/sites\/default\/files\/styles\/landscape_auto_crop\/public\/2022-11\/Cap%C3%BBioyuiotyiutyiutyiuuuuuuuuture.JPG.jpg?resize=350%2C200&ssl=1 1x, https:\/\/i0.wp.com\/www.banquedesterritoires.fr\/sites\/default\/files\/styles\/landscape_auto_crop\/public\/2022-11\/Cap%C3%BBioyuiotyiutyiutyiuuuuuuuuture.JPG.jpg?resize=525%2C300&ssl=1 1.5x, https:\/\/i0.wp.com\/www.banquedesterritoires.fr\/sites\/default\/files\/styles\/landscape_auto_crop\/public\/2022-11\/Cap%C3%BBioyuiotyiutyiutyiuuuuuuuuture.JPG.jpg?resize=700%2C400&ssl=1 2x"},"classes":[]}],"jetpack_sharing_enabled":true,"_links":{"self":[{"href":"https:\/\/www.enviroscop.fr\/actu\/wp-json\/wp\/v2\/posts\/1206","targetHints":{"allow":["GET"]}}],"collection":[{"href":"https:\/\/www.enviroscop.fr\/actu\/wp-json\/wp\/v2\/posts"}],"about":[{"href":"https:\/\/www.enviroscop.fr\/actu\/wp-json\/wp\/v2\/types\/post"}],"author":[{"embeddable":true,"href":"https:\/\/www.enviroscop.fr\/actu\/wp-json\/wp\/v2\/users\/1"}],"replies":[{"embeddable":true,"href":"https:\/\/www.enviroscop.fr\/actu\/wp-json\/wp\/v2\/comments?post=1206"}],"version-history":[{"count":0,"href":"https:\/\/www.enviroscop.fr\/actu\/wp-json\/wp\/v2\/posts\/1206\/revisions"}],"wp:attachment":[{"href":"https:\/\/www.enviroscop.fr\/actu\/wp-json\/wp\/v2\/media?parent=1206"}],"wp:term":[{"taxonomy":"category","embeddable":true,"href":"https:\/\/www.enviroscop.fr\/actu\/wp-json\/wp\/v2\/categories?post=1206"},{"taxonomy":"post_tag","embeddable":true,"href":"https:\/\/www.enviroscop.fr\/actu\/wp-json\/wp\/v2\/tags?post=1206"}],"curies":[{"name":"wp","href":"https:\/\/api.w.org\/{rel}","templated":true}]}}