{"id":121,"date":"2011-06-23T07:08:00","date_gmt":"2011-06-23T07:08:00","guid":{"rendered":"http:\/\/actu.enviroscop.com\/decret-pour-le-rapport-de-developpement-durab"},"modified":"2011-06-23T07:08:00","modified_gmt":"2011-06-23T07:08:00","slug":"decret-pour-le-rapport-de-developpement-durab","status":"publish","type":"post","link":"https:\/\/www.enviroscop.fr\/actu\/2011\/06\/decret-pour-le-rapport-de-developpement-durab\/","title":{"rendered":"D??cret pour le rapport de D??veloppement Durable des collectivit??s > 50 000 habitants"},"content":{"rendered":"<div>\n<p>Le <a href=\"http:\/\/www.legifrance.gouv.fr\/affichTexte.do;jsessionid=?cidTexte=JORFTEXT000024198553&amp;dateTexte=&amp;oldAction=rechJO&amp;categorieLien=id\" target=\"_blank\">d&eacute;cret du 17 juin 2011<\/a> pr&eacute;cise le contenu du rapport sur la situation en mati&egrave;re de d&eacute;veloppement durable dans les collectivit&eacute;s territoriales (art. D.2311-15, D.3311-8, D.4311-6 et D.4425-12 du Code g&eacute;n&eacute;ral des collectivit&eacute;s territoriales).<\/p>\n<\/div>\n<div>\n<p><em>La loi Grenelle 2 (art. 255) a en effet introduit pour certaines collectivit&eacute;s territoriales &#8211; communes et &eacute;tablissements publics de coop&eacute;ration intercommunale &agrave; fiscalit&eacute; propre de plus de 50.000 habitants, d&eacute;partements, r&eacute;gions, collectivit&eacute; de Corse &#8211; l&rsquo;obligation de pr&eacute;senter un nouveau rapport sur leur situation en mati&egrave;re de d&eacute;veloppement durable pr&eacute;alablement au d&eacute;bat budg&eacute;taire (art. L.2311-1-1, L.3311-2, L.4310-1 et L.4425-7 du CGCT).&nbsp;<\/em><\/p>\n<\/div>\n<div>\n<p><!--more--><\/p>\n<\/div>\n<p>Le rapport prend en compte les cinq finalit&eacute;s du d&eacute;veloppement durable (art. L110-1III du CE) de la loi Grenelle 2 :<\/p>\n<p>&#8211; lutte contre le changement climatique,<\/p>\n<p>&#8211; pr&eacute;servation de la biodiversit&eacute;, des milieux et des ressources,<\/p>\n<p>&#8211; &eacute;panouissement de tous les &ecirc;tres humains,<\/p>\n<p>&#8211; coh&eacute;sion sociale et solidarit&eacute; entre territoires et g&eacute;n&eacute;rations,<\/p>\n<p>&#8211; dynamique de d&eacute;veloppement suivant des modes de production et de consommation responsables.<\/p>\n<p>&nbsp;<\/p>\n<p>Il comporte :<\/p>\n<p>&#8211; un bilan des actions conduites au titre de la gestion du patrimoine, du fonctionnement et des activit&eacute;s internes de la collectivit&eacute; d&rsquo;une part,<\/p>\n<p>&#8211; un bilan des politiques publiques, des orientations et des programmes mis en &oelig;uvre sur son territoire d&rsquo;autre part.<\/p>\n<p>Le rapport int&eacute;gre les cinq &eacute;l&eacute;ments de d&eacute;marche pr&eacute;conis&eacute;s par le \u00ab\u00a0cadre de r&eacute;f&eacute;rence\u00a0\u00bb : strat&eacute;gie d&rsquo;am&eacute;lioration continue, participation, organisation du pilotage, transversalit&eacute; des approches, &eacute;valuation partag&eacute;e.<\/p>\n","protected":false},"excerpt":{"rendered":"<p>Le d??cret du 17 juin 2011 pr??cise le contenu du rapport sur la situation en mati??re de d??veloppement durable dans les collectivit??s territoriales (art. D.2311-15, D.3311-8, D.4311-6 et D.4425-12 du Code g??n??ral des collectivit??s territoria&#8230;<\/p>\n","protected":false},"author":1,"featured_media":0,"comment_status":"open","ping_status":"open","sticky":false,"template":"","format":"standard","meta":{"jetpack_post_was_ever_published":false,"_jetpack_newsletter_access":"","_jetpack_dont_email_post_to_subs":false,"_jetpack_newsletter_tier_id":0,"_jetpack_memberships_contains_paywalled_content":false,"_jetpack_memberships_contains_paid_content":false,"footnotes":"","jetpack_publicize_message":"","jetpack_publicize_feature_enabled":true,"jetpack_social_post_already_shared":false,"jetpack_social_options":{"image_generator_settings":{"template":"highway","default_image_id":0,"font":"","enabled":false},"version":2}},"categories":[35],"tags":[],"class_list":["post-121","post","type-post","status-publish","format-standard","hentry","category-juridique","item-wrap"],"jetpack_publicize_connections":[],"jetpack_featured_media_url":"","jetpack_shortlink":"https:\/\/wp.me\/p3rXAp-1X","jetpack_likes_enabled":true,"jetpack-related-posts":[{"id":231,"url":"https:\/\/www.enviroscop.fr\/actu\/2011\/08\/circulaire-du-3-aout-2011-relative-a-la-situa\/","url_meta":{"origin":121,"position":0},"title":"Circulaire du 3 ao??t 2011 relative ?? la situation en mati??re de d??veloppement durable dans les collectivit??s territoriales","author":"Enviroscop","date":"25 ao\u00fbt 2011","format":false,"excerpt":"(application du d??cret n 2011-687 du 17 juin 2011) Le rapport des collectivit??s s'inscrit dans un contexte g??n??ral de transparence et d'informations destination des citoyens dans le sens d'une plus grande int??gration du d??veloppement du...","rel":"","context":"Dans &quot;Circulaire&quot;","block_context":{"text":"Circulaire","link":"https:\/\/www.enviroscop.fr\/actu\/category\/juridique\/circulaire\/"},"img":{"alt_text":"","src":"","width":0,"height":0},"classes":[]},{"id":201,"url":"https:\/\/www.enviroscop.fr\/actu\/2012\/06\/rapport-sur-le-developpement-durable-un-guide\/","url_meta":{"origin":121,"position":1},"title":"Rapport sur le d\u00e9veloppement durable : un guide \u00e0 l&rsquo;usage des collectivit\u00e9s","author":"Enviroscop","date":"26 juin 2012","format":false,"excerpt":"Le CGDD publie un guide l'usage des collectivit??s leur permettant d'??vlauer leur situation en termes de d??veloppement durable. En effet, en application du d??cret du 17 juin 2011 (loi Grenelle II), chaque collectivit?? et\/ou EPCI fiscalit...","rel":"","context":"Dans &quot;durable&quot;","block_context":{"text":"durable","link":"https:\/\/www.enviroscop.fr\/actu\/category\/durable\/"},"img":{"alt_text":"","src":"","width":0,"height":0},"classes":[]},{"id":9,"url":"https:\/\/www.enviroscop.fr\/actu\/2010\/06\/grenelle-2-mise-en-oeuvre-dune-nouvelle-gouvernance-cologique\/","url_meta":{"origin":121,"position":2},"title":"Grenelle 2 : mise en oeuvre d???une nouvelle gouvernance ??cologique","author":"Enviroscop","date":"30 juin 2010","format":false,"excerpt":"Adopt??e le 29 juin 2010, la loi portant engagement national pour l???environnement, dit Grenelle 2 , est un texte d???application et de territorialisation du Grenelle Environnement et de la loi Grenelle 1. Il d??cline chantier par chantier, se...","rel":"","context":"Dans &quot;Juridique&quot;","block_context":{"text":"Juridique","link":"https:\/\/www.enviroscop.fr\/actu\/category\/juridique\/"},"img":{"alt_text":"","src":"","width":0,"height":0},"classes":[]},{"id":8,"url":"https:\/\/www.enviroscop.fr\/actu\/2010\/07\/mesure-et-suivi-de-la-consommation-despace-dans-les-scot-et-plu\/","url_meta":{"origin":121,"position":3},"title":"Mesure et suivi de la consommation d&rsquo;espace dans les Scot et PLU","author":"Enviroscop","date":"12 juillet 2010","format":false,"excerpt":"Auteurs : Certu Paru dans : Observation urbaine - Consommation d???espace, Fiche n 6, Juin 2010 R??sum?? : Cette fiche pr??sente la synth??se d???une ??tude qui conduit produire un r??f??rentiel d???indicateurs pour mesurer et suivre la conso...","rel":"","context":"Dans &quot;PLU&quot;","block_context":{"text":"PLU","link":"https:\/\/www.enviroscop.fr\/actu\/category\/amenagement\/urbanisme\/plu\/"},"img":{"alt_text":"","src":"","width":0,"height":0},"classes":[]},{"id":199,"url":"https:\/\/www.enviroscop.fr\/actu\/2012\/10\/le-dossier-developpement-durable-senrichit-de\/","url_meta":{"origin":121,"position":4},"title":"Le dossier D\u00e9veloppement Durable s&rsquo;enrichit de donn\u00e9es territoriales","author":"Enviroscop","date":"26 octobre 2012","format":false,"excerpt":"Pour aider la prise en compte des questions de d??veloppement durable dans les diagnostics de territoires, permettre des comparaisons entre territoires, et suivre leur ??volution, l???Insee et le SOeS ont d??velopp?? une offre d???indicateurs r...","rel":"","context":"Dans &quot;Indicateur&quot;","block_context":{"text":"Indicateur","link":"https:\/\/www.enviroscop.fr\/actu\/category\/evaluation\/indicateur\/"},"img":{"alt_text":"","src":"","width":0,"height":0},"classes":[]},{"id":240,"url":"https:\/\/www.enviroscop.fr\/actu\/2011\/06\/evaluation-environnementale-les-parcs-nationa\/","url_meta":{"origin":121,"position":5},"title":"Evaluation environnementale : les parcs nationaux aussi&#8230;","author":"Enviroscop","date":"23 juin 2011","format":false,"excerpt":"Ce projet de d??cret compl??te la liste des plans et programmes soumis ? ??valuation environnementale. Les chartes des parcs nationaux deviennent le 19 ? plan\/programme soumis ? ??valuation (art. R. 122-17 du Code de l'environnement). De plus, l...","rel":"","context":"Dans &quot;biodiversit\u00e9&quot;","block_context":{"text":"biodiversit\u00e9","link":"https:\/\/www.enviroscop.fr\/actu\/category\/nature\/biodiversite\/"},"img":{"alt_text":"","src":"","width":0,"height":0},"classes":[]}],"jetpack_sharing_enabled":true,"_links":{"self":[{"href":"https:\/\/www.enviroscop.fr\/actu\/wp-json\/wp\/v2\/posts\/121","targetHints":{"allow":["GET"]}}],"collection":[{"href":"https:\/\/www.enviroscop.fr\/actu\/wp-json\/wp\/v2\/posts"}],"about":[{"href":"https:\/\/www.enviroscop.fr\/actu\/wp-json\/wp\/v2\/types\/post"}],"author":[{"embeddable":true,"href":"https:\/\/www.enviroscop.fr\/actu\/wp-json\/wp\/v2\/users\/1"}],"replies":[{"embeddable":true,"href":"https:\/\/www.enviroscop.fr\/actu\/wp-json\/wp\/v2\/comments?post=121"}],"version-history":[{"count":0,"href":"https:\/\/www.enviroscop.fr\/actu\/wp-json\/wp\/v2\/posts\/121\/revisions"}],"wp:attachment":[{"href":"https:\/\/www.enviroscop.fr\/actu\/wp-json\/wp\/v2\/media?parent=121"}],"wp:term":[{"taxonomy":"category","embeddable":true,"href":"https:\/\/www.enviroscop.fr\/actu\/wp-json\/wp\/v2\/categories?post=121"},{"taxonomy":"post_tag","embeddable":true,"href":"https:\/\/www.enviroscop.fr\/actu\/wp-json\/wp\/v2\/tags?post=121"}],"curies":[{"name":"wp","href":"https:\/\/api.w.org\/{rel}","templated":true}]}}