{"id":1212,"date":"2013-06-27T07:03:02","date_gmt":"2013-06-27T06:03:02","guid":{"rendered":"http:\/\/www.enviroscop.fr\/actu\/?p=1212"},"modified":"2013-06-27T07:03:02","modified_gmt":"2013-06-27T06:03:02","slug":"linvestissement-citoyen-au-secours-des-energies-renouvelables","status":"publish","type":"post","link":"https:\/\/www.enviroscop.fr\/actu\/2013\/06\/linvestissement-citoyen-au-secours-des-energies-renouvelables\/","title":{"rendered":"L&rsquo;investissement citoyen au secours des \u00e9nergies renouvelables"},"content":{"rendered":"<p>La coop\u00e9ration, l&rsquo;\u00e9nergie renouvelable, et le rendement financier avec\u00a0<a href=\"http:\/\/www.actu-environnement.com\/ae\/news\/energies-renouvelables-investissements-financiers-18871.php4#video&amp;xtor=EPR-1\">L&rsquo;investissement citoyen au secours des \u00e9nergies renouvelables<\/a>.<\/p>\n","protected":false},"excerpt":{"rendered":"<p>La coop\u00e9ration, l&rsquo;\u00e9nergie renouvelable, et le rendement financier avec\u00a0L&rsquo;investissement citoyen au secours des \u00e9nergies renouvelables.<\/p>\n","protected":false},"author":1,"featured_media":0,"comment_status":"open","ping_status":"open","sticky":false,"template":"","format":"standard","meta":{"jetpack_post_was_ever_published":false,"_jetpack_newsletter_access":"","_jetpack_dont_email_post_to_subs":false,"_jetpack_newsletter_tier_id":0,"_jetpack_memberships_contains_paywalled_content":false,"_jetpack_memberships_contains_paid_content":false,"footnotes":"","jetpack_publicize_message":"","jetpack_publicize_feature_enabled":true,"jetpack_social_post_already_shared":true,"jetpack_social_options":{"image_generator_settings":{"template":"highway","default_image_id":0,"font":"","enabled":false},"version":2}},"categories":[6,22,7,8],"tags":[],"class_list":["post-1212","post","type-post","status-publish","format-standard","hentry","category-ecologie","category-economie","category-energie","category-eolien","item-wrap"],"jetpack_publicize_connections":[],"jetpack_featured_media_url":"","jetpack_shortlink":"https:\/\/wp.me\/p3rXAp-jy","jetpack_likes_enabled":true,"jetpack-related-posts":[{"id":239,"url":"https:\/\/www.enviroscop.fr\/actu\/2011\/09\/llinvestissement-citoyen-enfin-possible-facil\/","url_meta":{"origin":1212,"position":0},"title":"L&rsquo;investissement citoyen enfin possible facilement","author":"Enviroscop","date":"28 septembre 2011","format":false,"excerpt":"Vis?? par l'AMF (n 11-417) la premi??re souscription citoyenne pour le d??veloppement des ??nergies renouvelables et des ??conomies d'??nergie est lanc??e en France. Plus d'info sur le site Energie-partagee.org","rel":"","context":"Dans &quot;Energie&quot;","block_context":{"text":"Energie","link":"https:\/\/www.enviroscop.fr\/actu\/category\/energie\/"},"img":{"alt_text":"","src":"","width":0,"height":0},"classes":[]},{"id":1035,"url":"https:\/\/www.enviroscop.fr\/actu\/2013\/05\/appel-a-manifestations-dinteret-energies-marines-renouvelables-demonstrateurs-et-briques-technologiques\/","url_meta":{"origin":1212,"position":1},"title":"Appel \u00e0 Manifestations d&rsquo;Int\u00e9r\u00eat &#8211; \u00c9nergies marines renouvelables &#8211; D\u00e9monstrateurs et briques technologiques","author":"Enviroscop","date":"14 mai 2013","format":false,"excerpt":"Dans le cadre du Programme d\u2019Investissements d\u2019Avenir, les minist\u00e8res du D\u00e9veloppement durable et du Redressement productif, l'ADEME et le Commissariat G\u00e9n\u00e9ral \u00e0 l'Investissement annoncent le lancement d\u2019un Appel \u00e0 Manifestations d\u2019Int\u00e9r\u00eat AMI\u00a0\"\u00c9nergies marines renouvelables - D\u00e9monstrateurs et briques technologiques\" afin d\u2019accompagner des innovations permettant de consolider la fili\u00e8re \u00e9nergies marines\u2026","rel":"","context":"Dans &quot;ADEME&quot;","block_context":{"text":"ADEME","link":"https:\/\/www.enviroscop.fr\/actu\/category\/source\/ademe\/"},"img":{"alt_text":"","src":"","width":0,"height":0},"classes":[]},{"id":4775,"url":"https:\/\/www.enviroscop.fr\/actu\/2022\/05\/derogation-especes-protegees-la-commission-europeenne-au-secours-des-projets-denergie-renouvelable\/","url_meta":{"origin":1212,"position":2},"title":"D\u00e9rogation \u00ab esp\u00e8ces prot\u00e9g\u00e9es \u00bb : la Commission europ\u00e9enne au secours des projets d\u2019\u00e9nergie renouvelable","author":"Enviroscop","date":"23 mai 2022","format":false,"excerpt":"Le 18 mai 2022, la Commission europ\u00e9enne a publi\u00e9\u00a0une recommandation pour l\u2019acc\u00e9l\u00e9ration des proc\u00e9dures d\u2019autorisation en mati\u00e8re d\u2019\u00e9nergie renouvelable (\u00ab\u00a0Recommendation on speeding up permit-granting and PPAs COM(2022)3219\u00a0\u00bb\u00a0; qui va \u00eatre traduite dans les directives). \u00a0 \u00a0 \u00a0 \u00a0 \u00a0 \u00a0 \u00a0 Elle r\u00e9pond \u00e0 deux questions fondamentales en mati\u00e8re de\u2026","rel":"","context":"Dans &quot;biodiversit\u00e9&quot;","block_context":{"text":"biodiversit\u00e9","link":"https:\/\/www.enviroscop.fr\/actu\/category\/nature\/biodiversite\/"},"img":{"alt_text":"","src":"https:\/\/i0.wp.com\/www.green-law-avocat.fr\/wp-content\/uploads\/2022\/05\/Fotolia_4200397_XS.jpg?resize=350%2C200&ssl=1","width":350,"height":200},"classes":[]},{"id":2062,"url":"https:\/\/www.enviroscop.fr\/actu\/2014\/09\/energies-renouvelables-le-financement-participatif-bientot-facilite\/","url_meta":{"origin":1212,"position":3},"title":"Energies renouvelables : le financement participatif bient\u00f4t facilit\u00e9","author":"Enviroscop","date":"23 septembre 2014","format":false,"excerpt":"\u00a9 imagedepotpro Apr\u00e8s avoir recueilli 6,5 millions d'euros lors de deux\u00a0collectes d'investissements citoyens\u00a0en 2011 et 2012, le fonds d'investissement Energie partag\u00e9e r\u00e9cidive, en lan\u00e7ant une troisi\u00e8me collecte.\u00a0\"L'objectif est de collecter trois millions d'euros pour financer en fonds propre les nombreux projets citoyens en attente de soutien\", souligne le mouvement. Jusqu'ici,\u2026","rel":"","context":"Dans &quot;Concertation&quot;","block_context":{"text":"Concertation","link":"https:\/\/www.enviroscop.fr\/actu\/category\/concertation\/"},"img":{"alt_text":"Energies renouvelables : le financement participatif bient\u00f4t facilit\u00e9","src":"https:\/\/i0.wp.com\/www.actu-environnement.com\/images\/illustrations\/news\/22717_une.jpg?resize=350%2C200","width":350,"height":200,"srcset":"https:\/\/i0.wp.com\/www.actu-environnement.com\/images\/illustrations\/news\/22717_une.jpg?resize=350%2C200 1x, https:\/\/i0.wp.com\/www.actu-environnement.com\/images\/illustrations\/news\/22717_une.jpg?resize=525%2C300 1.5x"},"classes":[]},{"id":3716,"url":"https:\/\/www.enviroscop.fr\/actu\/2020\/04\/energie-renouvelables-publication-de-lirena\/","url_meta":{"origin":1212,"position":4},"title":"Energie renouvelables, publication de l&rsquo;IRENA","author":"Enviroscop","date":"21 avril 2020","format":false,"excerpt":"Dans ce rapport (en anglais), l'IRENA expose comment l\u2019investissement dans les \u00e9nergies renouvelables pourrait contribuer \u00e0 la relance de l\u2019\u00e9conomie apr\u00e8s la crise sanitaire. Ce rapport pr\u00e9sente une analyse globale des investissements et des technologies n\u00e9cessaires pour d\u00e9carboner toute la fili\u00e8re \u00e9nerg\u00e9tiques mondiale dans le but de respecter l'accord de\u2026","rel":"","context":"Dans &quot;Climat&quot;","block_context":{"text":"Climat","link":"https:\/\/www.enviroscop.fr\/actu\/category\/climat\/"},"img":{"alt_text":"","src":"","width":0,"height":0},"classes":[]},{"id":1523,"url":"https:\/\/www.enviroscop.fr\/actu\/2013\/10\/40-ans-de-developpement-des-energies-renouvelables-en-france\/","url_meta":{"origin":1212,"position":5},"title":"40 ans de d\u00e9veloppement des \u00e9nergies renouvelables en France","author":"Enviroscop","date":"9 octobre 2013","format":false,"excerpt":"En 1973, \u00e0 Paris sous l'\u00e9gide de lUNESCO, s'est tenu le premier congr\u00e8s \u00ab\u00a0Le soleil au service de lHumanit\u00e9\u00a0\u00bb qui a marqu\u00e9 l'entr\u00e9e de la th\u00e9matique des \u00e9nergies renouvelables parmi les grandes causes internationales. Pour c\u00e9l\u00e9brer le 40\u00e8me anniversaire de cet \u00e9v\u00e9nement, l\u2019UNESCO, l\u2019ADEME et le CNRS ont organis\u00e9 le\u00a03\u00a0octobre\u00a02013\u2026","rel":"","context":"Dans &quot;ADEME&quot;","block_context":{"text":"ADEME","link":"https:\/\/www.enviroscop.fr\/actu\/category\/source\/ademe\/"},"img":{"alt_text":"","src":"","width":0,"height":0},"classes":[]}],"jetpack_sharing_enabled":true,"_links":{"self":[{"href":"https:\/\/www.enviroscop.fr\/actu\/wp-json\/wp\/v2\/posts\/1212","targetHints":{"allow":["GET"]}}],"collection":[{"href":"https:\/\/www.enviroscop.fr\/actu\/wp-json\/wp\/v2\/posts"}],"about":[{"href":"https:\/\/www.enviroscop.fr\/actu\/wp-json\/wp\/v2\/types\/post"}],"author":[{"embeddable":true,"href":"https:\/\/www.enviroscop.fr\/actu\/wp-json\/wp\/v2\/users\/1"}],"replies":[{"embeddable":true,"href":"https:\/\/www.enviroscop.fr\/actu\/wp-json\/wp\/v2\/comments?post=1212"}],"version-history":[{"count":0,"href":"https:\/\/www.enviroscop.fr\/actu\/wp-json\/wp\/v2\/posts\/1212\/revisions"}],"wp:attachment":[{"href":"https:\/\/www.enviroscop.fr\/actu\/wp-json\/wp\/v2\/media?parent=1212"}],"wp:term":[{"taxonomy":"category","embeddable":true,"href":"https:\/\/www.enviroscop.fr\/actu\/wp-json\/wp\/v2\/categories?post=1212"},{"taxonomy":"post_tag","embeddable":true,"href":"https:\/\/www.enviroscop.fr\/actu\/wp-json\/wp\/v2\/tags?post=1212"}],"curies":[{"name":"wp","href":"https:\/\/api.w.org\/{rel}","templated":true}]}}