{"id":122,"date":"2013-01-17T10:03:00","date_gmt":"2013-01-17T10:03:00","guid":{"rendered":"http:\/\/actu.enviroscop.com\/une-nouvelle-charte-graphique"},"modified":"2013-01-17T10:03:00","modified_gmt":"2013-01-17T10:03:00","slug":"une-nouvelle-charte-graphique","status":"publish","type":"post","link":"https:\/\/www.enviroscop.fr\/actu\/2013\/01\/une-nouvelle-charte-graphique\/","title":{"rendered":"Une nouvelle charte graphique"},"content":{"rendered":"<p>17\/01\/13<\/p>\n<p>Bonnes r&eacute;solutions de d&eacute;but d&rsquo;ann&eacute;e obligent, nous modifions notre charte graphique.<\/p>\n<p>En commen&ccedil;ant par le blog&#8230;<\/p>\n<p>le site (<a href=\"http:\/\/www.enviroscop.fr\">www.enviroscop.fr<\/a>) devrait suivre bient&ocirc;t et une nouvelle plaquette est &agrave; l&rsquo;impression !<\/p>\n","protected":false},"excerpt":{"rendered":"<p>17\/01\/13 Bonnes r??solutions de d??but d&rsquo;ann??e obligent, nous modifions notre charte graphique. En commen??ant par le blog&#8230; le site (www.enviroscop.fr) devrait suivre bient??t et une nouvelle plaquette est   l&rsquo;impression !<\/p>\n","protected":false},"author":1,"featured_media":0,"comment_status":"open","ping_status":"open","sticky":false,"template":"","format":"standard","meta":{"jetpack_post_was_ever_published":false,"_jetpack_newsletter_access":"","_jetpack_dont_email_post_to_subs":false,"_jetpack_newsletter_tier_id":0,"_jetpack_memberships_contains_paywalled_content":false,"_jetpack_memberships_contains_paid_content":false,"footnotes":"","jetpack_publicize_message":"","jetpack_publicize_feature_enabled":true,"jetpack_social_post_already_shared":false,"jetpack_social_options":{"image_generator_settings":{"template":"highway","default_image_id":0,"font":"","enabled":false},"version":2}},"categories":[25],"tags":[],"class_list":["post-122","post","type-post","status-publish","format-standard","hentry","category-enviroscop","item-wrap"],"jetpack_publicize_connections":[],"jetpack_featured_media_url":"","jetpack_shortlink":"https:\/\/wp.me\/p3rXAp-1Y","jetpack_likes_enabled":true,"jetpack-related-posts":[{"id":2721,"url":"https:\/\/www.enviroscop.fr\/actu\/2016\/12\/une-nouvelle-charte-pour-la-foret-communale-fncofor\/","url_meta":{"origin":122,"position":0},"title":"Une nouvelle charte pour la for\u00eat communale &#8211; FNCOFOR","author":"Enviroscop","date":"16 d\u00e9cembre 2016","format":false,"excerpt":"Une nouvelle charte pour la for\u00eat communaleLa F\u00e9d\u00e9ration nationale des communes foresti\u00e8res et l'Office national des for\u00eats (ONF) ont sign\u00e9, en pr\u00e9sence de St\u00e9phane Le Foll, ministre en charge de la For\u00eat, la nouvelle charte de la for\u00eat communale. Mise en oeuvre concr\u00e8te du contrat Etat-ONF-FNCOFOR 2016-2020, la charte pr\u00e9cise\u2026","rel":"","context":"Dans &quot;Biomasse&quot;","block_context":{"text":"Biomasse","link":"https:\/\/www.enviroscop.fr\/actu\/category\/energie\/renouvelable\/biomasse\/"},"img":{"alt_text":"","src":"https:\/\/i0.wp.com\/www.enviroscop.fr\/actu\/wp-content\/uploads\/2016\/12\/foret-182x300.jpg?resize=350%2C200","width":350,"height":200},"classes":[]},{"id":1263,"url":"https:\/\/www.enviroscop.fr\/actu\/2013\/07\/400-articles\/","url_meta":{"origin":122,"position":1},"title":"400 articles !","author":"Enviroscop","date":"12 juillet 2013","format":false,"excerpt":"[warning]Depuis l'ouverture de notre blog (avril 2010), 400 articles vous ont \u00e9t\u00e9 propos\u00e9s.[\/warning] Nous avons chang\u00e9 de plateforme, de charte graphique, mais vous \u00eates toujours fid\u00e8les avec plus de 25 visites par jour en moyenne. Ce blog est principalement suivi par des professionnels (presque aucune visite les samedis et dimanches),\u2026","rel":"","context":"Dans &quot;Enviroscop&quot;","block_context":{"text":"Enviroscop","link":"https:\/\/www.enviroscop.fr\/actu\/category\/non-classe\/"},"img":{"alt_text":"","src":"","width":0,"height":0},"classes":[]},{"id":5208,"url":"https:\/\/www.enviroscop.fr\/actu\/2023\/04\/solaire-photovoltaique-au-sol-une-charte-pour-poser-les-conditions-de-son-developpement\/","url_meta":{"origin":122,"position":2},"title":"Solaire photovolta\u00efque au sol : une charte pour poser les conditions de son d\u00e9veloppement","author":"Enviroscop","date":"4 avril 2023","format":false,"excerpt":"\u00c9nergie Partag\u00e9e vient de publier une charte pour proposer des rep\u00e8res de qualit\u00e9 et de progression \u00e0 l\u2019attention des collectivit\u00e9s, collectifs ou professionnels des \u00e9nergies renouvelables, porteurs de projets solaires photovolta\u00efques au sol.\u00a0Elle se focalise sur 2 enjeux : la protection de la biodiversit\u00e9 et de l\u2019agriculture. Apr\u00e8s les publications\u2026","rel":"","context":"Dans &quot;Citoyen&quot;","block_context":{"text":"Citoyen","link":"https:\/\/www.enviroscop.fr\/actu\/category\/humain\/citoyen\/"},"img":{"alt_text":"","src":"","width":0,"height":0},"classes":[]},{"id":141,"url":"https:\/\/www.enviroscop.fr\/actu\/2011\/10\/nouvelle-interpretation-de-la-charte-de-lenvi\/","url_meta":{"origin":122,"position":3},"title":"Nouvelle interpr\u00e9tation de la Charte de l&rsquo;environnement ?","author":"Enviroscop","date":"6 octobre 2011","format":false,"excerpt":"Raymond Leost, l'initiative des QPC d??pos??es pour France Nature Environnement, nous livre son interpr??tation de la Charte de l'environnement et d??crypte les enjeux de l'analyse venir du Conseil Constitutionnel. Un article d'environnement...","rel":"","context":"Dans &quot;Etude d'impact&quot;","block_context":{"text":"Etude d'impact","link":"https:\/\/www.enviroscop.fr\/actu\/category\/evaluation\/etude-dimpact\/"},"img":{"alt_text":"","src":"","width":0,"height":0},"classes":[]},{"id":4137,"url":"https:\/\/www.enviroscop.fr\/actu\/2021\/03\/autorisation-environnementale-une-charte-avec-les-bureaux-detudes-2\/","url_meta":{"origin":122,"position":4},"title":"Autorisation environnementale : une charte avec les bureaux d\u2019\u00e9tudes","author":"Enviroscop","date":"15 mars 2021","format":false,"excerpt":"Deux ans apr\u00e8s l\u2019entr\u00e9e en vigueur de l\u2019autorisation environnementale unique, les services de l\u2019\u00c9tat en \u00cele-de-France constatent que l\u2019unification des proc\u00e9dures porte ses fruits et facilite d\u00e9sormais une vision int\u00e9gr\u00e9e des projets. Mais que la r\u00e9duction des d\u00e9lais d\u2019instruction des proc\u00e9dures tarde \u00e0 venir. 20\u00a0% des d\u00e9lais dus aux demandes\u2026","rel":"","context":"Dans &quot;DREAL&quot;","block_context":{"text":"DREAL","link":"https:\/\/www.enviroscop.fr\/actu\/category\/source\/dreal\/"},"img":{"alt_text":"","src":"","width":0,"height":0},"classes":[]},{"id":11,"url":"https:\/\/www.enviroscop.fr\/actu\/2012\/06\/repensons-nos-deplacements\/","url_meta":{"origin":122,"position":5},"title":"Repensons nos d\u00e9placements !","author":"Enviroscop","date":"12 juin 2012","format":false,"excerpt":"Une nouvelle brochure de l'ADEME, en coop??ration avec FNE pour une r??flexion sur les d??placements, et comment r??duire leur impact sur l'environnement. La plaquette Le communiqu?? de presse","rel":"","context":"Dans &quot;D\u00e9placements&quot;","block_context":{"text":"D\u00e9placements","link":"https:\/\/www.enviroscop.fr\/actu\/category\/activite\/transport\/deplacements\/"},"img":{"alt_text":"","src":"","width":0,"height":0},"classes":[]}],"jetpack_sharing_enabled":true,"_links":{"self":[{"href":"https:\/\/www.enviroscop.fr\/actu\/wp-json\/wp\/v2\/posts\/122","targetHints":{"allow":["GET"]}}],"collection":[{"href":"https:\/\/www.enviroscop.fr\/actu\/wp-json\/wp\/v2\/posts"}],"about":[{"href":"https:\/\/www.enviroscop.fr\/actu\/wp-json\/wp\/v2\/types\/post"}],"author":[{"embeddable":true,"href":"https:\/\/www.enviroscop.fr\/actu\/wp-json\/wp\/v2\/users\/1"}],"replies":[{"embeddable":true,"href":"https:\/\/www.enviroscop.fr\/actu\/wp-json\/wp\/v2\/comments?post=122"}],"version-history":[{"count":0,"href":"https:\/\/www.enviroscop.fr\/actu\/wp-json\/wp\/v2\/posts\/122\/revisions"}],"wp:attachment":[{"href":"https:\/\/www.enviroscop.fr\/actu\/wp-json\/wp\/v2\/media?parent=122"}],"wp:term":[{"taxonomy":"category","embeddable":true,"href":"https:\/\/www.enviroscop.fr\/actu\/wp-json\/wp\/v2\/categories?post=122"},{"taxonomy":"post_tag","embeddable":true,"href":"https:\/\/www.enviroscop.fr\/actu\/wp-json\/wp\/v2\/tags?post=122"}],"curies":[{"name":"wp","href":"https:\/\/api.w.org\/{rel}","templated":true}]}}