{"id":1287,"date":"2013-07-23T07:39:04","date_gmt":"2013-07-23T06:39:04","guid":{"rendered":"http:\/\/www.enviroscop.fr\/actu\/?p=1287"},"modified":"2013-07-23T07:39:35","modified_gmt":"2013-07-23T06:39:35","slug":"photovoltaique-nouvelle-baisse-des-tarifs-dachat-du-1er-juillet-au-30-septembre-2013","status":"publish","type":"post","link":"https:\/\/www.enviroscop.fr\/actu\/2013\/07\/photovoltaique-nouvelle-baisse-des-tarifs-dachat-du-1er-juillet-au-30-septembre-2013\/","title":{"rendered":"Photovolta\u00efque : nouvelle baisse des tarifs d&rsquo;achat du 1er juillet au 30 septembre 2013"},"content":{"rendered":"<p><a href=\"https:\/\/i0.wp.com\/www.enviroscop.fr\/actu\/wp-content\/uploads\/2013\/05\/20111027_165307_panneau-solaire-photovoltaique.jpg?ssl=1\"><img data-recalc-dims=\"1\" loading=\"lazy\" decoding=\"async\" class=\" wp-image-1077 alignleft\" alt=\"\" src=\"https:\/\/i0.wp.com\/www.enviroscop.fr\/actu\/wp-content\/uploads\/2013\/05\/20111027_165307_panneau-solaire-photovoltaique.jpg?resize=225%2C168&#038;ssl=1\" width=\"225\" height=\"168\" \/><\/a>Pour le troisi\u00e8me trimestre 2013, les tarifs d&rsquo;achat photovolta\u00efque sont en baisse de 3,5% pour les installations photovolta\u00efques int\u00e9gr\u00e9es au b\u00e2ti et de 9,5% pour les installations correspondant \u00e0 une int\u00e9gration simplifi\u00e9e au b\u00e2ti.<\/p>\n<p>Apr\u00e8s une baisse des tarifs d&rsquo;achat de 2,6% pour les installations photovolta\u00efques int\u00e9gr\u00e9es au b\u00e2ti (IAB) et de 7,5% pour les installations correspondant \u00e0 une int\u00e9gration simplifi\u00e9e au b\u00e2ti (ISB) au deuxi\u00e8me trimestre 2013, la Commission de r\u00e9gulation de l&rsquo;\u00e9nergie a publi\u00e9 le 18 juillet une d\u00e9lib\u00e9ration sur les baisses des tarifs applicables sur la p\u00e9riode de juillet \u00e0 septembre 2013. La baisse est de 3,5% pour les IAB\u00a0et de 9,5% pour les ISB. Pour rappel, un arr\u00eat\u00e9 d&rsquo;homologation doit encore confirmer les nouveaux tarifs d&rsquo;achat d\u00e9coulant de ces baisses.<\/p>\n<p>D\u00e9but 2013, le syst\u00e8me des tarifs d&rsquo;achat a \u00e9t\u00e9 simplifi\u00e9. Le tarif d&rsquo;achat pour les installations respectant les crit\u00e8res d&rsquo;int\u00e9gration au b\u00e2ti d&rsquo;une puissance comprise entre 9 et 36 kW a \u00e9t\u00e9 supprim\u00e9. La distinction entre b\u00e2timents de diff\u00e9rents usages (r\u00e9sidentiel, enseignement, sant\u00e9&#8230;) a elle aussi disparu, anticipant l&rsquo;annulation, par le Conseil d&rsquo;Etat, de cette distinction par principe d&rsquo;\u00e9galit\u00e9.<\/p>\n<p>Ne restent que quatre tarifs diff\u00e9rents. Le T1 concerne les installations int\u00e9gr\u00e9es au b\u00e2ti d&rsquo;une puissance comprise entre 0 et 9 kW. Le T2 comprend en fait deux tarifs diff\u00e9rents : l&rsquo;un pour les installations d&rsquo;int\u00e9gration simplifi\u00e9e au b\u00e2ti d&rsquo;une puissance comprise entre 0 et 36 kW et l&rsquo;autre pour le m\u00eame type d&rsquo;installation mais d&rsquo;une puissance comprise entre 36 et 100 kW. Et enfin le T3 concerne les autres types d&rsquo;installations d&rsquo;une puissance comprise entre 0 et 12 MW.<\/p>\n<p>Ces quatre tarifs peuvent \u00eatre major\u00e9s de 5 ou 10% selon l&rsquo;origine des composants du syst\u00e8me photovolta\u00efque.<\/p>\n<p>Pour voir les tarifs, consulter l&rsquo;article d&rsquo;actu-environnement :\u00a0<a href=\"http:\/\/www.actu-environnement.com\/ae\/news\/tarifs-achat-photovoltaique-3eme-trimestre-2013-19123.php4#xtor=EPR-1\">Photovolta\u00efque : nouvelle baisse des tarifs d&rsquo;achat du 1er juillet au 30 septembre 2013<\/a>.<\/p>\n","protected":false},"excerpt":{"rendered":"<p>Pour le troisi\u00e8me trimestre 2013, les tarifs d&rsquo;achat photovolta\u00efque sont en baisse de 3,5% pour les installations photovolta\u00efques int\u00e9gr\u00e9es au b\u00e2ti et de 9,5% pour les installations correspondant \u00e0 une int\u00e9gration simplifi\u00e9e au b\u00e2ti. Apr\u00e8s une baisse des tarifs d&rsquo;achat de 2,6% pour les installations photovolta\u00efques int\u00e9gr\u00e9es au b\u00e2ti (IAB) et de 7,5% pour les &hellip; <\/p>\n<p><a class=\"more-link btn\" href=\"https:\/\/www.enviroscop.fr\/actu\/2013\/07\/photovoltaique-nouvelle-baisse-des-tarifs-dachat-du-1er-juillet-au-30-septembre-2013\/\">Lire la suite<\/a><\/p>\n","protected":false},"author":1,"featured_media":0,"comment_status":"open","ping_status":"open","sticky":false,"template":"","format":"standard","meta":{"_acf_changed":false,"footnotes":""},"categories":[22,7,43],"tags":[],"class_list":["post-1287","post","type-post","status-publish","format-standard","hentry","category-economie","category-energie","category-photovoltaique","item-wrap"],"acf":[],"_links":{"self":[{"href":"https:\/\/www.enviroscop.fr\/actu\/wp-json\/wp\/v2\/posts\/1287","targetHints":{"allow":["GET"]}}],"collection":[{"href":"https:\/\/www.enviroscop.fr\/actu\/wp-json\/wp\/v2\/posts"}],"about":[{"href":"https:\/\/www.enviroscop.fr\/actu\/wp-json\/wp\/v2\/types\/post"}],"author":[{"embeddable":true,"href":"https:\/\/www.enviroscop.fr\/actu\/wp-json\/wp\/v2\/users\/1"}],"replies":[{"embeddable":true,"href":"https:\/\/www.enviroscop.fr\/actu\/wp-json\/wp\/v2\/comments?post=1287"}],"version-history":[{"count":0,"href":"https:\/\/www.enviroscop.fr\/actu\/wp-json\/wp\/v2\/posts\/1287\/revisions"}],"wp:attachment":[{"href":"https:\/\/www.enviroscop.fr\/actu\/wp-json\/wp\/v2\/media?parent=1287"}],"wp:term":[{"taxonomy":"category","embeddable":true,"href":"https:\/\/www.enviroscop.fr\/actu\/wp-json\/wp\/v2\/categories?post=1287"},{"taxonomy":"post_tag","embeddable":true,"href":"https:\/\/www.enviroscop.fr\/actu\/wp-json\/wp\/v2\/tags?post=1287"}],"curies":[{"name":"wp","href":"https:\/\/api.w.org\/{rel}","templated":true}]}}