{"id":131,"date":"2012-07-24T10:00:00","date_gmt":"2012-07-24T10:00:00","guid":{"rendered":"http:\/\/actu.enviroscop.com\/eoliennes-des-ouvragesequipements-dinteret-pu"},"modified":"2013-03-01T21:55:49","modified_gmt":"2013-03-01T20:55:49","slug":"eoliennes-des-ouvragesequipements-dinteret-pu","status":"publish","type":"post","link":"https:\/\/www.enviroscop.fr\/actu\/2012\/07\/eoliennes-des-ouvragesequipements-dinteret-pu\/","title":{"rendered":"Eoliennes : des ouvrages\/\u00e9quipements d&rsquo;int\u00e9r\u00eat public au sens des r\u00e9glements des zones NC ou ND des POS"},"content":{"rendered":"<p>Par une s\u00e9rie de trois arr\u00eats rendus ce 13 juillet 2012, le Conseil d&rsquo;Etat a apport\u00e9 d&rsquo;utiles pr\u00e9cisions sur la qualit\u00e9 d&rsquo;ouvrage d&rsquo;int\u00e9r\u00eat public que repr\u00e9sentent les \u00e9oliennes au regard des dispositions des r\u00e8glements des zones NC et ND des POS. Une clarification attendue et qui contribue (en partie) \u00e0 la s\u00e9curit\u00e9 juridique des projets de parcs.<\/p>\n<p>A lire la <a href=\"http:\/\/blog Arnaud Gossement\" target=\"_blank\">note sur le\u00a0blog Arnaud Gossement <\/a><\/p>\n","protected":false},"excerpt":{"rendered":"<p>Par une s??rie de trois arr??ts rendus ce 13 juillet 2012, le Conseil d&rsquo;Etat a apport?? d&rsquo;utiles pr??cisions sur la qualit?? d&rsquo;ouvrage d&rsquo;int??r??t public que repr??sentent les ??oliennes au regard des dispositions des r??glements des zones NC et N&#8230;<\/p>\n","protected":false},"author":1,"featured_media":0,"comment_status":"open","ping_status":"open","sticky":false,"template":"","format":"standard","meta":{"jetpack_post_was_ever_published":false,"_jetpack_newsletter_access":"","_jetpack_dont_email_post_to_subs":false,"_jetpack_newsletter_tier_id":0,"_jetpack_memberships_contains_paywalled_content":false,"_jetpack_memberships_contains_paid_content":false,"footnotes":"","jetpack_publicize_message":"","jetpack_publicize_feature_enabled":true,"jetpack_social_post_already_shared":false,"jetpack_social_options":{"image_generator_settings":{"template":"highway","default_image_id":0,"font":"","enabled":false},"version":2}},"categories":[8],"tags":[],"class_list":["post-131","post","type-post","status-publish","format-standard","hentry","category-eolien","item-wrap"],"jetpack_publicize_connections":[],"jetpack_featured_media_url":"","jetpack_shortlink":"https:\/\/wp.me\/p3rXAp-27","jetpack_likes_enabled":true,"jetpack-related-posts":[{"id":378,"url":"https:\/\/www.enviroscop.fr\/actu\/2012\/08\/les-eoliennes-sont-elles-des-equipements-dint\/","url_meta":{"origin":131,"position":0},"title":"Les \u00e9oliennes sont-elles des \u00e9quipements d&rsquo;int\u00e9r\u00eat public ?","author":"Enviroscop","date":"28 ao\u00fbt 2012","format":false,"excerpt":"Par trois d??cisions en date du 13 juillet, le Conseil d'Etat s'est prononc?? sur l'int??r??t public de projets de construction d'??oliennes. A la clef, la l??galit?? du permis de construire de ces ouvrages au regard des dispositions r??glementaires des p...","rel":"","context":"Dans &quot;Energie&quot;","block_context":{"text":"Energie","link":"https:\/\/www.enviroscop.fr\/actu\/category\/energie\/"},"img":{"alt_text":"","src":"","width":0,"height":0},"classes":[]},{"id":1227,"url":"https:\/\/www.enviroscop.fr\/actu\/2013\/07\/eolien-les-arretes-definissant-les-zde-etaient-ils-soumis-a-la-participation-du-public\/","url_meta":{"origin":131,"position":1},"title":"Eolien : les arr\u00eat\u00e9s d\u00e9finissant les ZDE \u00e9taient-ils soumis \u00e0 la participation du public ?","author":"Enviroscop","date":"2 juillet 2013","format":false,"excerpt":"Les arr\u00eat\u00e9s pr\u00e9fectoraux d\u00e9finissant les ZDE n'\u00e9taient pas soumis au principe de participation du public tel qu'\u00e9nonc\u00e9 par le code de l'environnement. C'est ce que vient de trancher le Conseil d'Etat, non sans cons\u00e9quences. Par\u00a0une d\u00e9cision du 26 juin 2013, le Conseil d'Etat s'est prononc\u00e9 sur la question de savoir\u2026","rel":"","context":"Dans &quot;Concertation&quot;","block_context":{"text":"Concertation","link":"https:\/\/www.enviroscop.fr\/actu\/category\/concertation\/"},"img":{"alt_text":"Eolien : les arr\u00eat\u00e9s d\u00e9finissant les ZDE \u00e9taient-ils soumis \u00e0 la participation du public ?","src":"https:\/\/i0.wp.com\/www.actu-environnement.com\/images\/illustrations\/news\/18899_une.jpg?resize=350%2C200","width":350,"height":200},"classes":[]},{"id":5181,"url":"https:\/\/www.enviroscop.fr\/actu\/2023\/03\/le-conseil-constitutionnel-donne-son-feu-vert-a-la-loi-energies-renouvelables\/","url_meta":{"origin":131,"position":2},"title":"Le Conseil constitutionnel donne son feu vert \u00e0 la loi \u00e9nergies renouvelables","author":"Enviroscop","date":"10 mars 2023","format":false,"excerpt":"La loi sur l'acc\u00e9l\u00e9ration des \u00e9nergies renouvelables est sur le point d'\u00eatre promulgu\u00e9e presque sans modification. Dans une d\u00e9cision rendue ce jeudi, la juridiction a jug\u00e9 que les dispositions de huit articles critiqu\u00e9es par le RN et LR \u00e9taient conformes \u00e0 la Constitution. Cependant, elle a \u00e9galement censur\u00e9 onze autres\u2026","rel":"","context":"Dans &quot;Conseil Constitutionnel&quot;","block_context":{"text":"Conseil Constitutionnel","link":"https:\/\/www.enviroscop.fr\/actu\/category\/juridique\/conseil-constitutionnel\/"},"img":{"alt_text":"Eoliennes au soleil couchant","src":"https:\/\/i0.wp.com\/www.enviroscop.fr\/actu\/wp-content\/uploads\/2022\/05\/IMG_20161205_083745_01-scaled.jpg?resize=350%2C200","width":350,"height":200,"srcset":"https:\/\/i0.wp.com\/www.enviroscop.fr\/actu\/wp-content\/uploads\/2022\/05\/IMG_20161205_083745_01-scaled.jpg?resize=350%2C200 1x, https:\/\/i0.wp.com\/www.enviroscop.fr\/actu\/wp-content\/uploads\/2022\/05\/IMG_20161205_083745_01-scaled.jpg?resize=525%2C300 1.5x, https:\/\/i0.wp.com\/www.enviroscop.fr\/actu\/wp-content\/uploads\/2022\/05\/IMG_20161205_083745_01-scaled.jpg?resize=700%2C400 2x, https:\/\/i0.wp.com\/www.enviroscop.fr\/actu\/wp-content\/uploads\/2022\/05\/IMG_20161205_083745_01-scaled.jpg?resize=1050%2C600 3x, https:\/\/i0.wp.com\/www.enviroscop.fr\/actu\/wp-content\/uploads\/2022\/05\/IMG_20161205_083745_01-scaled.jpg?resize=1400%2C800 4x"},"classes":[]},{"id":1703,"url":"https:\/\/www.enviroscop.fr\/actu\/2014\/01\/loi-du-2-janvier-2014-experimentation-du-certificat-de-projet-du-permis-unique-et-des-zones-dinteret-economique-et-ecologique-arnaud-gossement\/","url_meta":{"origin":131,"position":3},"title":"Loi du 2 janvier 2014 : exp\u00e9rimentation du certificat de projet, du permis unique et&#8230;.des zones d&rsquo;int\u00e9r\u00eat \u00e9conomique et \u00e9cologique : Arnaud Gossement","author":"Enviroscop","date":"3 janvier 2014","format":false,"excerpt":"A noter au JO de ce 3 janvier 2014 : la publication de la loi n\u00b0 2014-1 du 2 janvier 2014 habilitant le Gouvernement \u00e0 simplifier et s\u00e9curiser la vie des entreprises. Trois dispositions retiendront l'attention des juristes en droit de l'environnement : le certificat de projet, le permis unique,\u2026","rel":"","context":"Dans &quot;durable&quot;","block_context":{"text":"durable","link":"https:\/\/www.enviroscop.fr\/actu\/category\/durable\/"},"img":{"alt_text":"","src":"","width":0,"height":0},"classes":[]},{"id":2003,"url":"https:\/\/www.enviroscop.fr\/actu\/2014\/07\/la-charte-dun-parc-naturel-regional-peut-imposer-la-localisation-des-carrieres\/","url_meta":{"origin":131,"position":4},"title":"La charte d&rsquo;un parc naturel r\u00e9gional peut imposer la localisation des carri\u00e8res","author":"Enviroscop","date":"10 juillet 2014","format":false,"excerpt":"Le Conseil d'Etat a rejet\u00e9 le 25 juin une requ\u00eate de l'Union nationale des industries de carri\u00e8res et des mat\u00e9riaux de construction (Unicem) Midi-Pyr\u00e9n\u00e9es et Languedoc-Roussillon, qui visait \u00e0 faire annuler le d\u00e9cret de classement du parc naturel r\u00e9gional du Haut-Languedoc. A cette occasion, le Conseil d'Etat affine sa jurisprudence\u2026","rel":"","context":"Dans &quot;Carri\u00e8res&quot;","block_context":{"text":"Carri\u00e8res","link":"https:\/\/www.enviroscop.fr\/actu\/category\/icpe\/carrieres\/"},"img":{"alt_text":"","src":"","width":0,"height":0},"classes":[]},{"id":4508,"url":"https:\/\/www.enviroscop.fr\/actu\/2021\/11\/etude-dimpact-le-conseil-detat-fixe-des-limites-a-la-presentation-de-solutions-de-substitution\/","url_meta":{"origin":131,"position":5},"title":"\u00c9tude d&rsquo;impact : le Conseil d&rsquo;\u00c9tat fixe des limites \u00e0 la pr\u00e9sentation de solutions de substitution","author":"Enviroscop","date":"23 novembre 2021","format":false,"excerpt":"Le contentieux portant sur la centrale de production d'\u00e9lectricit\u00e9 de Landivisiau (Finist\u00e8re) fait d\u00e9cid\u00e9ment \u00e9voluer la jurisprudence. En m\u00eame temps qu'une d\u00e9cision reconnaissant l'effet direct d'une nouvelle disposition de la Convention d'Aarhus, le Conseil d'\u00c9tat a rendu, le 15\u00a0novembre, une autre\u00a0d\u00e9cision\u00a0qui, quant \u00e0 elle, pr\u00e9cise l'obligation pour le porteur de\u2026","rel":"","context":"Dans &quot;Conseil d'Etat&quot;","block_context":{"text":"Conseil d'Etat","link":"https:\/\/www.enviroscop.fr\/actu\/category\/juridique\/conseil-detat\/"},"img":{"alt_text":"","src":"","width":0,"height":0},"classes":[]}],"jetpack_sharing_enabled":true,"_links":{"self":[{"href":"https:\/\/www.enviroscop.fr\/actu\/wp-json\/wp\/v2\/posts\/131","targetHints":{"allow":["GET"]}}],"collection":[{"href":"https:\/\/www.enviroscop.fr\/actu\/wp-json\/wp\/v2\/posts"}],"about":[{"href":"https:\/\/www.enviroscop.fr\/actu\/wp-json\/wp\/v2\/types\/post"}],"author":[{"embeddable":true,"href":"https:\/\/www.enviroscop.fr\/actu\/wp-json\/wp\/v2\/users\/1"}],"replies":[{"embeddable":true,"href":"https:\/\/www.enviroscop.fr\/actu\/wp-json\/wp\/v2\/comments?post=131"}],"version-history":[{"count":0,"href":"https:\/\/www.enviroscop.fr\/actu\/wp-json\/wp\/v2\/posts\/131\/revisions"}],"wp:attachment":[{"href":"https:\/\/www.enviroscop.fr\/actu\/wp-json\/wp\/v2\/media?parent=131"}],"wp:term":[{"taxonomy":"category","embeddable":true,"href":"https:\/\/www.enviroscop.fr\/actu\/wp-json\/wp\/v2\/categories?post=131"},{"taxonomy":"post_tag","embeddable":true,"href":"https:\/\/www.enviroscop.fr\/actu\/wp-json\/wp\/v2\/tags?post=131"}],"curies":[{"name":"wp","href":"https:\/\/api.w.org\/{rel}","templated":true}]}}