{"id":1357,"date":"2013-08-22T09:11:51","date_gmt":"2013-08-22T08:11:51","guid":{"rendered":"http:\/\/www.enviroscop.fr\/actu\/?p=1357"},"modified":"2013-08-22T09:13:09","modified_gmt":"2013-08-22T08:13:09","slug":"re-powering-eolien-ca-commence","status":"publish","type":"post","link":"https:\/\/www.enviroscop.fr\/actu\/2013\/08\/re-powering-eolien-ca-commence\/","title":{"rendered":"\u00ab\u00a0Re-powering\u00a0\u00bb \u00e9olien : \u00e7a commence&#8230;"},"content":{"rendered":"<p><a href=\"https:\/\/i0.wp.com\/www.enviroscop.fr\/actu\/wp-content\/uploads\/2013\/04\/eole3.jpg?ssl=1\"><img data-recalc-dims=\"1\" loading=\"lazy\" decoding=\"async\" data-attachment-id=\"816\" data-permalink=\"https:\/\/www.enviroscop.fr\/actu\/2013\/04\/lobservatoire-sur-la-consommation-des-terres-agricoles-enfin-installe\/eole3\/\" data-orig-file=\"https:\/\/i0.wp.com\/www.enviroscop.fr\/actu\/wp-content\/uploads\/2013\/04\/eole3.jpg?fit=%2C&amp;ssl=1\" data-orig-size=\"\" data-comments-opened=\"1\" data-image-meta=\"[]\" data-image-title=\"eole3\" data-image-description=\"\" data-image-caption=\"\" data-large-file=\"https:\/\/i0.wp.com\/www.enviroscop.fr\/actu\/wp-content\/uploads\/2013\/04\/eole3.jpg?fit=1024%2C1024&amp;ssl=1\" class=\" wp-image-816 alignleft\" alt=\"eole3\" src=\"https:\/\/i0.wp.com\/www.enviroscop.fr\/actu\/wp-content\/uploads\/2013\/04\/eole3.jpg?resize=240%2C168&#038;ssl=1\" width=\"240\" height=\"168\" \/><\/a>Nos voisins suisses assistent, depuis juin, au \u00ab\u00a0repowering\u00a0\u00bb de la centrale \u00e9olienne Juvent SA, c&rsquo;est-\u00e0-dire le remplacement de quatre \u00e9oliennes de type V44\/V47 (datant d&rsquo;une 20aine d&rsquo;ann\u00e9es, 0,6 MW) par des turbines modernes beaucoup plus performantes de type V90 (2 MW).<\/p>\n<p>Les anciennes turbines sont d\u00e9mont\u00e9es avec soin pour \u00eatre r\u00e9utilis\u00e9es sur d&rsquo;autres site de production.<\/p>\n<p>Les nouvelles, pour des raisons techniques (\u00e9loignement, sillage&#8230;) ne pourront pas prendre la place exacte des anciennes, les fondations seront adapt\u00e9es au nouveau mod\u00e8le.<\/p>\n<p>Co\u00fbtant pr\u00e8s de 17 millions de Francs Suisse, ce changement de machine permettra d&rsquo;augmenter de 40 % la production de la centrale, qui comprend 16 \u00e9oliennes, passant de\u00a040 \u00e0 plus de 55 millions de kilowattheures.<\/p>\n","protected":false},"excerpt":{"rendered":"<p>Nos voisins suisses assistent, depuis juin, au \u00ab\u00a0repowering\u00a0\u00bb de la centrale \u00e9olienne Juvent SA, c&rsquo;est-\u00e0-dire le remplacement de quatre \u00e9oliennes de type V44\/V47 (datant d&rsquo;une 20aine d&rsquo;ann\u00e9es, 0,6 MW) par des turbines modernes beaucoup plus performantes de type V90 (2 MW). Les anciennes turbines sont d\u00e9mont\u00e9es avec soin pour \u00eatre r\u00e9utilis\u00e9es sur d&rsquo;autres site de &hellip; <\/p>\n<p><a class=\"more-link btn\" href=\"https:\/\/www.enviroscop.fr\/actu\/2013\/08\/re-powering-eolien-ca-commence\/\">Lire la suite<\/a><\/p>\n","protected":false},"author":1,"featured_media":0,"comment_status":"open","ping_status":"open","sticky":false,"template":"","format":"standard","meta":{"jetpack_post_was_ever_published":false,"_jetpack_newsletter_access":"","_jetpack_dont_email_post_to_subs":false,"_jetpack_newsletter_tier_id":0,"_jetpack_memberships_contains_paywalled_content":false,"_jetpack_memberships_contains_paid_content":false,"footnotes":"","jetpack_publicize_message":"","jetpack_publicize_feature_enabled":true,"jetpack_social_post_already_shared":true,"jetpack_social_options":{"image_generator_settings":{"template":"highway","default_image_id":0,"font":"","enabled":false},"version":2}},"categories":[7,8],"tags":[],"class_list":["post-1357","post","type-post","status-publish","format-standard","hentry","category-energie","category-eolien","item-wrap"],"jetpack_publicize_connections":[],"jetpack_featured_media_url":"","jetpack_shortlink":"https:\/\/wp.me\/p3rXAp-lT","jetpack_likes_enabled":true,"jetpack-related-posts":[{"id":2778,"url":"https:\/\/www.enviroscop.fr\/actu\/2017\/03\/des-eoliennes-de-en-puissantes-pour-les-parcs-marins\/","url_meta":{"origin":1357,"position":0},"title":"Des \u00e9oliennes de plus en plus puissantes, pour les parcs marins","author":"Enviroscop","date":"28 mars 2017","format":false,"excerpt":"Dong Energy a sign\u00e9 un march\u00e9 pour 56 machines Vestas V164 de 8MW pour son parc de Borkum Riffgrund 2 (450MW) en mer du Nord. Situ\u00e9 \u00e0 plus de 57 km des c\u00f4tes, les fonds sont seulement de 25 m\u00e8tres. Il devrait \u00eatre autoris\u00e9 en 2018. Pour m\u00e9moire, le par\u2026","rel":"","context":"Dans &quot;Energie&quot;","block_context":{"text":"Energie","link":"https:\/\/www.enviroscop.fr\/actu\/category\/energie\/"},"img":{"alt_text":"","src":"","width":0,"height":0},"classes":[]},{"id":1529,"url":"https:\/\/www.enviroscop.fr\/actu\/2013\/10\/beganne-premier-parc-eolien-citoyen-en-france\/","url_meta":{"origin":1357,"position":1},"title":"B\u00e9ganne, premier parc \u00e9olien citoyen en France","author":"Enviroscop","date":"14 octobre 2013","format":false,"excerpt":"La filiale du Groupe indien Suzlon, REpower Systems SE a r\u00e9cemment annonc\u00e9 avoir remport\u00e9 un contrat pour la fourniture \u00e0 la soci\u00e9t\u00e9 fran\u00e7aise B\u00e9gawatts des turbines \u00e9oliennes \u00e0 destination du 1er parc \u00e9olien citoyen en France : B\u00e9ganne. Le parc \u00e9olien de B\u00e9ganne, situ\u00e9 dans le d\u00e9partement du Morbihan en\u2026","rel":"","context":"Dans &quot;durable&quot;","block_context":{"text":"durable","link":"https:\/\/www.enviroscop.fr\/actu\/category\/durable\/"},"img":{"alt_text":"","src":"","width":0,"height":0},"classes":[]},{"id":209,"url":"https:\/\/www.enviroscop.fr\/actu\/2010\/04\/le-parc-olien-franais-gagne-en-puissance\/","url_meta":{"origin":1357,"position":2},"title":"Le parc \u00e9olien fran\u00e7ais gagne en puissance","author":"Enviroscop","date":"7 avril 2010","format":false,"excerpt":"La production d?????nergie ??olienne a continu?? d???augmenter en France en 2009, mesure que se sont ??toff??s les parcs et leur puissance install??e. La puissance ??olienne raccord??e au r??seau ??tait de 4.400 MW l???an pass??, soit pr??s d...","rel":"","context":"Dans &quot;Eolien&quot;","block_context":{"text":"Eolien","link":"https:\/\/www.enviroscop.fr\/actu\/category\/energie\/renouvelable\/eolien\/"},"img":{"alt_text":"Moz-screenshot","src":"https:\/\/i0.wp.com\/www.enviroscop.fr\/actu\/wp-content\/uploads\/2013\/02\/moz-screenshot.png?resize=350%2C200","width":350,"height":200},"classes":[]},{"id":2702,"url":"https:\/\/www.enviroscop.fr\/actu\/2016\/11\/resultats-des-appels-a-projets-eolien-flottant-energies-marines\/","url_meta":{"origin":1357,"position":3},"title":"R\u00e9sultats des appels \u00e0 projets \u00e9olien flottant et \u00e9nergies marines","author":"Enviroscop","date":"4 novembre 2016","format":false,"excerpt":"Deux nouveaux laur\u00e9ats de l'appel \u00e0 projets fermes pilotes pour l'\u00e9olien flottant : le projet PGL port\u00e9 par EDF EN, avec des turbines Siemens et des flotteurs SBM\/IFPEN, sur la zone de Faraman en M\u00e9diterran\u00e9e qui se compose de 3 \u00e9oliennes de 8 MW ; le projet EFGL port\u00e9 par\u2026","rel":"","context":"Dans &quot;Eolien&quot;","block_context":{"text":"Eolien","link":"https:\/\/www.enviroscop.fr\/actu\/category\/energie\/renouvelable\/eolien\/"},"img":{"alt_text":"","src":"","width":0,"height":0},"classes":[]},{"id":1098,"url":"https:\/\/www.enviroscop.fr\/actu\/2013\/06\/eolien-offshore-consortium-reduit-edf-et-wpd-offshore-avec-alstom-comme-fournisseur\/","url_meta":{"origin":1357,"position":4},"title":"\u00c9olien offshore : consortium r\u00e9duit EDF et WPD Offshore, avec Alstom comme fournisseur","author":"Enviroscop","date":"3 juin 2013","format":false,"excerpt":"EDF \u00c9nergies Nouvelles et l\u2019allemand WPD Offshore vont cr\u00e9er une soci\u00e9t\u00e9 commune pour r\u00e9pondre au second appel d\u2019offres gouvernemental pour l\u2019\u00e9olien en mer. EDF Energies Nouvelles EDF EN et WPD Offshore ont annonc\u00e9 la signature d\u2019un accord de partenariat. Les deux groupes veulent ainsi r\u00e9pondre ensemble au second appel d\u2019offres\u2026","rel":"","context":"Dans &quot;Energie&quot;","block_context":{"text":"Energie","link":"https:\/\/www.enviroscop.fr\/actu\/category\/energie\/"},"img":{"alt_text":"eole3","src":"https:\/\/i0.wp.com\/www.enviroscop.fr\/actu\/wp-content\/uploads\/2013\/04\/eole3.jpg?resize=350%2C200","width":350,"height":200},"classes":[]},{"id":3698,"url":"https:\/\/www.enviroscop.fr\/actu\/2020\/04\/cetait-il-y-a-dix-ans\/","url_meta":{"origin":1357,"position":5},"title":"C&rsquo;\u00e9tait il y a dix ans !","author":"Enviroscop","date":"8 avril 2020","format":false,"excerpt":"En Avril 2009, nous refondions totalement notre site (statique) pour en faire un blog dynamique.Et le premier article paru nous parlait d'\u00e9olien. Vous pouvez, si vous \u00eates nostalgique, le relire ICI. Sinon, vous trouverez ci-apr\u00e8s sa mise \u00e0 jour. Bonne lecture ! Le parc \u00e9olien fran\u00e7ais continue de s'\u00e9tendre sur\u2026","rel":"","context":"Dans &quot;Energie&quot;","block_context":{"text":"Energie","link":"https:\/\/www.enviroscop.fr\/actu\/category\/energie\/"},"img":{"alt_text":"","src":"https:\/\/i0.wp.com\/www.enviroscop.fr\/actu\/wp-content\/uploads\/2020\/04\/image-1.png?resize=350%2C200&ssl=1","width":350,"height":200,"srcset":"https:\/\/i0.wp.com\/www.enviroscop.fr\/actu\/wp-content\/uploads\/2020\/04\/image-1.png?resize=350%2C200&ssl=1 1x, https:\/\/i0.wp.com\/www.enviroscop.fr\/actu\/wp-content\/uploads\/2020\/04\/image-1.png?resize=525%2C300&ssl=1 1.5x, https:\/\/i0.wp.com\/www.enviroscop.fr\/actu\/wp-content\/uploads\/2020\/04\/image-1.png?resize=700%2C400&ssl=1 2x, https:\/\/i0.wp.com\/www.enviroscop.fr\/actu\/wp-content\/uploads\/2020\/04\/image-1.png?resize=1050%2C600&ssl=1 3x"},"classes":[]}],"jetpack_sharing_enabled":true,"_links":{"self":[{"href":"https:\/\/www.enviroscop.fr\/actu\/wp-json\/wp\/v2\/posts\/1357","targetHints":{"allow":["GET"]}}],"collection":[{"href":"https:\/\/www.enviroscop.fr\/actu\/wp-json\/wp\/v2\/posts"}],"about":[{"href":"https:\/\/www.enviroscop.fr\/actu\/wp-json\/wp\/v2\/types\/post"}],"author":[{"embeddable":true,"href":"https:\/\/www.enviroscop.fr\/actu\/wp-json\/wp\/v2\/users\/1"}],"replies":[{"embeddable":true,"href":"https:\/\/www.enviroscop.fr\/actu\/wp-json\/wp\/v2\/comments?post=1357"}],"version-history":[{"count":0,"href":"https:\/\/www.enviroscop.fr\/actu\/wp-json\/wp\/v2\/posts\/1357\/revisions"}],"wp:attachment":[{"href":"https:\/\/www.enviroscop.fr\/actu\/wp-json\/wp\/v2\/media?parent=1357"}],"wp:term":[{"taxonomy":"category","embeddable":true,"href":"https:\/\/www.enviroscop.fr\/actu\/wp-json\/wp\/v2\/categories?post=1357"},{"taxonomy":"post_tag","embeddable":true,"href":"https:\/\/www.enviroscop.fr\/actu\/wp-json\/wp\/v2\/tags?post=1357"}],"curies":[{"name":"wp","href":"https:\/\/api.w.org\/{rel}","templated":true}]}}