{"id":1363,"date":"2013-08-27T07:19:57","date_gmt":"2013-08-27T06:19:57","guid":{"rendered":"http:\/\/www.enviroscop.fr\/actu\/?p=1363"},"modified":"2013-08-27T07:29:04","modified_gmt":"2013-08-27T06:29:04","slug":"srcae-premier-bilan-de-lexperimentation","status":"publish","type":"post","link":"https:\/\/www.enviroscop.fr\/actu\/2013\/08\/srcae-premier-bilan-de-lexperimentation\/","title":{"rendered":"SRCAE : premier bilan de l&rsquo;exp\u00e9rimentation"},"content":{"rendered":"<style><!--\n.a_actu:active {color:#228822; text-decoration: underline;}\n.a_actu:visited {color:#006633; text-decoration: underline;}\n.a_actu:link {color:#228822; text-decoration: underline;}\n.a_actu:hover {color:#003333; text-decoration:underline }\n--><\/style>\n<p><span style=\"color: #000000; font-family: Arial;\">L&rsquo;administration dresse un bilan qualitatif des sch\u00e9mas r\u00e9gionaux climat air \u00e9nergie. L&rsquo;objectif est de tirer les le\u00e7ons de cette premi\u00e8re exp\u00e9rience en vue d&rsquo;am\u00e9liorer la deuxi\u00e8me g\u00e9n\u00e9ration, qui pourrait \u00eatre au c\u0153ur de la transition \u00e9nerg\u00e9tique.<\/span><br \/>\n<span style=\"font-size: 12px; font-family: Arial; color: #000000;\"><br \/>\n26 11:30:14\/08\/2013 &#8211;<br \/>\n<i><a class=\"a_actu\" href=\"http:\/\/www.actu-environnement.com\/ae\/news\/transition-energetique-srcae-deuxieme-generation-19215.php4\" target=\"_blank\">Lire l&rsquo;actu<\/a><\/i><br \/>\n<\/span><br \/>\n<a style=\"font-size: 10px; font-family: Arial; text-decoration: none; color: #000000;\" href=\"http:\/\/www.actu-environnement.com\" target=\"_blank\">\u00a9 Actu-Environnement<\/a><\/p>\n","protected":false},"excerpt":{"rendered":"<p>L&rsquo;administration dresse un bilan qualitatif des sch\u00e9mas r\u00e9gionaux climat air \u00e9nergie. L&rsquo;objectif est de tirer les le\u00e7ons de cette premi\u00e8re exp\u00e9rience en vue d&rsquo;am\u00e9liorer la deuxi\u00e8me g\u00e9n\u00e9ration, qui pourrait \u00eatre au c\u0153ur de la transition \u00e9nerg\u00e9tique. 26 11:30:14\/08\/2013 &#8211; Lire l&rsquo;actu \u00a9 Actu-Environnement<\/p>\n","protected":false},"author":1,"featured_media":0,"comment_status":"open","ping_status":"open","sticky":false,"template":"","format":"standard","meta":{"_acf_changed":false,"footnotes":""},"categories":[15,22,7,68,28],"tags":[],"class_list":["post-1363","post","type-post","status-publish","format-standard","hentry","category-climat","category-economie","category-energie","category-france","category-ges","item-wrap"],"acf":[],"_links":{"self":[{"href":"https:\/\/www.enviroscop.fr\/actu\/wp-json\/wp\/v2\/posts\/1363","targetHints":{"allow":["GET"]}}],"collection":[{"href":"https:\/\/www.enviroscop.fr\/actu\/wp-json\/wp\/v2\/posts"}],"about":[{"href":"https:\/\/www.enviroscop.fr\/actu\/wp-json\/wp\/v2\/types\/post"}],"author":[{"embeddable":true,"href":"https:\/\/www.enviroscop.fr\/actu\/wp-json\/wp\/v2\/users\/1"}],"replies":[{"embeddable":true,"href":"https:\/\/www.enviroscop.fr\/actu\/wp-json\/wp\/v2\/comments?post=1363"}],"version-history":[{"count":0,"href":"https:\/\/www.enviroscop.fr\/actu\/wp-json\/wp\/v2\/posts\/1363\/revisions"}],"wp:attachment":[{"href":"https:\/\/www.enviroscop.fr\/actu\/wp-json\/wp\/v2\/media?parent=1363"}],"wp:term":[{"taxonomy":"category","embeddable":true,"href":"https:\/\/www.enviroscop.fr\/actu\/wp-json\/wp\/v2\/categories?post=1363"},{"taxonomy":"post_tag","embeddable":true,"href":"https:\/\/www.enviroscop.fr\/actu\/wp-json\/wp\/v2\/tags?post=1363"}],"curies":[{"name":"wp","href":"https:\/\/api.w.org\/{rel}","templated":true}]}}