{"id":1406,"date":"2013-09-03T07:46:13","date_gmt":"2013-09-03T06:46:13","guid":{"rendered":"http:\/\/www.enviroscop.fr\/actu\/?p=1406"},"modified":"2013-09-03T07:46:13","modified_gmt":"2013-09-03T06:46:13","slug":"developper-les-ports-tout-en-protegeant-la-biodiversite-une-equation-insoluble","status":"publish","type":"post","link":"https:\/\/www.enviroscop.fr\/actu\/2013\/09\/developper-les-ports-tout-en-protegeant-la-biodiversite-une-equation-insoluble\/","title":{"rendered":"D\u00e9velopper les ports tout en prot\u00e9geant la biodiversit\u00e9 : une \u00e9quation insoluble ?"},"content":{"rendered":"<p>D\u00e9velopper les ports tout en prot\u00e9geant la biodiversit\u00e9 : une \u00e9quation insoluble ?<\/p>\n<p>A l&rsquo;heure o\u00f9 le ministre des transports entend mettre en \u0153uvre la strat\u00e9gie de relance portuaire afin d&rsquo;accentuer la \u00ab\u00a0comp\u00e9titivit\u00e9\u00a0\u00bb des ports fran\u00e7ais dans le commerce international, comment prot\u00e9ger la biodiversit\u00e9 des littoraux ?<\/p>\n<p>Un \u00ab\u00a0article-question\u00a0\u00bb qui n&rsquo;apporte pas de r\u00e9ponse, mais expose les pistes explor\u00e9es par les villes-ports (dont le Havre et Rouen).<\/p>\n<p>Il est toujours bon de se poser les bonnes questions au bon moment<\/p>\n<p>A lire sur Actu-Environnement : <a href=\"http:\/\/www.actu-environnement.com\/ae\/news\/developpement-port-protection-biodiversite-19309.php4#xtor=EPR-1\">D\u00e9velopper les ports tout en prot\u00e9geant la biodiversit\u00e9 : une \u00e9quation insoluble ?<\/a>.<\/p>\n","protected":false},"excerpt":{"rendered":"<p>D\u00e9velopper les ports tout en prot\u00e9geant la biodiversit\u00e9 : une \u00e9quation insoluble ? A l&rsquo;heure o\u00f9 le ministre des transports entend mettre en \u0153uvre la strat\u00e9gie de relance portuaire afin d&rsquo;accentuer la \u00ab\u00a0comp\u00e9titivit\u00e9\u00a0\u00bb des ports fran\u00e7ais dans le commerce international, comment prot\u00e9ger la biodiversit\u00e9 des littoraux ? Un \u00ab\u00a0article-question\u00a0\u00bb qui n&rsquo;apporte pas de r\u00e9ponse, mais &hellip; <\/p>\n<p><a class=\"more-link btn\" href=\"https:\/\/www.enviroscop.fr\/actu\/2013\/09\/developper-les-ports-tout-en-protegeant-la-biodiversite-une-equation-insoluble\/\">Lire la suite<\/a><\/p>\n","protected":false},"author":1,"featured_media":0,"comment_status":"open","ping_status":"open","sticky":false,"template":"","format":"standard","meta":{"jetpack_post_was_ever_published":false,"_jetpack_newsletter_access":"","_jetpack_dont_email_post_to_subs":false,"_jetpack_newsletter_tier_id":0,"_jetpack_memberships_contains_paywalled_content":false,"_jetpack_memberships_contains_paid_content":false,"footnotes":"","jetpack_publicize_message":"","jetpack_publicize_feature_enabled":true,"jetpack_social_post_already_shared":true,"jetpack_social_options":{"image_generator_settings":{"template":"highway","default_image_id":0,"font":"","enabled":false},"version":2}},"categories":[11,20,6,22],"tags":[],"class_list":["post-1406","post","type-post","status-publish","format-standard","hentry","category-biodiversite","category-durable","category-ecologie","category-economie","item-wrap"],"jetpack_publicize_connections":[],"jetpack_featured_media_url":"","jetpack_shortlink":"https:\/\/wp.me\/p3rXAp-mG","jetpack_likes_enabled":true,"jetpack-related-posts":[{"id":2526,"url":"https:\/\/www.enviroscop.fr\/actu\/2015\/12\/plan-batiment-durable-20-propositions-dactions-pour-la-biodiversite\/","url_meta":{"origin":1406,"position":0},"title":"Plan b\u00e2timent durable, 20 propositions d&rsquo;actions pour la biodiversit\u00e9","author":"Enviroscop","date":"16 d\u00e9cembre 2015","format":false,"excerpt":"La transition \u00e9cologique conduit \u00e0 faire \u00e9merger la biodiversit\u00e9 comme un sujet \u00e0 part enti\u00e8re participant \u00e0 l\u2019\u00e9laboration du b\u00e2timent de demain et \u00e0 plus grande qualit\u00e9 de vie urbaine. De nombreux travaux et initiatives sur ce th\u00e8me sont d\u00e9j\u00e0 entrepris mais tr\u00e8s divers et \u00e9pars, ils sont trop souvent\u2026","rel":"","context":"Dans &quot;biodiversit\u00e9&quot;","block_context":{"text":"biodiversit\u00e9","link":"https:\/\/www.enviroscop.fr\/actu\/category\/nature\/biodiversite\/"},"img":{"alt_text":"","src":"","width":0,"height":0},"classes":[]},{"id":4939,"url":"https:\/\/www.enviroscop.fr\/actu\/2022\/09\/comment-integrer-la-biodiversite-dans-la-planification-urbaine-ou-linverse\/","url_meta":{"origin":1406,"position":1},"title":"Comment int\u00e9grer la biodiversit\u00e9 dans la planification urbaine\u2026 ou l\u2019inverse ?","author":"Enviroscop","date":"9 septembre 2022","format":false,"excerpt":"\u00a9 DR \"D\u00e9montrer comment l\u2019urbanisme doit et peut s\u2019adapter \u00e0 la biodiversit\u00e9, et non l\u2019inverse\". Tel \u00e9tait l\u2019objectif affich\u00e9 de l\u2019un des ateliers des\u00a012es Assises nationales de la biodiversit\u00e9\u00a0qui se tiennent \u00e0 Besan\u00e7on du 7 au 9 septembre. \u00a0 Un atelier des 12es Assises nationales de la biodiversit\u00e9 qui se\u2026","rel":"","context":"Dans &quot;AEU&quot;","block_context":{"text":"AEU","link":"https:\/\/www.enviroscop.fr\/actu\/category\/amenagement\/urbanisme\/aeu\/"},"img":{"alt_text":"espace naturel ville ","src":"https:\/\/i0.wp.com\/www.banquedesterritoires.fr\/sites\/default\/files\/styles\/landscape_no_crop\/public\/2022-09\/Sanfghfdghfghfghs%20titre-1.jpg?resize=350%2C200&ssl=1","width":350,"height":200,"srcset":"https:\/\/i0.wp.com\/www.banquedesterritoires.fr\/sites\/default\/files\/styles\/landscape_no_crop\/public\/2022-09\/Sanfghfdghfghfghs%20titre-1.jpg?resize=350%2C200&ssl=1 1x, https:\/\/i0.wp.com\/www.banquedesterritoires.fr\/sites\/default\/files\/styles\/landscape_no_crop\/public\/2022-09\/Sanfghfdghfghfghs%20titre-1.jpg?resize=525%2C300&ssl=1 1.5x, https:\/\/i0.wp.com\/www.banquedesterritoires.fr\/sites\/default\/files\/styles\/landscape_no_crop\/public\/2022-09\/Sanfghfdghfghfghs%20titre-1.jpg?resize=700%2C400&ssl=1 2x"},"classes":[]},{"id":2165,"url":"https:\/\/www.enviroscop.fr\/actu\/2014\/12\/colloque-ecosystemes-estuariens-quels-enjeux-pour-la-biodiversite\/","url_meta":{"origin":1406,"position":2},"title":"Colloque \u00ab\u00a0\u00c9cosyst\u00e8mes estuariens, quels enjeux pour la biodiversit\u00e9 ?\u00a0\u00bb","author":"Enviroscop","date":"9 d\u00e9cembre 2014","format":false,"excerpt":"Les 29, 30 et 31 janvier 2015, BioSph\u00e8re Environnement, le R\u00e9seau Fran\u00e7ais d'Ornithologie RFO et l'Atlantic Flyway Network,en partenariat avec la R\u00e9gion Poitou-Charentes, le Conseil G\u00e9n\u00e9ral de la Charente-Maritime, la Communaut\u00e9 d\u2019Agglom\u00e9ration Royan Atlantique,le SMIDDEST, la ville de Royan, la ville de Saint-Georges-de-Didonne,l\u2019Agence de l\u2019Eau Adour-Garonne, le Grand Port Maritime\u2026","rel":"","context":"Dans &quot;biodiversit\u00e9&quot;","block_context":{"text":"biodiversit\u00e9","link":"https:\/\/www.enviroscop.fr\/actu\/category\/nature\/biodiversite\/"},"img":{"alt_text":"","src":"","width":0,"height":0},"classes":[]},{"id":2915,"url":"https:\/\/www.enviroscop.fr\/actu\/2017\/11\/concilier-energies-renouvelables-biodiversite-nouvelle-note-de-lassociation-oree\/","url_meta":{"origin":1406,"position":3},"title":"Concilier \u00e9nergies renouvelables et biodiversit\u00e9, nouvelle note de l&rsquo;association Or\u00e9e","author":"Enviroscop","date":"8 novembre 2017","format":false,"excerpt":"Encourag\u00e9 par la lutte contre le changement climatique, le d\u00e9veloppement des \u00e9nergies durables suscite des enjeux majeurs pour la protection de la biodiversit\u00e9. La note r\u00e9alis\u00e9e par OR\u00c9E part du principe selon lequel la protection de la biodiversit\u00e9 et la transition \u00e9nerg\u00e9tique sont deux notions cl\u00e9s et interconnect\u00e9es. Bas\u00e9e sur\u2026","rel":"","context":"Dans &quot;Climat&quot;","block_context":{"text":"Climat","link":"https:\/\/www.enviroscop.fr\/actu\/category\/climat\/"},"img":{"alt_text":"","src":"https:\/\/i0.wp.com\/www.oree.org\/source\/imgs\/_2017_couv_cop23.jpg?resize=350%2C200","width":350,"height":200},"classes":[]},{"id":4282,"url":"https:\/\/www.enviroscop.fr\/actu\/2021\/06\/le-ceser-normandie-publie-une-contribution-a-la-strategie-nationale-pour-la-biodiversite\/","url_meta":{"origin":1406,"position":4},"title":"Le CESER Normandie publie une contribution \u00e0 la Strat\u00e9gie nationale pour la biodiversit\u00e9","author":"Enviroscop","date":"7 juin 2021","format":false,"excerpt":"Le CESER de Normandie publie en mai 2021 une contribution pour l\u2019\u00e9laboration de la future strat\u00e9gie nationale pour la biodiversit\u00e9 2021-2030, suite \u00e0 la sollicitation de Madame B\u00e9rang\u00e8re Abba, secr\u00e9taire d\u2019Etat en charge de la Biodiversit\u00e9. Si le constat du d\u00e9clin massif de la biodiversit\u00e9 est aujourd\u2019hui clairement \u00e9tabli, et\u2026","rel":"","context":"Dans &quot;biodiversit\u00e9&quot;","block_context":{"text":"biodiversit\u00e9","link":"https:\/\/www.enviroscop.fr\/actu\/category\/nature\/biodiversite\/"},"img":{"alt_text":"Le CESER Normandie publie une contribution \u00e0 la Strat\u00e9gie nationale pour la biodiversit\u00e9","src":"https:\/\/i0.wp.com\/www.anbdd.fr\/wp-content\/webp-express\/webp-images\/doc-root\/wp-content\/uploads\/2021\/04\/pexels-dominika-roseclay-6399516-920x610.jpg.webp?resize=350%2C200&ssl=1","width":350,"height":200},"classes":[]},{"id":1467,"url":"https:\/\/www.enviroscop.fr\/actu\/2013\/09\/etude-sur-le-potentiel-de-vegetalisation-des-toitures-terrasses-a-paris\/","url_meta":{"origin":1406,"position":5},"title":"\u00c9tude sur le potentiel de v\u00e9g\u00e9talisation des toitures terrasses \u00e0 Paris","author":"Enviroscop","date":"19 septembre 2013","format":false,"excerpt":"Au-del\u00e0 des enjeux relatifs aux envies des citadins de disposer de plus de nature en ville, la question de la v\u00e9g\u00e9talisation repr\u00e9sente un enjeu majeur pour Paris \u00e0 l\u2019aune des engagements pris en mati\u00e8re de d\u00e9veloppement durable et face \u00e0 un foncier rare. Cet enjeu est identifi\u00e9 comme un des\u2026","rel":"","context":"Dans &quot;Agriculture&quot;","block_context":{"text":"Agriculture","link":"https:\/\/www.enviroscop.fr\/actu\/category\/activite\/agriculture\/"},"img":{"alt_text":"","src":"","width":0,"height":0},"classes":[]}],"jetpack_sharing_enabled":true,"_links":{"self":[{"href":"https:\/\/www.enviroscop.fr\/actu\/wp-json\/wp\/v2\/posts\/1406","targetHints":{"allow":["GET"]}}],"collection":[{"href":"https:\/\/www.enviroscop.fr\/actu\/wp-json\/wp\/v2\/posts"}],"about":[{"href":"https:\/\/www.enviroscop.fr\/actu\/wp-json\/wp\/v2\/types\/post"}],"author":[{"embeddable":true,"href":"https:\/\/www.enviroscop.fr\/actu\/wp-json\/wp\/v2\/users\/1"}],"replies":[{"embeddable":true,"href":"https:\/\/www.enviroscop.fr\/actu\/wp-json\/wp\/v2\/comments?post=1406"}],"version-history":[{"count":0,"href":"https:\/\/www.enviroscop.fr\/actu\/wp-json\/wp\/v2\/posts\/1406\/revisions"}],"wp:attachment":[{"href":"https:\/\/www.enviroscop.fr\/actu\/wp-json\/wp\/v2\/media?parent=1406"}],"wp:term":[{"taxonomy":"category","embeddable":true,"href":"https:\/\/www.enviroscop.fr\/actu\/wp-json\/wp\/v2\/categories?post=1406"},{"taxonomy":"post_tag","embeddable":true,"href":"https:\/\/www.enviroscop.fr\/actu\/wp-json\/wp\/v2\/tags?post=1406"}],"curies":[{"name":"wp","href":"https:\/\/api.w.org\/{rel}","templated":true}]}}