{"id":142,"date":"2013-01-31T10:05:00","date_gmt":"2013-01-31T10:05:00","guid":{"rendered":"http:\/\/actu.enviroscop.com\/bilans-gaz-a-effet-de-serre-un-site-dinformat"},"modified":"2013-02-28T15:06:05","modified_gmt":"2013-02-28T14:06:05","slug":"bilans-gaz-a-effet-de-serre-un-site-dinformat","status":"publish","type":"post","link":"https:\/\/www.enviroscop.fr\/actu\/2013\/01\/bilans-gaz-a-effet-de-serre-un-site-dinformat\/","title":{"rendered":"Bilans Gaz \u00e0 Effet de Serre : un site d&rsquo;information d\u00e9di\u00e9"},"content":{"rendered":"<p class=\"p_embed p_image_embed\"><img data-recalc-dims=\"1\" loading=\"lazy\" decoding=\"async\" class=\"alignleft\" alt=\"6a00d834515f4d69e2017d40505f7f970c-800wi1\" src=\"https:\/\/i0.wp.com\/www.enviroscop.fr\/actu\/wp-content\/uploads\/2013\/02\/6a00d834515f4d69e2017d40505f7f970c-800wi1-scaled500.gif?resize=127%2C85&#038;ssl=1\" width=\"127\" height=\"85\" \/><\/p>\n<p>L&rsquo;ADEME met en ligne un nouveau site internet d\u00e9di\u00e9 aux bilans Gaz \u00e0 Effet de Serre (GES).<\/p>\n<p><!--more-->L&rsquo;objectif est de rassembler dans un seul et unique site toutes les actualit\u00e9s et informations &#8211; r\u00e9glementation, contexte, documentation, liens vers les principaux acteurs &#8211; sur les bilans GES.<\/p>\n<p>Ce site d\u00e9di\u00e9 s&rsquo;adresse \u00e0 toutes les cat\u00e9gories d&rsquo;acteurs &#8211; \u00a0entreprise, collectivit\u00e9s, \u00e9tablissements publics et particuliers &#8211; pour qui cette information peut \u00eatre indispensable. Ils y trouveront une information adapt\u00e9e et sp\u00e9cifique \u00e0 leurs secteurs d&rsquo;activit\u00e9, enrichie de revues de presse sectorielles quotidiennes.<\/p>\n<p>Une fonctionnalit\u00e9 in\u00e9dite permettant le d\u00e9p\u00f4t et la consultation de bilans GES sera propos\u00e9e d\u00e8s la fin du 1er semestre. C&rsquo;est l\u00e0 un moyen de sensibilisation et d&rsquo;incitation \u00e0 s&rsquo;engager sur la voie d&rsquo;une pratique plus courante du bilan GES et vers un moindre impact environnemental.<\/p>\n<p>&nbsp;<\/p>\n<p>D\u00e9couvrir le site, <a href=\"http:\/\/www.bilans-ges.ademe.fr\" target=\"_blank\">c&rsquo;est ICI<\/a><\/p>\n<p>&nbsp;<\/p>\n","protected":false},"excerpt":{"rendered":"<p>L&rsquo;ADEME met en ligne un nouveau site internet d??di?? aux bilans Gaz   Effet de Serre (GES). L&rsquo;objectif est de rassembler dans un seul et unique site toutes les actualit??s et informations &#8211; r??glementation, contexte, documentation, liens vers le&#8230;<\/p>\n","protected":false},"author":1,"featured_media":0,"comment_status":"open","ping_status":"open","sticky":false,"template":"","format":"standard","meta":{"jetpack_post_was_ever_published":false,"_jetpack_newsletter_access":"","_jetpack_dont_email_post_to_subs":false,"_jetpack_newsletter_tier_id":0,"_jetpack_memberships_contains_paywalled_content":false,"_jetpack_memberships_contains_paid_content":false,"footnotes":"","jetpack_publicize_message":"","jetpack_publicize_feature_enabled":true,"jetpack_social_post_already_shared":false,"jetpack_social_options":{"image_generator_settings":{"template":"highway","default_image_id":0,"font":"","enabled":false},"version":2}},"categories":[15,7,28],"tags":[],"class_list":["post-142","post","type-post","status-publish","format-standard","hentry","category-climat","category-energie","category-ges","item-wrap"],"jetpack_publicize_connections":[],"jetpack_featured_media_url":"","jetpack_shortlink":"https:\/\/wp.me\/p3rXAp-2i","jetpack_likes_enabled":true,"jetpack-related-posts":[{"id":2330,"url":"https:\/\/www.enviroscop.fr\/actu\/2015\/05\/deposez-votre-bilan-ges-en-ligne\/","url_meta":{"origin":142,"position":0},"title":"D\u00e9posez votre bilan GES en ligne","author":"Enviroscop","date":"13 mai 2015","format":false,"excerpt":"L\u2019ADEME lance une plateforme de d\u00e9claration en ligne des bilans d\u2019\u00e9missions de Gaz \u00e0 effet de serre (GES). La r\u00e9alisation d\u2019un bilan est depuis 2010 obligatoire pour les entreprises de plus de 500\u00a0salari\u00e9s en m\u00e9tropole (250 en outre-mer), les collectivit\u00e9s de plus de 50\u00a0000\u00a0habitants, les \u00e9tablissements publics de plus de\u2026","rel":"","context":"Dans &quot;Enviroscop&quot;","block_context":{"text":"Enviroscop","link":"https:\/\/www.enviroscop.fr\/actu\/category\/non-classe\/"},"img":{"alt_text":"","src":"","width":0,"height":0},"classes":[]},{"id":4250,"url":"https:\/\/www.enviroscop.fr\/actu\/2021\/05\/synthese-du-projet-de-decret-relatif-aux-bilans-demissions-de-gaz-a-effet-de-serre\/","url_meta":{"origin":142,"position":1},"title":"Synth\u00e8se du projet de d\u00e9cret relatif aux bilans d\u2019\u00e9missions de gaz \u00e0 effet de serre","author":"Enviroscop","date":"21 mai 2021","format":false,"excerpt":"Ce projet de d\u00e9cret propose notamment d\u2019\u00e9largir le p\u00e9rim\u00e8tre obligatoire des \u00e9missions estim\u00e9es aux \u00e9missions indirectes significatives toutes cat\u00e9gories confondues, et de faciliter la r\u00e9alisation d\u2019un bilan consolid\u00e9 pour les entreprises d\u2019un m\u00eame groupe. La pr\u00e9sente consultation concerne un projet de d\u00e9cret relatif aux bilans d\u2019\u00e9missions de gaz \u00e0 effet\u2026","rel":"","context":"Dans &quot;Air&quot;","block_context":{"text":"Air","link":"https:\/\/www.enviroscop.fr\/actu\/category\/compartiments\/air\/"},"img":{"alt_text":"","src":"","width":0,"height":0},"classes":[]},{"id":4237,"url":"https:\/\/www.enviroscop.fr\/actu\/2021\/05\/rte-precisions-sur-les-bilans-co2\/","url_meta":{"origin":142,"position":2},"title":"RTE : pr\u00e9cisions sur les bilans CO2","author":"Enviroscop","date":"19 mai 2021","format":false,"excerpt":"Depuis 2017, RTE a publi\u00e9, dans le cadre du Bilan pr\u00e9visionnel et des \u00e9tudes qui lui sont associ\u00e9es, de nombreux \u00e9l\u00e9ments sur l\u2019\u00e9volution des \u00e9missions de gaz \u00e0 effet de serre (GES) associ\u00e9es \u00e0 la production d\u2019\u00e9lectricit\u00e9. Ces \u00e9tudes ont montr\u00e9 : que le d\u00e9veloppement des \u00e9nergies renouvelables en France\u2026","rel":"","context":"Dans &quot;Air&quot;","block_context":{"text":"Air","link":"https:\/\/www.enviroscop.fr\/actu\/category\/compartiments\/air\/"},"img":{"alt_text":"","src":"https:\/\/i0.wp.com\/www.enviroscop.fr\/actu\/wp-content\/uploads\/2021\/05\/nrjCO2.jpg?resize=350%2C200","width":350,"height":200},"classes":[]},{"id":2561,"url":"https:\/\/www.enviroscop.fr\/actu\/2016\/02\/projet-de-decret-relatif-au-plan-climat-air-energie-territorial\/","url_meta":{"origin":142,"position":3},"title":"Projet de d\u00e9cret relatif au plan climat-air-\u00e9nergie territorial","author":"Enviroscop","date":"23 f\u00e9vrier 2016","format":false,"excerpt":"Le projet de d\u00e9cret a pour objectif de modifier la gouvernance et le contenu des plans climat-\u00e9nergie territoriaux afin de les adapter aux dispositions de la loi relative \u00e0 la transition \u00e9nerg\u00e9tique pour la croissance verte. L\u2019article 188 de la loi n\u00b02015-992 du 17 ao\u00fbt 2015 relative \u00e0 la transition\u2026","rel":"","context":"Dans &quot;Air&quot;","block_context":{"text":"Air","link":"https:\/\/www.enviroscop.fr\/actu\/category\/compartiments\/air\/"},"img":{"alt_text":"","src":"","width":0,"height":0},"classes":[]},{"id":88,"url":"https:\/\/www.enviroscop.fr\/actu\/2011\/09\/bilan-carbone-guide-methodologique-a-lusage-d\/","url_meta":{"origin":142,"position":4},"title":"Bilan carbone : guide m??thodologique ?? l&rsquo;usage des collectivit??s","author":"Enviroscop","date":"19 septembre 2011","format":false,"excerpt":"Le minist??re de l'Ecologie vient de mettre en ligne le guide m??thodologique pour l'??tablissement des bilans d'??missions de gaz effet de serre. Nous vous rappelons que, comme pr??vu par l'article 75 de la loi Grenelle 2, ces bilans doivent ...","rel":"","context":"Dans &quot;Energie&quot;","block_context":{"text":"Energie","link":"https:\/\/www.enviroscop.fr\/actu\/category\/energie\/"},"img":{"alt_text":"","src":"","width":0,"height":0},"classes":[]},{"id":195,"url":"https:\/\/www.enviroscop.fr\/actu\/2011\/10\/bilan-carbone-guides-methodologiques-du-minis\/","url_meta":{"origin":142,"position":5},"title":"Bilan carbone : guides m\u00e9thodologiques du Minist\u00e8re","author":"Enviroscop","date":"7 octobre 2011","format":false,"excerpt":"Le Minist??re de l'Ecologie vient de mettre jour deux guides l'usage des ??valuateurs : - M??thode pour la r??alisation des bilans d?????missions de Gaz effet de serre - Guide m??thodologique pour la r??alisation des bilans d?????missions...","rel":"","context":"Dans &quot;Energie&quot;","block_context":{"text":"Energie","link":"https:\/\/www.enviroscop.fr\/actu\/category\/energie\/"},"img":{"alt_text":"","src":"","width":0,"height":0},"classes":[]}],"jetpack_sharing_enabled":true,"_links":{"self":[{"href":"https:\/\/www.enviroscop.fr\/actu\/wp-json\/wp\/v2\/posts\/142","targetHints":{"allow":["GET"]}}],"collection":[{"href":"https:\/\/www.enviroscop.fr\/actu\/wp-json\/wp\/v2\/posts"}],"about":[{"href":"https:\/\/www.enviroscop.fr\/actu\/wp-json\/wp\/v2\/types\/post"}],"author":[{"embeddable":true,"href":"https:\/\/www.enviroscop.fr\/actu\/wp-json\/wp\/v2\/users\/1"}],"replies":[{"embeddable":true,"href":"https:\/\/www.enviroscop.fr\/actu\/wp-json\/wp\/v2\/comments?post=142"}],"version-history":[{"count":0,"href":"https:\/\/www.enviroscop.fr\/actu\/wp-json\/wp\/v2\/posts\/142\/revisions"}],"wp:attachment":[{"href":"https:\/\/www.enviroscop.fr\/actu\/wp-json\/wp\/v2\/media?parent=142"}],"wp:term":[{"taxonomy":"category","embeddable":true,"href":"https:\/\/www.enviroscop.fr\/actu\/wp-json\/wp\/v2\/categories?post=142"},{"taxonomy":"post_tag","embeddable":true,"href":"https:\/\/www.enviroscop.fr\/actu\/wp-json\/wp\/v2\/tags?post=142"}],"curies":[{"name":"wp","href":"https:\/\/api.w.org\/{rel}","templated":true}]}}