{"id":1441,"date":"2013-09-18T06:04:40","date_gmt":"2013-09-18T05:04:40","guid":{"rendered":"http:\/\/www.enviroscop.fr\/actu\/?p=1441"},"modified":"2013-09-18T06:04:58","modified_gmt":"2013-09-18T05:04:58","slug":"la-haute-normandie-atout-logistique-dans-lespace-paris-seine-normandie","status":"publish","type":"post","link":"https:\/\/www.enviroscop.fr\/actu\/2013\/09\/la-haute-normandie-atout-logistique-dans-lespace-paris-seine-normandie\/","title":{"rendered":"La Haute-Normandie, atout logistique dans l&rsquo;espace Paris Seine Normandie"},"content":{"rendered":"<p><a href=\"http:\/\/www.insee.fr\/fr\/themes\/document.asp?reg_id=14&amp;ref_id=20260\"><img data-recalc-dims=\"1\" loading=\"lazy\" decoding=\"async\" class=\"alignleft\" alt=\"\" src=\"https:\/\/i0.wp.com\/www.enviroscop.fr\/actu\/wp-content\/uploads\/2013\/09\/ca_1396.png?resize=135%2C186&#038;ssl=1\" width=\"135\" height=\"186\" \/><\/a><\/p>\n<p>Dans l&rsquo;ensemble Paris Seine Normandie\u00ae, la r\u00e9gion Haute-Normandie b\u00e9n\u00e9ficie d&rsquo;atouts ind\u00e9niables qui favorisent le d\u00e9veloppement des \u00e9changes commerciaux. \u00c0 proximit\u00e9 des centres de fret de premi\u00e8re importance tels que Roissy et Orly, elle dispose \u00e9galement de deux grands ports maritimes, Le Havre et Rouen, d&rsquo;un grand port fluvial Ports de Paris, et de ports secondaires (Dieppe, F\u00e9camp, Cherbourg, Caen-Ouistreham) qui d\u00e9terminent grandement sa sp\u00e9cificit\u00e9 maritime, portuaire et logistique.<\/p>\n<p>Les parts d&#8217;emploi et de richesse produite par la fili\u00e8re logistique sont de m\u00eame ordre : 4\u00a0% en 2010 dans l&rsquo;espace Paris Seine Normandie\u00ae et 7\u00a0% en Haute-Normandie.<\/p>\n<p>T\u00e9l\u00e9charger la publication, <a href=\"http:\/\/www.insee.fr\/fr\/insee_regions\/haute-normandie\/themes\/cahier_aval\/cava96\/img\/ca_1396.pdf\" target=\"_blank\">c&rsquo;est ICI<\/a><\/p>\n<p>&nbsp;<\/p>\n<p>&nbsp;<\/p>\n","protected":false},"excerpt":{"rendered":"<p>Dans l&rsquo;ensemble Paris Seine Normandie\u00ae, la r\u00e9gion Haute-Normandie b\u00e9n\u00e9ficie d&rsquo;atouts ind\u00e9niables qui favorisent le d\u00e9veloppement des \u00e9changes commerciaux. \u00c0 proximit\u00e9 des centres de fret de premi\u00e8re importance tels que Roissy et Orly, elle dispose \u00e9galement de deux grands ports maritimes, Le Havre et Rouen, d&rsquo;un grand port fluvial Ports de Paris, et de ports secondaires &hellip; <\/p>\n<p><a class=\"more-link btn\" href=\"https:\/\/www.enviroscop.fr\/actu\/2013\/09\/la-haute-normandie-atout-logistique-dans-lespace-paris-seine-normandie\/\">Lire la suite<\/a><\/p>\n","protected":false},"author":1,"featured_media":0,"comment_status":"open","ping_status":"open","sticky":false,"template":"","format":"standard","meta":{"jetpack_post_was_ever_published":false,"_jetpack_newsletter_access":"","_jetpack_dont_email_post_to_subs":false,"_jetpack_newsletter_tier_id":0,"_jetpack_memberships_contains_paywalled_content":false,"_jetpack_memberships_contains_paid_content":false,"footnotes":"","jetpack_publicize_message":"","jetpack_publicize_feature_enabled":true,"jetpack_social_post_already_shared":true,"jetpack_social_options":{"image_generator_settings":{"template":"highway","default_image_id":0,"font":"","enabled":false},"version":2}},"categories":[18,31,81,54],"tags":[],"class_list":["post-1441","post","type-post","status-publish","format-standard","hentry","category-deplacements","category-haute-normandie","category-insee","category-transport","item-wrap"],"jetpack_publicize_connections":[],"jetpack_featured_media_url":"","jetpack_shortlink":"https:\/\/wp.me\/p3rXAp-nf","jetpack_likes_enabled":true,"jetpack-related-posts":[{"id":1572,"url":"https:\/\/www.enviroscop.fr\/actu\/2013\/11\/concertation-et-action-pour-le-developpement-de-la-vallee-de-la-seine-15-millions-dhabitants-concernes-les-cooperations-avec-les-autres-collectivites-linstitution-les-elus-region-haute-n\/","url_meta":{"origin":1441,"position":0},"title":"Concertation et action pour le d\u00e9veloppement de la Vall\u00e9e de la Seine : 15 millions d&rsquo;habitants concern\u00e9s &#8211; Les coop\u00e9rations avec les autres collectivit\u00e9s &#8211; L&rsquo;institution \/ Les Elus &#8211; R\u00e9gion Haute Normandie","author":"Enviroscop","date":"12 novembre 2013","format":false,"excerpt":"Comit\u00e9 directeur pour le d\u00e9veloppement de la Vall\u00e9e de la Seine Le Comit\u00e9 directeur pour l\u2019am\u00e9nagement et le d\u00e9veloppement de la vall\u00e9e de la Seine s\u2019est r\u00e9uni ce vendredi 8 novembre \u00e0 Rouen \u00e0 l\u2019invitation de Nicolas Mayer Rossignol, Pr\u00e9sident de la R\u00e9gion Haute-Normandie. Compos\u00e9 \u00e9galement de Laurent Beauvais et\u2026","rel":"","context":"Dans &quot;biodiversit\u00e9&quot;","block_context":{"text":"biodiversit\u00e9","link":"https:\/\/www.enviroscop.fr\/actu\/category\/nature\/biodiversite\/"},"img":{"alt_text":"","src":"","width":0,"height":0},"classes":[]},{"id":1275,"url":"https:\/\/www.enviroscop.fr\/actu\/2013\/07\/colloque-national-eviter-reduire-compenser-1er-octobre-2013-normandie-association-francaise-des-ingenieurs-ecologues\/","url_meta":{"origin":1441,"position":1},"title":"Colloque national Eviter &#8211; r\u00e9duire &#8211; compenser 1er octobre 2013 Normandie","author":"Enviroscop","date":"17 juillet 2013","format":false,"excerpt":"Le 1er octobre 2013 \u00e0 Caudebec en Caux, le PNR Boucles de la Seine normande organise un colloque national sur \u201cEviter \u2013 r\u00e9duire \u2013 compenser\u201d, avec les Grands Ports du Havre et de Rouen et la F\u00e9d\u00e9ration des PNR de France. Programme et lien pour s\u2019inscrire, ci-dessous. Nous souhaitons, \u00e0\u2026","rel":"","context":"Dans &quot;durable&quot;","block_context":{"text":"durable","link":"https:\/\/www.enviroscop.fr\/actu\/category\/durable\/"},"img":{"alt_text":"","src":"","width":0,"height":0},"classes":[]},{"id":291,"url":"https:\/\/www.enviroscop.fr\/actu\/2012\/06\/atlas-des-paysages-de-haute-normandie\/","url_meta":{"origin":1441,"position":2},"title":"Atlas des paysages de Haute-Normandie","author":"Enviroscop","date":"8 juin 2012","format":false,"excerpt":"Apr??s trois ann??es de gestation, l???atlas des paysages de la Haute-Normandie a ??t?? publi?? par le Conseil R??gional et la DREAL en partenariat avec les d??partements de l???Eure et de la Seine-Maritime. Pour y acc??der, c'est ICI.","rel":"","context":"Dans &quot;ex Haute-Normandie&quot;","block_context":{"text":"ex Haute-Normandie","link":"https:\/\/www.enviroscop.fr\/actu\/category\/europe\/france\/regions\/normandie\/haute-normandie\/"},"img":{"alt_text":"","src":"","width":0,"height":0},"classes":[]},{"id":2418,"url":"https:\/\/www.enviroscop.fr\/actu\/2015\/07\/appel-a-manifestations-dinterets-transition-ecologique-valorisation-economique-vallee-de-la-seine\/","url_meta":{"origin":1441,"position":3},"title":"Transition Ecologique et Valorisation Economique en \u00ab\u00a0Vall\u00e9e de la Seine\u00a0\u00bb","author":"Enviroscop","date":"21 juillet 2015","format":false,"excerpt":"Dans le cadre du Contrat de Plan Interr\u00e9gional Etat-R\u00e9gion \u00ab\u00a0Vall\u00e9e de la Seine\u00a0\u00bb (CPIER - VdS) sign\u00e9 le 25 juin 2015, l\u2019ADEME et les trois R\u00e9gions Basse-Normandie, Haute-Normandie et \u00cele-de-France s\u2019associent pour lancer un appel \u00e0 manifestation d\u2019int\u00e9r\u00eat commun 2015-2020 \u00ab\u00a0Transition \u00e9cologique et valorisation\u00a0\u00e9conomique \u00bb afin d\u2019encourager les innovations \u00e9conomiques,\u2026","rel":"","context":"Dans &quot;ADEME&quot;","block_context":{"text":"ADEME","link":"https:\/\/www.enviroscop.fr\/actu\/category\/source\/ademe\/"},"img":{"alt_text":"","src":"","width":0,"height":0},"classes":[]},{"id":1843,"url":"https:\/\/www.enviroscop.fr\/actu\/2014\/03\/plan-de-protection-de-latmosphere-haute-normandie\/","url_meta":{"origin":1441,"position":4},"title":"Plan de protection de l\u2019atmosph\u00e8re Haute-Normandie","author":"Enviroscop","date":"13 mars 2014","format":false,"excerpt":"Le Plan de Protection de l\u2019Atmosph\u00e8re (format pdf - 16 Mo - 03\/12\/2013) de la r\u00e9gion Haute-Normandie a \u00e9t\u00e9 approuv\u00e9 par arr\u00eat\u00e9 conjoint (format pdf - 234.3 ko - 19\/02\/2014) des deux pr\u00e9fets de d\u00e9partement le 30 janvier 2014. Il a pour objectif de maintenir ou ramener les concentrations de\u2026","rel":"","context":"Dans &quot;Air&quot;","block_context":{"text":"Air","link":"https:\/\/www.enviroscop.fr\/actu\/category\/compartiments\/air\/"},"img":{"alt_text":"","src":"","width":0,"height":0},"classes":[]},{"id":1835,"url":"https:\/\/www.enviroscop.fr\/actu\/2014\/03\/la-haute-normandie-2e-region-pour-les-emplois-verts\/","url_meta":{"origin":1441,"position":5},"title":"La Haute-Normandie, 2e r\u00e9gion pour les emplois verts","author":"Enviroscop","date":"10 mars 2014","format":false,"excerpt":"Les emplois dits \"verts\" sont ceux qui pr\u00e9sentent une finalit\u00e9 environnementale. En 2010, la Haute-Normandie en compte 4\u00a0700, dont pr\u00e8s de la moiti\u00e9 dans le domaine de la production et de la distribution d'\u00e9nergie et d'eau. M\u00eame si ce chiffre peut para\u00eetre modeste, la r\u00e9gion appara\u00eet parmi celles o\u00f9 la\u2026","rel":"","context":"Dans &quot;Economie&quot;","block_context":{"text":"Economie","link":"https:\/\/www.enviroscop.fr\/actu\/category\/activite\/economie\/"},"img":{"alt_text":"","src":"","width":0,"height":0},"classes":[]}],"jetpack_sharing_enabled":true,"_links":{"self":[{"href":"https:\/\/www.enviroscop.fr\/actu\/wp-json\/wp\/v2\/posts\/1441","targetHints":{"allow":["GET"]}}],"collection":[{"href":"https:\/\/www.enviroscop.fr\/actu\/wp-json\/wp\/v2\/posts"}],"about":[{"href":"https:\/\/www.enviroscop.fr\/actu\/wp-json\/wp\/v2\/types\/post"}],"author":[{"embeddable":true,"href":"https:\/\/www.enviroscop.fr\/actu\/wp-json\/wp\/v2\/users\/1"}],"replies":[{"embeddable":true,"href":"https:\/\/www.enviroscop.fr\/actu\/wp-json\/wp\/v2\/comments?post=1441"}],"version-history":[{"count":0,"href":"https:\/\/www.enviroscop.fr\/actu\/wp-json\/wp\/v2\/posts\/1441\/revisions"}],"wp:attachment":[{"href":"https:\/\/www.enviroscop.fr\/actu\/wp-json\/wp\/v2\/media?parent=1441"}],"wp:term":[{"taxonomy":"category","embeddable":true,"href":"https:\/\/www.enviroscop.fr\/actu\/wp-json\/wp\/v2\/categories?post=1441"},{"taxonomy":"post_tag","embeddable":true,"href":"https:\/\/www.enviroscop.fr\/actu\/wp-json\/wp\/v2\/tags?post=1441"}],"curies":[{"name":"wp","href":"https:\/\/api.w.org\/{rel}","templated":true}]}}