{"id":1467,"date":"2013-09-19T12:23:33","date_gmt":"2013-09-19T11:23:33","guid":{"rendered":"http:\/\/www.enviroscop.fr\/actu\/?p=1467"},"modified":"2013-09-19T12:23:33","modified_gmt":"2013-09-19T11:23:33","slug":"etude-sur-le-potentiel-de-vegetalisation-des-toitures-terrasses-a-paris","status":"publish","type":"post","link":"https:\/\/www.enviroscop.fr\/actu\/2013\/09\/etude-sur-le-potentiel-de-vegetalisation-des-toitures-terrasses-a-paris\/","title":{"rendered":"\u00c9tude sur le potentiel de v\u00e9g\u00e9talisation des toitures terrasses \u00e0 Paris"},"content":{"rendered":"<p>Au-del\u00e0 des enjeux relatifs aux envies des citadins de disposer de plus de nature en ville, la question de la v\u00e9g\u00e9talisation repr\u00e9sente un enjeu majeur pour Paris \u00e0 l\u2019aune des engagements pris en mati\u00e8re de d\u00e9veloppement durable et face \u00e0 un foncier rare. Cet enjeu est identifi\u00e9 comme un des axes majeur du Plan de Biodiversit\u00e9 et un des leviers d\u2019adaptation de la ville au changement climatique.<\/p>\n<p>Cette \u00e9tude s\u2019inscrit dans cette d\u00e9marche globale d\u2019am\u00e9lioration de la qualit\u00e9 environnementale de Paris. L\u2019objectif est de fournir \u00e0 la Ville de Paris les \u00e9l\u00e9ments techniques qui lui permettront de d\u00e9velopper la v\u00e9g\u00e9talisation des toitures qui repr\u00e9sente un potentiel total de 460 hectares. 80 ha pourraient le devenir rapidement et les 380 restants demandant des adaptations plus cons\u00e9quentes en compl\u00e9ment des 44 ha d\u00e9j\u00e0 v\u00e9g\u00e9talis\u00e9s.<\/p>\n<p>Le diagnostic des toitures plates existantes propose une \u00e9valuation des principales contraintes techniques li\u00e9es \u00e0 la mise en \u0153uvre d\u2019un syst\u00e8me de v\u00e9g\u00e9talisation sur des b\u00e2timents existants et, \u00e0 partir de ces \u00e9l\u00e9ments r\u00e9fl\u00e9chit \u00e0 diff\u00e9rents leviers pour augmenter les surfaces et d\u00e9velopper ainsi la trame verte \u00e0 Paris :<\/p>\n<p>\u2022 poursuivre et \u00e9largir la politique de cr\u00e9ation de toitures v\u00e9g\u00e9talis\u00e9es sur le patrimoine de la Ville ;<\/p>\n<p>\u2022 d\u00e9velopper des outils et des partenariats avec les bailleurs sociaux ;<\/p>\n<p>\u2022 adapter les outils r\u00e9glementaires ;<\/p>\n<p>\u2022 mettre en place un dispositif d\u2019incitation financi\u00e8re et d\u00e9velopper des outils d\u2019information et de communication.<\/p>\n<p>Documents associ\u00e9s<\/p>\n<p><a href=\"http:\/\/www.apur.org\/sites\/default\/files\/documents\/vegetalisation_toitures_terrasses.pdf\" target=\"_blank\">\u00c9tude sur le potentiel de v\u00e9g\u00e9talisation des toitures terrasses \u00e0 Paris\u00a0PDF &#8211; 33.44 Mo<\/a><\/p>\n<p>via\u00a0<a href=\"http:\/\/www.apur.org\/etude\/etude-potentiel-vegetalisation-toitures-terrasses-paris\">\u00c9tude sur le potentiel de v\u00e9g\u00e9talisation des toitures terrasses \u00e0 Paris | APUR<\/a>.<\/p>\n","protected":false},"excerpt":{"rendered":"<p>Au-del\u00e0 des enjeux relatifs aux envies des citadins de disposer de plus de nature en ville, la question de la v\u00e9g\u00e9talisation repr\u00e9sente un enjeu majeur pour Paris \u00e0 l\u2019aune des engagements pris en mati\u00e8re de d\u00e9veloppement durable et face \u00e0 un foncier rare. Cet enjeu est identifi\u00e9 comme un des axes majeur du Plan de &hellip; <\/p>\n<p><a class=\"more-link btn\" href=\"https:\/\/www.enviroscop.fr\/actu\/2013\/09\/etude-sur-le-potentiel-de-vegetalisation-des-toitures-terrasses-a-paris\/\">Lire la suite<\/a><\/p>\n","protected":false},"author":1,"featured_media":0,"comment_status":"open","ping_status":"open","sticky":false,"template":"","format":"standard","meta":{"jetpack_post_was_ever_published":false,"_jetpack_newsletter_access":"","_jetpack_dont_email_post_to_subs":false,"_jetpack_newsletter_tier_id":0,"_jetpack_memberships_contains_paywalled_content":false,"_jetpack_memberships_contains_paid_content":false,"footnotes":"","jetpack_publicize_message":"","jetpack_publicize_feature_enabled":true,"jetpack_social_post_already_shared":true,"jetpack_social_options":{"image_generator_settings":{"template":"highway","default_image_id":0,"font":"","enabled":false},"version":2}},"categories":[3,11,20,21,6,67,41,42,53,57],"tags":[],"class_list":["post-1467","post","type-post","status-publish","format-standard","hentry","category-agriculture","category-biodiversite","category-durable","category-eau","category-ecologie","category-nature","category-paysage","category-pedagogie","category-trames-verte-et-bleue","category-urbanisme","item-wrap"],"jetpack_publicize_connections":[],"jetpack_featured_media_url":"","jetpack_shortlink":"https:\/\/wp.me\/p3rXAp-nF","jetpack_likes_enabled":true,"jetpack-related-posts":[{"id":2682,"url":"https:\/\/www.enviroscop.fr\/actu\/2016\/10\/nouveau-guide-pour-une-gestion-ecologique-des-espaces-verts-franciliens\/","url_meta":{"origin":1467,"position":0},"title":"Un nouveau guide pour une gestion \u00e9cologique des espaces verts franciliens","author":"Enviroscop","date":"17 octobre 2016","format":false,"excerpt":"Natureparif, l\u2019Agence r\u00e9gionale pour la nature et la biodiversit\u00e9 en \u00cele-de-France, encourage les gestionnaires d\u2019espaces verts d\u2019\u00cele-de-France \u00e0 faire \u00e9voluer leurs pratiques pour une meilleure prise en compte de l\u2019environnement en mettant \u00e0 leur disposition un nouveau guide pratique de gestion \u00e9cologique. Le \"Guide de gestion \u00e9cologique des espaces collectifs\u2026","rel":"","context":"Dans &quot;Enviroscop&quot;","block_context":{"text":"Enviroscop","link":"https:\/\/www.enviroscop.fr\/actu\/category\/non-classe\/"},"img":{"alt_text":"","src":"","width":0,"height":0},"classes":[]},{"id":5240,"url":"https:\/\/www.enviroscop.fr\/actu\/2023\/05\/obligation-de-vegetaliser-ou-dinstaller-du-photovoltaique-en-toiture-les-textes-en-consultation\/","url_meta":{"origin":1467,"position":1},"title":"Obligation de v\u00e9g\u00e9taliser ou d\u2019installer du photovolta\u00efque en toiture : les textes en consultation","author":"Enviroscop","date":"25 mai 2023","format":false,"excerpt":"La loi Climat et R\u00e9silience renforce, \u00e0 compter du 1er juillet 2023, l\u2019obligation d'int\u00e9grer des proc\u00e9d\u00e9s de production d\u2019\u00e9nergies renouvelables ou de v\u00e9g\u00e9talisation aux toitures de certains b\u00e2timents. Les textes d\u2019application - un d\u00e9cret et deux arr\u00eat\u00e9s - sont en consultation jusqu\u2019au 13 juin. Le minist\u00e8re de la Transition \u00e9cologique\u2026","rel":"","context":"Dans &quot;Activit\u00e9&quot;","block_context":{"text":"Activit\u00e9","link":"https:\/\/www.enviroscop.fr\/actu\/category\/activite\/"},"img":{"alt_text":"panneaux solaires sur le toit d'un entrep\u00f4t","src":"https:\/\/i0.wp.com\/www.banquedesterritoires.fr\/sites\/default\/files\/styles\/landscape_auto_crop\/public\/2023-05\/hjjjjjjjjjjjjjjjjjgjghjhggjjjtitre-1.jpg?resize=350%2C200&ssl=1","width":350,"height":200,"srcset":"https:\/\/i0.wp.com\/www.banquedesterritoires.fr\/sites\/default\/files\/styles\/landscape_auto_crop\/public\/2023-05\/hjjjjjjjjjjjjjjjjjgjghjhggjjjtitre-1.jpg?resize=350%2C200&ssl=1 1x, https:\/\/i0.wp.com\/www.banquedesterritoires.fr\/sites\/default\/files\/styles\/landscape_auto_crop\/public\/2023-05\/hjjjjjjjjjjjjjjjjjgjghjhggjjjtitre-1.jpg?resize=525%2C300&ssl=1 1.5x, https:\/\/i0.wp.com\/www.banquedesterritoires.fr\/sites\/default\/files\/styles\/landscape_auto_crop\/public\/2023-05\/hjjjjjjjjjjjjjjjjjgjghjhggjjjtitre-1.jpg?resize=700%2C400&ssl=1 2x"},"classes":[]},{"id":5177,"url":"https:\/\/www.enviroscop.fr\/actu\/2023\/03\/fabrique-de-la-ville-lademe-presente-son-guide-faire-la-ville-dense-durable-et-desirable\/","url_meta":{"origin":1467,"position":2},"title":"FABRIQUE DE LA VILLE \u2013 L\u2019ADEME PR\u00c9SENTE SON GUIDE : \u00ab FAIRE LA VILLE DENSE, DURABLE ET D\u00c9SIRABLE \u00bb","author":"Enviroscop","date":"2 mars 2023","format":false,"excerpt":"L\u2019atteinte de l\u2019objectif de Z\u00e9ro Artificialisation Nette (ZAN) \u00e0 l\u2019horizon 2050 adopt\u00e9 par la France via la loi Climat et R\u00e9silience de 2021 est clef pour assurer la pr\u00e9servation de la biodiversit\u00e9, et plus largement pour r\u00e9pondre \u00e0 l\u2019urgence climatique, la lutte contre l\u2019\u00e9talement urbain et l\u2019appauvrissement des sols. Alors\u2026","rel":"","context":"Dans &quot;Activit\u00e9&quot;","block_context":{"text":"Activit\u00e9","link":"https:\/\/www.enviroscop.fr\/actu\/category\/activite\/"},"img":{"alt_text":"","src":"","width":0,"height":0},"classes":[]},{"id":1911,"url":"https:\/\/www.enviroscop.fr\/actu\/2014\/04\/leco-paturage-a-la-conquete-des-coeurs-dagglomerations-localtis-info-un-service-caisse-des-depots\/","url_meta":{"origin":1467,"position":3},"title":"L&rsquo;\u00e9co-p\u00e2turage \u00e0 la conqu\u00eate des coeurs d&rsquo;agglom\u00e9rations","author":"Enviroscop","date":"29 avril 2014","format":false,"excerpt":"S'il fut longtemps le fait de collectivit\u00e9s pionni\u00e8res, l'\u00e9co-p\u00e2turage se d\u00e9veloppe en secteur urbain dense. Selon une enqu\u00eate de l'association Entretien Nature & Territoire, cette pratique exponentielle concerne plus d'une centaine de villes.A Grenoble, la nouvelle municipalit\u00e9, compos\u00e9e d'EELV, du Parti de\u00a0Gauche et de collectifs citoyens, \u00a0souhaite ramener les animaux\u2026","rel":"","context":"Dans &quot;Agriculture&quot;","block_context":{"text":"Agriculture","link":"https:\/\/www.enviroscop.fr\/actu\/category\/activite\/agriculture\/"},"img":{"alt_text":"","src":"","width":0,"height":0},"classes":[]},{"id":4829,"url":"https:\/\/www.enviroscop.fr\/actu\/2022\/06\/lutte-contre-lartificialisation-des-sols-vers-des-zones-preferentielles-de-renaturation-dans-les-documents-durbanisme\/","url_meta":{"origin":1467,"position":4},"title":"Lutte contre l\u2019artificialisation des sols : vers des zones pr\u00e9f\u00e9rentielles de renaturation dans les documents d\u2019urbanisme","author":"Enviroscop","date":"21 juin 2022","format":false,"excerpt":"Afin d'am\u00e9liorer la planification et la mise en oeuvre des op\u00e9rations de renaturation, permettant de restaurer certaines continuit\u00e9s \u00e9cologiques ou d'ins\u00e9rer des espaces de verdure au coeur d'un p\u00e9rim\u00e8tre urbain, des zones pr\u00e9f\u00e9rentielles peuvent d\u00e9sormais \u00eatre identifi\u00e9es au sein des\u00a0sch\u00e9mas de coh\u00e9rence territoriale (ScoT). Un projet de d\u00e9cret mis en\u2026","rel":"","context":"Dans &quot;Am\u00e9nagement&quot;","block_context":{"text":"Am\u00e9nagement","link":"https:\/\/www.enviroscop.fr\/actu\/category\/amenagement\/"},"img":{"alt_text":"corridor biologique","src":"https:\/\/i0.wp.com\/www.banquedesterritoires.fr\/sites\/default\/files\/styles\/landscape_no_crop\/public\/2022-06\/Noeufoss%C3%A9_corridor_lagune_aout2003_1.jpg?resize=350%2C200&ssl=1","width":350,"height":200,"srcset":"https:\/\/i0.wp.com\/www.banquedesterritoires.fr\/sites\/default\/files\/styles\/landscape_no_crop\/public\/2022-06\/Noeufoss%C3%A9_corridor_lagune_aout2003_1.jpg?resize=350%2C200&ssl=1 1x, https:\/\/i0.wp.com\/www.banquedesterritoires.fr\/sites\/default\/files\/styles\/landscape_no_crop\/public\/2022-06\/Noeufoss%C3%A9_corridor_lagune_aout2003_1.jpg?resize=525%2C300&ssl=1 1.5x, https:\/\/i0.wp.com\/www.banquedesterritoires.fr\/sites\/default\/files\/styles\/landscape_no_crop\/public\/2022-06\/Noeufoss%C3%A9_corridor_lagune_aout2003_1.jpg?resize=700%2C400&ssl=1 2x"},"classes":[]},{"id":1930,"url":"https:\/\/www.enviroscop.fr\/actu\/2014\/05\/le-havre-est-une-ville-intelligente\/","url_meta":{"origin":1467,"position":5},"title":"Le Havre est une ville \u00ab\u00a0intelligente\u00a0\u00bb","author":"Enviroscop","date":"12 mai 2014","format":false,"excerpt":"Adepte des concepts innovants, Le Havre s\u2019illustre comme \u00e9tant une ville \u00ab intelligente \u00bb. Selon une enqu\u00eate r\u00e9alis\u00e9e par Sircome (Site de r\u00e9flexion sur la communication sur l\u2019environnement), la Cit\u00e9 oc\u00e9ane a mis en place plusieurs projets de d\u00e9veloppement urbain durable. Pour r\u00e9aliser cette \u00e9tude, la soci\u00e9t\u00e9 a pass\u00e9 en\u2026","rel":"","context":"Dans &quot;Eau&quot;","block_context":{"text":"Eau","link":"https:\/\/www.enviroscop.fr\/actu\/category\/compartiments\/eau\/"},"img":{"alt_text":"","src":"","width":0,"height":0},"classes":[]}],"jetpack_sharing_enabled":true,"_links":{"self":[{"href":"https:\/\/www.enviroscop.fr\/actu\/wp-json\/wp\/v2\/posts\/1467","targetHints":{"allow":["GET"]}}],"collection":[{"href":"https:\/\/www.enviroscop.fr\/actu\/wp-json\/wp\/v2\/posts"}],"about":[{"href":"https:\/\/www.enviroscop.fr\/actu\/wp-json\/wp\/v2\/types\/post"}],"author":[{"embeddable":true,"href":"https:\/\/www.enviroscop.fr\/actu\/wp-json\/wp\/v2\/users\/1"}],"replies":[{"embeddable":true,"href":"https:\/\/www.enviroscop.fr\/actu\/wp-json\/wp\/v2\/comments?post=1467"}],"version-history":[{"count":0,"href":"https:\/\/www.enviroscop.fr\/actu\/wp-json\/wp\/v2\/posts\/1467\/revisions"}],"wp:attachment":[{"href":"https:\/\/www.enviroscop.fr\/actu\/wp-json\/wp\/v2\/media?parent=1467"}],"wp:term":[{"taxonomy":"category","embeddable":true,"href":"https:\/\/www.enviroscop.fr\/actu\/wp-json\/wp\/v2\/categories?post=1467"},{"taxonomy":"post_tag","embeddable":true,"href":"https:\/\/www.enviroscop.fr\/actu\/wp-json\/wp\/v2\/tags?post=1467"}],"curies":[{"name":"wp","href":"https:\/\/api.w.org\/{rel}","templated":true}]}}