{"id":147,"date":"2011-09-08T05:46:00","date_gmt":"2011-09-08T05:46:00","guid":{"rendered":"http:\/\/actu.enviroscop.com\/la-fragmentation-des-espaces-naturels-devient"},"modified":"2011-09-08T05:46:00","modified_gmt":"2011-09-08T05:46:00","slug":"la-fragmentation-des-espaces-naturels-devient","status":"publish","type":"post","link":"https:\/\/www.enviroscop.fr\/actu\/2011\/09\/la-fragmentation-des-espaces-naturels-devient\/","title":{"rendered":"La fragmentation des espaces naturels devient alarmante en Europe"},"content":{"rendered":"<p><span style=\"font-size:14px;font-family:Arial;\"> <\/span><span style=\"font-size:12px;font-family:Arial;color:#000000;\">Alors qu&rsquo;en France la mise en place de trames vertes et bleues semble longue et difficile, l&rsquo;AEE vient de publier un rapport sur les cons&eacute;quences d&eacute;vastatrices pour la faune et la flore de la fragmentation des espaces naturels en Europe.<br \/> 07 17:32:16\/09\/2011 &#8211;  <em><a href=\"http:\/\/www.actu-environnement.com\/ae\/news\/fragmentation-espaces-naturels-alarmante-europe-13436.php4\" class=\"a_actu\" target=\"_blank\">Lire l&rsquo;actu<\/a><\/em> <\/span><br \/><a href=\"http:\/\/www.actu-environnement.com\" target=\"_blank\" style=\"font-size:10px;font-family:Arial;text-decoration:none;color:#000000;\">&copy; Actu-Environnement<\/a><\/p>\n","protected":false},"excerpt":{"rendered":"<p>Alors qu&rsquo;en France la mise en place de trames vertes et bleues semble longue et difficile, l&rsquo;AEE vient de publier un rapport sur les cons??quences d??vastatrices pour la faune et la flore de la fragmentation des espaces naturels en Europe. 07 17:3&#8230;<\/p>\n","protected":false},"author":1,"featured_media":0,"comment_status":"open","ping_status":"open","sticky":false,"template":"","format":"standard","meta":{"jetpack_post_was_ever_published":false,"_jetpack_newsletter_access":"","_jetpack_dont_email_post_to_subs":false,"_jetpack_newsletter_tier_id":0,"_jetpack_memberships_contains_paywalled_content":false,"_jetpack_memberships_contains_paid_content":false,"footnotes":"","jetpack_publicize_message":"","jetpack_publicize_feature_enabled":true,"jetpack_social_post_already_shared":false,"jetpack_social_options":{"image_generator_settings":{"template":"highway","default_image_id":0,"font":"","enabled":false},"version":2}},"categories":[11,53],"tags":[],"class_list":["post-147","post","type-post","status-publish","format-standard","hentry","category-biodiversite","category-trames-verte-et-bleue","item-wrap"],"jetpack_publicize_connections":[],"jetpack_featured_media_url":"","jetpack_shortlink":"https:\/\/wp.me\/p3rXAp-2n","jetpack_likes_enabled":true,"jetpack-related-posts":[{"id":107,"url":"https:\/\/www.enviroscop.fr\/actu\/2010\/05\/dfinition-trame-verte-et-bleue\/","url_meta":{"origin":147,"position":0},"title":"D??finition Trame verte et Bleue","author":"Enviroscop","date":"12 mai 2010","format":false,"excerpt":"TRAME VERTE La trame verte est constitu??e : - de tout ou partie des espaces prot??g??s au titre du livre III du code de l'environnement ( Conservatoire de l'espace littoral, Parcs nationaux, R??serves naturelles...) et du titre Ier du livre IV po...","rel":"","context":"Dans &quot;Trames verte et bleue&quot;","block_context":{"text":"Trames verte et bleue","link":"https:\/\/www.enviroscop.fr\/actu\/category\/nature\/trames-verte-et-bleue\/"},"img":{"alt_text":"","src":"","width":0,"height":0},"classes":[]},{"id":140,"url":"https:\/\/www.enviroscop.fr\/actu\/2010\/10\/tvb-quest-ce-quun-cours-deau-grenelle-2\/","url_meta":{"origin":147,"position":1},"title":"TVB : qu&rsquo;est-ce qu&rsquo;un cours d&rsquo;eau \u00ab\u00a0Grenelle 2\u00a0\u00bb ?","author":"Enviroscop","date":"29 octobre 2010","format":false,"excerpt":"Les cours d'eau au sens du Grenelle 2 doivent ??tre prot??g??s pardles bandes enherb??es qui jouent un r??le d???autant plus important pour la r??tention des ??l??ments fertilisants et des pesticides qu???elles sont non seulement localis??es le ...","rel":"","context":"Dans &quot;Eau&quot;","block_context":{"text":"Eau","link":"https:\/\/www.enviroscop.fr\/actu\/category\/compartiments\/eau\/"},"img":{"alt_text":"","src":"","width":0,"height":0},"classes":[]},{"id":1224,"url":"https:\/\/www.enviroscop.fr\/actu\/2013\/06\/guide-sur-les-pratiques-ecologiques-dans-les-espaces-verts\/","url_meta":{"origin":147,"position":2},"title":"Guide sur les pratiques \u00e9cologiques dans les espaces verts","author":"Enviroscop","date":"28 juin 2013","format":false,"excerpt":"Le GDIE (Groupe de diffusion d'informations sur l'environnement) avait d\u00e9j\u00e0 publi\u00e9 un guide sur la biodiversit\u00e9 des immeubles. Il r\u00e9cidive avec un nouveau guide sur les pratiques \u00e9cologiques dans les espaces verts des immeubles. Il s'adresse bien entendu aux conseils syndicaux de copropri\u00e9taires, aux associations de locataires et \u00e0 tous\u2026","rel":"","context":"Dans &quot;Habitat&quot;","block_context":{"text":"Habitat","link":"https:\/\/www.enviroscop.fr\/actu\/category\/amenagement\/urbanisme\/habitat\/"},"img":{"alt_text":"","src":"https:\/\/i0.wp.com\/www.gdie-asso.org\/uploaded\/testa.jpg?resize=350%2C200","width":350,"height":200},"classes":[]},{"id":4199,"url":"https:\/\/www.enviroscop.fr\/actu\/2021\/05\/objectif-zan-zero-artificialisation-nette-dans-les-territoires-le-guide-de-cdc-biodiversite\/","url_meta":{"origin":147,"position":3},"title":"Objectif ZAN (z\u00e9ro artificialisation nette) dans les territoires : le guide de CDC biodiversit\u00e9","author":"Enviroscop","date":"4 mai 2021","format":false,"excerpt":"CDC Biodiversit\u00e9 et Humanit\u00e9 et Biodiversit\u00e9 viennent de publier une \u00e9tude visant la mise en \u0153uvre de l'objectif de z\u00e9ro artificialisation nette dans les territoires. Elle propose des pistes pour \u00e0 la fois limiter la consommation d'espace et mieux ins\u00e9rer la biodiversit\u00e9 au sein des espaces artificialis\u00e9s. C\u2019est un d\u00e9fi\u2026","rel":"","context":"Dans &quot;Agriculture&quot;","block_context":{"text":"Agriculture","link":"https:\/\/www.enviroscop.fr\/actu\/category\/activite\/agriculture\/"},"img":{"alt_text":"","src":"","width":0,"height":0},"classes":[]},{"id":210,"url":"https:\/\/www.enviroscop.fr\/actu\/2012\/04\/la-multifonctionnalite-des-trames-vertes-et-b\/","url_meta":{"origin":147,"position":4},"title":"La multifonctionnalit\u00e9 des trames vertes et bleues en zones urbaines","author":"Enviroscop","date":"24 avril 2012","format":false,"excerpt":"Ce travail, initi?? par l'IAU IDF, vise faire un ??tat de l'art sur la question des TVB en zones urbaines. L'objectif est de mettre en lumi??re les diff??rentes fonctions des TVB en milieu urbain et comment actuellement, cette d??marche est app...","rel":"","context":"Dans &quot;Trames verte et bleue&quot;","block_context":{"text":"Trames verte et bleue","link":"https:\/\/www.enviroscop.fr\/actu\/category\/nature\/trames-verte-et-bleue\/"},"img":{"alt_text":"","src":"","width":0,"height":0},"classes":[]},{"id":4298,"url":"https:\/\/www.enviroscop.fr\/actu\/2021\/06\/compensations-environnementale-forestiere-et-collective-agricole-evaluation-et-mise-en-coherence\/","url_meta":{"origin":147,"position":5},"title":"Compensations environnementale, foresti\u00e8re et collective agricole : \u00e9valuation et mise en coh\u00e9rence","author":"Enviroscop","date":"18 juin 2021","format":false,"excerpt":"Par lettre du 6 janvier 2020, le ministre de l\u2019Agriculture et de l\u2019alimentation et la ministre de la Transition \u00e9cologique et solidaire ont demand\u00e9 au Conseil g\u00e9n\u00e9ral de l\u2019alimentation, de l\u2019agriculture et des espaces ruraux (CGAAER) et au Conseil g\u00e9n\u00e9ral de l\u2019environnement et du d\u00e9veloppement durable (CGEDD) de diligenter une\u2026","rel":"","context":"Dans &quot;Agriculture&quot;","block_context":{"text":"Agriculture","link":"https:\/\/www.enviroscop.fr\/actu\/category\/activite\/agriculture\/"},"img":{"alt_text":"","src":"https:\/\/i0.wp.com\/www.enviroscop.fr\/actu\/wp-content\/uploads\/2021\/06\/Capture-decran-2021-06-18-141842.jpg?resize=350%2C200","width":350,"height":200},"classes":[]}],"jetpack_sharing_enabled":true,"_links":{"self":[{"href":"https:\/\/www.enviroscop.fr\/actu\/wp-json\/wp\/v2\/posts\/147","targetHints":{"allow":["GET"]}}],"collection":[{"href":"https:\/\/www.enviroscop.fr\/actu\/wp-json\/wp\/v2\/posts"}],"about":[{"href":"https:\/\/www.enviroscop.fr\/actu\/wp-json\/wp\/v2\/types\/post"}],"author":[{"embeddable":true,"href":"https:\/\/www.enviroscop.fr\/actu\/wp-json\/wp\/v2\/users\/1"}],"replies":[{"embeddable":true,"href":"https:\/\/www.enviroscop.fr\/actu\/wp-json\/wp\/v2\/comments?post=147"}],"version-history":[{"count":0,"href":"https:\/\/www.enviroscop.fr\/actu\/wp-json\/wp\/v2\/posts\/147\/revisions"}],"wp:attachment":[{"href":"https:\/\/www.enviroscop.fr\/actu\/wp-json\/wp\/v2\/media?parent=147"}],"wp:term":[{"taxonomy":"category","embeddable":true,"href":"https:\/\/www.enviroscop.fr\/actu\/wp-json\/wp\/v2\/categories?post=147"},{"taxonomy":"post_tag","embeddable":true,"href":"https:\/\/www.enviroscop.fr\/actu\/wp-json\/wp\/v2\/tags?post=147"}],"curies":[{"name":"wp","href":"https:\/\/api.w.org\/{rel}","templated":true}]}}