{"id":1508,"date":"2013-10-05T10:33:54","date_gmt":"2013-10-05T09:33:54","guid":{"rendered":"http:\/\/www.enviroscop.fr\/actu\/?p=1508"},"modified":"2013-10-05T10:33:54","modified_gmt":"2013-10-05T09:33:54","slug":"pour-la-reparation-du-prejudice-ecologique","status":"publish","type":"post","link":"https:\/\/www.enviroscop.fr\/actu\/2013\/10\/pour-la-reparation-du-prejudice-ecologique\/","title":{"rendered":"Pour la r\u00e9paration du pr\u00e9judice \u00e9cologique"},"content":{"rendered":"<p>La question de la r\u00e9paration du pr\u00e9judice \u00e9cologique est \u00e0 la fois r\u00e9cente, de port\u00e9e consid\u00e9rable mais aussi lourde d\u2019incertitudes. Si l\u2019on se r\u00e9f\u00e8re \u00e0 une premi\u00e8re d\u00e9finition approximative du pr\u00e9judice \u00e9cologique, c&rsquo;est-\u00e0-dire si on entend par l\u00e0 le pr\u00e9judice caus\u00e9 \u00e0 la nature ind\u00e9pendamment de celui que subit l\u2019homme sur le plan<br \/>\ncorporel ou patrimonial, les juristes s\u2019interrogent encore parfois sur sa pertinence.<br \/>\nTr\u00e8s longtemps, la r\u00e9ponse qu\u2019ils ont donn\u00e9e \u00e0 cette question a \u00e9t\u00e9 sans ambigu\u00eft\u00e9. Le droit en g\u00e9n\u00e9ral &#8211; le droit de l\u2019environnement en particulier &#8211; a depuis son origine \u00e9t\u00e9 fond\u00e9 sur une conception anthropocentrique. L\u2019animal, le v\u00e9g\u00e9tal, la chose n\u2019ont pas de droits par eux-m\u00eames. Ils n\u2019en acqui\u00e8rent qu\u2019\u00e0 partir du moment o\u00f9 ils entrent dans le patrimoine de personnes physiques ou morales. En termes de responsabilit\u00e9, il en d\u00e9coule un principe classique selon lequel, seul le pr\u00e9judice personnel, c\u2019est-\u00e0-dire touchant des sujets de droit, est r\u00e9parable.<\/p>\n<p>Vous pouvez t\u00e9l\u00e9charger le rapport ici :<\/p>\n<p><a href=\"http:\/\/www.justice.gouv.fr\/art_pix\/1_rapport_prejudice_ecologique_20130914.pdf\" target=\"_blank\">Pour la r\u00e9paration du pr\u00e9judice \u00e9cologique<\/a><\/p>\n","protected":false},"excerpt":{"rendered":"<p>La question de la r\u00e9paration du pr\u00e9judice \u00e9cologique est \u00e0 la fois r\u00e9cente, de port\u00e9e consid\u00e9rable mais aussi lourde d\u2019incertitudes. Si l\u2019on se r\u00e9f\u00e8re \u00e0 une premi\u00e8re d\u00e9finition approximative du pr\u00e9judice \u00e9cologique, c&rsquo;est-\u00e0-dire si on entend par l\u00e0 le pr\u00e9judice caus\u00e9 \u00e0 la nature ind\u00e9pendamment de celui que subit l\u2019homme sur le plan corporel ou &hellip; <\/p>\n<p><a class=\"more-link btn\" href=\"https:\/\/www.enviroscop.fr\/actu\/2013\/10\/pour-la-reparation-du-prejudice-ecologique\/\">Lire la suite<\/a><\/p>\n","protected":false},"author":1,"featured_media":0,"comment_status":"open","ping_status":"open","sticky":false,"template":"","format":"standard","meta":{"jetpack_post_was_ever_published":false,"_jetpack_newsletter_access":"","_jetpack_dont_email_post_to_subs":false,"_jetpack_newsletter_tier_id":0,"_jetpack_memberships_contains_paywalled_content":false,"_jetpack_memberships_contains_paid_content":false,"footnotes":"","jetpack_publicize_message":"","jetpack_publicize_feature_enabled":true,"jetpack_social_post_already_shared":true,"jetpack_social_options":{"image_generator_settings":{"template":"highway","default_image_id":0,"font":"","enabled":false},"version":2}},"categories":[66,6,68,67],"tags":[],"class_list":["post-1508","post","type-post","status-publish","format-standard","hentry","category-droit","category-ecologie","category-france","category-nature","item-wrap"],"jetpack_publicize_connections":[],"jetpack_featured_media_url":"","jetpack_shortlink":"https:\/\/wp.me\/p3rXAp-ok","jetpack_likes_enabled":true,"jetpack-related-posts":[{"id":1469,"url":"https:\/\/www.enviroscop.fr\/actu\/2013\/09\/un-projet-de-loi-sur-le-prejudice-ecologique-pour-fin-2013\/","url_meta":{"origin":1508,"position":0},"title":"Un projet de loi sur le \u00ab\u00a0prejudice \u00e9cologique\u00a0\u00bb pour fin 2013 ?","author":"Enviroscop","date":"20 septembre 2013","format":false,"excerpt":"Yves Jegouzo a remis \u00e0 la ministre de la Justice le 17 septembre, un rapport qui pourrait servir de base \u00e0 un projet de loi visant \u00e0 inscrire dans le droit civil la r\u00e9paration du \"pr\u00e9judice \u00e9cologique\". \"Un projet de loi visant \u00e0 inscrire le pr\u00e9judice environnemental dans le droit\u2026","rel":"","context":"Dans &quot;droit&quot;","block_context":{"text":"droit","link":"https:\/\/www.enviroscop.fr\/actu\/category\/juridique\/droit\/"},"img":{"alt_text":"","src":"","width":0,"height":0},"classes":[]},{"id":828,"url":"https:\/\/www.enviroscop.fr\/actu\/2013\/04\/prejudice-ecologique-le-regime-de-responsabilite-elargi-en-commission-au-senat\/","url_meta":{"origin":1508,"position":1},"title":"Pr\u00e9judice \u00e9cologique : le r\u00e9gime de responsabilit\u00e9 \u00e9largi en commission au S\u00e9nat","author":"Enviroscop","date":"23 avril 2013","format":false,"excerpt":"R\u00e9unie le 17 avril dernier, la commission des lois du S\u00e9nat a adopt\u00e9 la proposition de loi\u00a0du s\u00e9nateur Bruno Retailleau (UMP - Vend\u00e9e), visant \u00e0 inscrire dans le Code civil des r\u00e8gles g\u00e9n\u00e9rales de r\u00e9paration des dommages caus\u00e9s \u00e0 l'environnement. La suite sur Localtis.info","rel":"","context":"Dans &quot;Ecologie&quot;","block_context":{"text":"Ecologie","link":"https:\/\/www.enviroscop.fr\/actu\/category\/nature\/ecologie\/"},"img":{"alt_text":"","src":"https:\/\/i0.wp.com\/photo.europe1.fr\/mediacenter\/emissions\/histoire-d-un-jour\/erika-930x620-335109\/4503011-1-fre-FR\/Erika-930x620_scalewidth_630.jpg?resize=350%2C200","width":350,"height":200},"classes":[]},{"id":1278,"url":"https:\/\/www.enviroscop.fr\/actu\/2013\/07\/etats-generaux-de-la-modernisation-du-droit-de-lenvironnement-bilan-detape-ministere-du-developpement-durable\/","url_meta":{"origin":1508,"position":2},"title":"Etats g\u00e9n\u00e9raux de la modernisation du droit de l\u2019environnement : bilan d&rsquo;\u00e9tape &#8211; Minist\u00e8re du D\u00e9veloppement durable","author":"Enviroscop","date":"18 juillet 2013","format":false,"excerpt":"Philippe Martin a pr\u00e9sent\u00e9 une communication relative au bilan d\u2019\u00e9tape des Etats g\u00e9n\u00e9raux de la modernisation du droit de l\u2019environnement au Conseil des ministres du 17 juillet 2013. La tenue de tels \u00e9tats g\u00e9n\u00e9raux constituait un engagement de la feuille de route pour la transition \u00e9cologique issue de la conf\u00e9rence\u2026","rel":"","context":"Dans &quot;durable&quot;","block_context":{"text":"durable","link":"https:\/\/www.enviroscop.fr\/actu\/category\/durable\/"},"img":{"alt_text":"17141_une","src":"https:\/\/i0.wp.com\/www.enviroscop.fr\/actu\/wp-content\/uploads\/2013\/05\/17141_une-300x152.jpg?resize=350%2C200","width":350,"height":200},"classes":[]},{"id":1053,"url":"https:\/\/www.enviroscop.fr\/actu\/2013\/05\/prejudice-ecologique-le-debat-commence\/","url_meta":{"origin":1508,"position":3},"title":"Pr\u00e9judice \u00e9cologique : le d\u00e9bat commence","author":"Enviroscop","date":"17 mai 2013","format":false,"excerpt":"Le S\u00e9nat vient de voter en premi\u00e8re lecture et \u00e0 l'unanimit\u00e9, la proposition de la loi \"visant \u00e0 inscrire la notion de pr\u00e9judice \u00e9cologique dans le code civil\". Pour Arnaud Gossement, avocat sp\u00e9cialis\u00e9 en droit de l'environnement, ce vote important ouvre plut\u00f4t qu'il ne cl\u00f4t le d\u00e9bat. 17 09:03:55\/05\/2013 -\u2026","rel":"","context":"Dans &quot;droit&quot;","block_context":{"text":"droit","link":"https:\/\/www.enviroscop.fr\/actu\/category\/juridique\/droit\/"},"img":{"alt_text":"","src":"","width":0,"height":0},"classes":[]},{"id":5336,"url":"https:\/\/www.enviroscop.fr\/actu\/2023\/09\/recours-abusif-le-beneficiaire-dune-autorisation-environnementale-pourra-prochainement-solliciter-le-versement-de-dommages-et-interets-loi-industrie-verte\/","url_meta":{"origin":1508,"position":4},"title":"Recours abusif : le b\u00e9n\u00e9ficiaire d&rsquo;une autorisation environnementale pourra prochainement solliciter le versement de dommages et int\u00e9r\u00eats (loi industrie verte)","author":"Enviroscop","date":"13 septembre 2023","format":false,"excerpt":"Le\u00a0projet de loi relatif \u00e0 l'industrie verte,\u00a0d'ores et d\u00e9j\u00e0 examin\u00e9 en commission mixte paritaire, devrait \u00eatre d\u00e9finitivement vot\u00e9 par le Parlement puis publi\u00e9, en octobre 2023. L'article 2 de ce texte pr\u00e9voit notamment la cr\u00e9ation d'une nouvelle possibilit\u00e9, pour le b\u00e9n\u00e9ficiaire d'une autorisation environnementale de solliciter, devant le juge administratif,\u2026","rel":"","context":"Dans &quot;Arnaud Gossement&quot;","block_context":{"text":"Arnaud Gossement","link":"https:\/\/www.enviroscop.fr\/actu\/category\/source\/arnaud-gossement\/"},"img":{"alt_text":"","src":"https:\/\/i0.wp.com\/www.enviroscop.fr\/actu\/wp-content\/uploads\/2013\/05\/17141_une.jpg?resize=350%2C200&ssl=1","width":350,"height":200},"classes":[]},{"id":1285,"url":"https:\/\/www.enviroscop.fr\/actu\/2013\/07\/simplification-le-droit-de-lenvironnement-aussi\/","url_meta":{"origin":1508,"position":5},"title":"Simplification : le droit de l&rsquo;environnement aussi ?","author":"Enviroscop","date":"23 juillet 2013","format":false,"excerpt":"Dans l'optique du choc de simplification, plusieurs proc\u00e9dures nous int\u00e9ressant sont touch\u00e9es : 1\/ La feuille de route du Minist\u00e8re, pr\u00e9vue en septembre pr\u00e9voit de : \"faciliter la r\u00e9alisation des projets respectueux de l'environnement\" : cr\u00e9ation d'un r\u00e9f\u00e9rent unique au sein de l'administration d\u00e9partementale, simplification du r\u00e9gime des \u00e9tudes d'impact,\u2026","rel":"","context":"Dans &quot;droit&quot;","block_context":{"text":"droit","link":"https:\/\/www.enviroscop.fr\/actu\/category\/juridique\/droit\/"},"img":{"alt_text":"17141_une","src":"https:\/\/i0.wp.com\/www.enviroscop.fr\/actu\/wp-content\/uploads\/2013\/05\/17141_une-300x152.jpg?resize=350%2C200","width":350,"height":200},"classes":[]}],"jetpack_sharing_enabled":true,"_links":{"self":[{"href":"https:\/\/www.enviroscop.fr\/actu\/wp-json\/wp\/v2\/posts\/1508","targetHints":{"allow":["GET"]}}],"collection":[{"href":"https:\/\/www.enviroscop.fr\/actu\/wp-json\/wp\/v2\/posts"}],"about":[{"href":"https:\/\/www.enviroscop.fr\/actu\/wp-json\/wp\/v2\/types\/post"}],"author":[{"embeddable":true,"href":"https:\/\/www.enviroscop.fr\/actu\/wp-json\/wp\/v2\/users\/1"}],"replies":[{"embeddable":true,"href":"https:\/\/www.enviroscop.fr\/actu\/wp-json\/wp\/v2\/comments?post=1508"}],"version-history":[{"count":0,"href":"https:\/\/www.enviroscop.fr\/actu\/wp-json\/wp\/v2\/posts\/1508\/revisions"}],"wp:attachment":[{"href":"https:\/\/www.enviroscop.fr\/actu\/wp-json\/wp\/v2\/media?parent=1508"}],"wp:term":[{"taxonomy":"category","embeddable":true,"href":"https:\/\/www.enviroscop.fr\/actu\/wp-json\/wp\/v2\/categories?post=1508"},{"taxonomy":"post_tag","embeddable":true,"href":"https:\/\/www.enviroscop.fr\/actu\/wp-json\/wp\/v2\/tags?post=1508"}],"curies":[{"name":"wp","href":"https:\/\/api.w.org\/{rel}","templated":true}]}}