{"id":1510,"date":"2013-10-07T07:10:38","date_gmt":"2013-10-07T06:10:38","guid":{"rendered":"http:\/\/www.enviroscop.fr\/actu\/?p=1510"},"modified":"2013-10-08T14:55:04","modified_gmt":"2013-10-08T13:55:04","slug":"demolition-deoliennes-la-compagnie-du-vent-se-defend","status":"publish","type":"post","link":"https:\/\/www.enviroscop.fr\/actu\/2013\/10\/demolition-deoliennes-la-compagnie-du-vent-se-defend\/","title":{"rendered":"D\u00e9molition d&rsquo;\u00e9oliennes : la Compagnie du Vent se d\u00e9fend"},"content":{"rendered":"<p>La Compagnie du Vent, filiale du groupe GDF Suez, a \u00e9t\u00e9 condamn\u00e9e par le tribunal de grande instance de Montpellier \u00e0 d\u00e9molir 10 \u00e9oliennes de deux parcs dans le Pas-de-Calais, suite \u00e0 un recours d\u00e9pos\u00e9 par les propri\u00e9taires du ch\u00e2teau de Flers, \u00e0 Boubers-sur-Canche.<\/p>\n<p>La Compagnie du Vent \u00ab\u00a0va faire appel, ce qui suspend lex\u00e9cution du jugement\u00a0\u00bb, a confirm\u00e9 un porte-parole de la soci\u00e9t\u00e9 \u00e0 Actu-Environnement jeudi 3 octobre. Les \u00e9oliennes vis\u00e9es sont celles des parcs des Campagnes, situ\u00e9 pr\u00e8s de Boubers-sur-Canche, et des Tambours, implant\u00e9 sur les communes de Conchy-sur-Canche et de Monchel-sur-Canche, a-t-il pr\u00e9cis\u00e9. Or, si \u00e0 lissue de lappel, la condamnation est confirm\u00e9e, l\u00e9nerg\u00e9ticien disposera de quatre mois pour retirer ses \u00e9oliennes et devra en outre verser 37.500 euros de dommages et int\u00e9r\u00eats aux propri\u00e9taires<\/p>\n<p>lire la suite sur\u00a0<a href=\"http:\/\/www.actu-environnement.com\/ae\/news\/compagnie-vent-recours-demolion-parcs-pas-de-calais-eolien-19612.php4\">D\u00e9molition d&rsquo;\u00e9oliennes : la Compagnie du Vent se d\u00e9fend<\/a>.<\/p>\n<p>analyse et perspectives :\u00a0<a href=\"http:\/\/www.actu-environnement.com\/ae\/news\/parc-eolien-demolition-permis-construire-TGI-Montpellier-19620.php4\">http:\/\/www.actu-environnement.com\/ae\/news\/parc-eolien-demolition-permis-construire-TGI-Montpellier-19620.php4<\/a><\/p>\n","protected":false},"excerpt":{"rendered":"<p>La Compagnie du Vent, filiale du groupe GDF Suez, a \u00e9t\u00e9 condamn\u00e9e par le tribunal de grande instance de Montpellier \u00e0 d\u00e9molir 10 \u00e9oliennes de deux parcs dans le Pas-de-Calais, suite \u00e0 un recours d\u00e9pos\u00e9 par les propri\u00e9taires du ch\u00e2teau de Flers, \u00e0 Boubers-sur-Canche. La Compagnie du Vent \u00ab\u00a0va faire appel, ce qui suspend lex\u00e9cution &hellip; <\/p>\n<p><a class=\"more-link btn\" href=\"https:\/\/www.enviroscop.fr\/actu\/2013\/10\/demolition-deoliennes-la-compagnie-du-vent-se-defend\/\">Lire la suite<\/a><\/p>\n","protected":false},"author":1,"featured_media":0,"comment_status":"open","ping_status":"open","sticky":false,"template":"","format":"standard","meta":{"jetpack_post_was_ever_published":false,"_jetpack_newsletter_access":"","_jetpack_dont_email_post_to_subs":false,"_jetpack_newsletter_tier_id":0,"_jetpack_memberships_contains_paywalled_content":false,"_jetpack_memberships_contains_paid_content":false,"footnotes":"","jetpack_publicize_message":"","jetpack_publicize_feature_enabled":true,"jetpack_social_post_already_shared":true,"jetpack_social_options":{"image_generator_settings":{"template":"highway","default_image_id":0,"font":"","enabled":false},"version":2}},"categories":[22,7,8,34],"tags":[],"class_list":["post-1510","post","type-post","status-publish","format-standard","hentry","category-economie","category-energie","category-eolien","category-jurisprudence","item-wrap"],"jetpack_publicize_connections":[],"jetpack_featured_media_url":"","jetpack_shortlink":"https:\/\/wp.me\/p3rXAp-om","jetpack_likes_enabled":true,"jetpack-related-posts":[{"id":2834,"url":"https:\/\/www.enviroscop.fr\/actu\/2017\/06\/le-parc-eolien-francais-ses-impacts-sur-lavifaune-etude-des-suivis-de-mortalite-realises-en-france-de-1997-a-2015-par-la-lpo\/","url_meta":{"origin":1510,"position":0},"title":"Le parc \u00e9olien fran\u00e7ais et ses impacts sur l\u2019avifaune. Etude des suivis de mortalit\u00e9 r\u00e9alis\u00e9s en France de 1997 \u00e0 2015 par la LPO","author":"Enviroscop","date":"22 juin 2017","format":false,"excerpt":"La mortalit\u00e9 r\u00e9elle due aux \u00e9oliennes n\u2019est estim\u00e9e que pour tr\u00e8s peu de parcs,\u00a0souvent localis\u00e9s dans des ZPS ou pr\u00e9sentant de fortes sensibilit\u00e9s avifaunistiques. Pour les huit\u00a0parcs concern\u00e9s, qui repr\u00e9sentent 1,38 % des \u00e9oliennes fran\u00e7aises, la mortalit\u00e9 r\u00e9elle estim\u00e9e\u00a0varie de 0,3 \u00e0 18,3 oiseaux tu\u00e9s par \u00e9olienne et par an,\u2026","rel":"","context":"Dans &quot;biodiversit\u00e9&quot;","block_context":{"text":"biodiversit\u00e9","link":"https:\/\/www.enviroscop.fr\/actu\/category\/nature\/biodiversite\/"},"img":{"alt_text":"","src":"https:\/\/i0.wp.com\/www.enviroscop.fr\/actu\/wp-content\/uploads\/2017\/06\/LPO201706-209x300.jpg?resize=350%2C200","width":350,"height":200},"classes":[]},{"id":2102,"url":"https:\/\/www.enviroscop.fr\/actu\/2014\/10\/chauves-souris-et-eoliennes\/","url_meta":{"origin":1510,"position":1},"title":"Chauves-souris et \u00e9oliennes","author":"Enviroscop","date":"15 octobre 2014","format":false,"excerpt":"Une int\u00e9ressante \u00e9tude internationale sur les risques encourus par les chauves-souris \u00e0 proximit\u00e9 des \u00e9oliennes. Tous les suivis ont constat\u00e9 une mortalit\u00e9 surprenante des chiropt\u00e8res sur les parcs \u00e9oliens, mais les causes en sont inconnues. Des pics de mortalit\u00e9s ont \u00e9t\u00e9 observ\u00e9s pour des vitesses de vent peu \u00e9lev\u00e9es en\u2026","rel":"","context":"Dans &quot;biodiversit\u00e9&quot;","block_context":{"text":"biodiversit\u00e9","link":"https:\/\/www.enviroscop.fr\/actu\/category\/nature\/biodiversite\/"},"img":{"alt_text":"","src":"","width":0,"height":0},"classes":[]},{"id":203,"url":"https:\/\/www.enviroscop.fr\/actu\/2011\/08\/ouverture-de-lenquete-publique-sur-le-parc-na-32886\/","url_meta":{"origin":1510,"position":2},"title":"Ouverture de l&rsquo;enqu??te publique sur le Parc naturel marin de la c??te entre Le Tr??port et Escalles","author":"Enviroscop","date":"16 ao\u00fbt 2011","format":false,"excerpt":"Ouverte ce jour (16 ao??t), cette enqu??te publique prendra fin le 16 octobre. Elle permettra de recueillir les avis et suggestions de toutes les structures concern??es par le projet ??? collectivit??s, instances professionnelles, services de l???...","rel":"","context":"Dans &quot;biodiversit\u00e9&quot;","block_context":{"text":"biodiversit\u00e9","link":"https:\/\/www.enviroscop.fr\/actu\/category\/nature\/biodiversite\/"},"img":{"alt_text":"","src":"","width":0,"height":0},"classes":[]},{"id":309,"url":"https:\/\/www.enviroscop.fr\/actu\/2010\/11\/barometre-dopinion-2010-sur-lenergie-et-le-cl\/","url_meta":{"origin":1510,"position":3},"title":"Barom??tre d&rsquo;opinion 2010 sur l&rsquo;??nergie et le climat : une \u00ab\u00a0large acceptation\u00a0\u00bb des ??oliennes","author":"Enviroscop","date":"5 novembre 2010","format":false,"excerpt":"Le Commissariat g??n??ral au d??veloppement durable du Minist??re de l'Ecologie vient de publier une nouvelle ??dition du barom??tre d'opinion sur l'??nergie et le climat en 2010 qui tend d??montrer que les ??oliennes font l'objet d'une \"large ...","rel":"","context":"Dans &quot;Eolien&quot;","block_context":{"text":"Eolien","link":"https:\/\/www.enviroscop.fr\/actu\/category\/energie\/renouvelable\/eolien\/"},"img":{"alt_text":"","src":"","width":0,"height":0},"classes":[]},{"id":172,"url":"https:\/\/www.enviroscop.fr\/actu\/2010\/11\/leurope-natura-2000-et-les-eoliennes\/","url_meta":{"origin":1510,"position":4},"title":"L&rsquo;Europe, Natura 2000 et les \u00e9oliennes","author":"Enviroscop","date":"9 novembre 2010","format":false,"excerpt":"Un rapport vient d'??tre publi?? sur les potentialit??s de d??veloppement de parcs ??oliens en zone Natura 2000 R??dig?? en anglais, vous pouvez le t??l??charger ici. Les parcs ??oliens bien con??us ne sont pas une menace pour la biodiversit??. Malheureusemen...","rel":"","context":"Dans &quot;Eolien&quot;","block_context":{"text":"Eolien","link":"https:\/\/www.enviroscop.fr\/actu\/category\/energie\/renouvelable\/eolien\/"},"img":{"alt_text":"","src":"","width":0,"height":0},"classes":[]},{"id":905,"url":"https:\/\/www.enviroscop.fr\/actu\/2013\/04\/les-parcs-eoliens-en-mer-un-nouvel-habitat-pour-les-homards\/","url_meta":{"origin":1510,"position":5},"title":"Les parcs \u00e9oliens en mer, un nouvel habitat pour les homards ?","author":"Enviroscop","date":"29 avril 2013","format":false,"excerpt":"http:\/\/www.bulletins-electroniques.com\/actualites\/72893.htm Des chercheurs de l'Institut Alfred Wegener (AWI) pour la recherche polaire et marine de Bremerhaven (Br\u00eame), membre de la Communaut\u00e9 Helmholtz, d\u00e9veloppent un projet pilote ayant pour but d'implanter une population de homards europ\u00e9ens dans le parc \u00e9olien en mer allemand \"Riffgat\". Les scientifiques commencent actuellement l'\u00e9levage de 3.000\u2026","rel":"","context":"Dans &quot;biodiversit\u00e9&quot;","block_context":{"text":"biodiversit\u00e9","link":"https:\/\/www.enviroscop.fr\/actu\/category\/nature\/biodiversite\/"},"img":{"alt_text":"","src":"","width":0,"height":0},"classes":[]}],"jetpack_sharing_enabled":true,"_links":{"self":[{"href":"https:\/\/www.enviroscop.fr\/actu\/wp-json\/wp\/v2\/posts\/1510","targetHints":{"allow":["GET"]}}],"collection":[{"href":"https:\/\/www.enviroscop.fr\/actu\/wp-json\/wp\/v2\/posts"}],"about":[{"href":"https:\/\/www.enviroscop.fr\/actu\/wp-json\/wp\/v2\/types\/post"}],"author":[{"embeddable":true,"href":"https:\/\/www.enviroscop.fr\/actu\/wp-json\/wp\/v2\/users\/1"}],"replies":[{"embeddable":true,"href":"https:\/\/www.enviroscop.fr\/actu\/wp-json\/wp\/v2\/comments?post=1510"}],"version-history":[{"count":0,"href":"https:\/\/www.enviroscop.fr\/actu\/wp-json\/wp\/v2\/posts\/1510\/revisions"}],"wp:attachment":[{"href":"https:\/\/www.enviroscop.fr\/actu\/wp-json\/wp\/v2\/media?parent=1510"}],"wp:term":[{"taxonomy":"category","embeddable":true,"href":"https:\/\/www.enviroscop.fr\/actu\/wp-json\/wp\/v2\/categories?post=1510"},{"taxonomy":"post_tag","embeddable":true,"href":"https:\/\/www.enviroscop.fr\/actu\/wp-json\/wp\/v2\/tags?post=1510"}],"curies":[{"name":"wp","href":"https:\/\/api.w.org\/{rel}","templated":true}]}}