{"id":1512,"date":"2013-10-07T07:18:45","date_gmt":"2013-10-07T06:18:45","guid":{"rendered":"http:\/\/www.enviroscop.fr\/actu\/?p=1512"},"modified":"2013-10-07T07:18:45","modified_gmt":"2013-10-07T06:18:45","slug":"energy-cities-les-cooperatives-energetiques-lenergie-autrement","status":"publish","type":"post","link":"https:\/\/www.enviroscop.fr\/actu\/2013\/10\/energy-cities-les-cooperatives-energetiques-lenergie-autrement\/","title":{"rendered":"Energy Cities &#8211; Les coop\u00e9ratives \u00e9nerg\u00e9tiques : l&rsquo;\u00e9nergie autrement !"},"content":{"rendered":"<p>Le financement collectif, un nouveau mode de financement local, fait des citoyens des acteurs reconnus et le principal moteur des coop\u00e9ratives \u00e9nerg\u00e9tiques durables.<\/p>\n<p>C\u2019est un concept qui vient de conqu\u00e9rir l\u2019Espagne &#8211; gr\u00e2ce \u00e0 la coop\u00e9rative Som Energia.<\/p>\n<p>Le succ\u00e8s de la premi\u00e8re coop\u00e9rative \u00e9nerg\u00e9tique espagnole Som Energia a de quoi surprendre&#8230; ou pas.<\/p>\n<p>Dans une Espagne durement touch\u00e9e par la crise, s\u2019affranchir des sources de financement conventionnelles est en effet devenu une n\u00e9cessit\u00e9. Som Energia &#8211; qui a le soutien de la Ville de Pampelune, membre d\u2019Energy Cities &#8211; produit et vend de l\u2019\u00e9lectricit\u00e9 renouvelable gr\u00e2ce \u00e0 de petites unit\u00e9s de production situ\u00e9es pr\u00e8s du lieu de r\u00e9sidence de ses membres. 100 euros vers\u00e9s au capital social de la coop\u00e9rative\u00a0sont suffisants pour participer.<\/p>\n<p>Apr\u00e8s un an et demi d\u2019existence officielle, Som Energia compte d\u00e9sormais 6 100 membres et dispose donc d\u2019un capital social de 610 000 euros. Et ce n\u2019est qu\u2019un\u00a0d\u00e9but, la coop\u00e9rative recevant 800 nouvelles demandes d\u2019adh\u00e9sion chaque mois\u00a0!<\/p>\n<p>Ce qui diff\u00e9rencie cette coop\u00e9rative des autres est le fait qu\u2019elle s\u2019engage \u00e0 couvrir 100% des besoins de ses membres via des projets de production d\u2019\u00e9nergie renouvelable dont elle est propri\u00e9taire et qui sont financ\u00e9s par les membres.<\/p>\n<p>La principale fonction de la coop\u00e9rative est d\u2019offrir \u00e0 ses adh\u00e9rents la possibilit\u00e9 d\u2019investir dans ces projets. Les premiers r\u00e9sultats sont tr\u00e8s encourageants, environ 700 personnes ayant investi un total de 2,8 millions d\u2019euros.<\/p>\n<p>L\u2019exp\u00e9rience montre que les personnes qui financent l\u2019installation d\u2019unit\u00e9s de production d\u2019\u00e9nergie renouvelable, en \u00e9change d\u2019une part de ladite production, ont tendance \u00e0 \u00eatre plus favorables \u00e0 la transition \u00e9nerg\u00e9tique. Or, le nouveau syst\u00e8me \u00e9nerg\u00e9tique a besoin de personnes pr\u00eates \u00e0 soutenir des projets locaux d\u2019\u00e9nergie d\u00e9centralis\u00e9e\u00a0!<\/p>\n<p>Plus d\u2019information\u00a0:<\/p>\n<p><a href=\"http:\/\/www.rescoop.eu\/\" target=\"_blank\">www.rescoop.eu<\/a><\/p>\n<p><a href=\"http:\/\/www.energy-cities.eu\/IMG\/pdf\/WS3_RESCoop-EnerCoop.pdf\" target=\"_blank\">www.energy-cities.eu\/IMG\/pdf\/WS3_RESCoop-EnerCoop.pdf<\/a><\/p>\n<p>via\u00a0<a href=\"http:\/\/www.energy-cities.eu\/Les-cooperatives-energetiques-l\">Energy Cities &#8211; Les coop\u00e9ratives \u00e9nerg\u00e9tiques : l&rsquo;\u00e9nergie autrement !<\/a>.<\/p>\n","protected":false},"excerpt":{"rendered":"<p>Le financement collectif, un nouveau mode de financement local, fait des citoyens des acteurs reconnus et le principal moteur des coop\u00e9ratives \u00e9nerg\u00e9tiques durables. C\u2019est un concept qui vient de conqu\u00e9rir l\u2019Espagne &#8211; gr\u00e2ce \u00e0 la coop\u00e9rative Som Energia. Le succ\u00e8s de la premi\u00e8re coop\u00e9rative \u00e9nerg\u00e9tique espagnole Som Energia a de quoi surprendre&#8230; ou pas. Dans &hellip; <\/p>\n<p><a class=\"more-link btn\" href=\"https:\/\/www.enviroscop.fr\/actu\/2013\/10\/energy-cities-les-cooperatives-energetiques-lenergie-autrement\/\">Lire la suite<\/a><\/p>\n","protected":false},"author":1,"featured_media":0,"comment_status":"open","ping_status":"open","sticky":false,"template":"","format":"standard","meta":{"jetpack_post_was_ever_published":false,"_jetpack_newsletter_access":"","_jetpack_dont_email_post_to_subs":false,"_jetpack_newsletter_tier_id":0,"_jetpack_memberships_contains_paywalled_content":false,"_jetpack_memberships_contains_paid_content":false,"footnotes":"","jetpack_publicize_message":"","jetpack_publicize_feature_enabled":true,"jetpack_social_post_already_shared":true,"jetpack_social_options":{"image_generator_settings":{"template":"highway","default_image_id":0,"font":"","enabled":false},"version":2}},"categories":[20,22,7,26,48],"tags":[],"class_list":["post-1512","post","type-post","status-publish","format-standard","hentry","category-durable","category-economie","category-energie","category-europe","category-scop","item-wrap"],"jetpack_publicize_connections":[],"jetpack_featured_media_url":"","jetpack_shortlink":"https:\/\/wp.me\/p3rXAp-oo","jetpack_likes_enabled":true,"jetpack-related-posts":[{"id":2062,"url":"https:\/\/www.enviroscop.fr\/actu\/2014\/09\/energies-renouvelables-le-financement-participatif-bientot-facilite\/","url_meta":{"origin":1512,"position":0},"title":"Energies renouvelables : le financement participatif bient\u00f4t facilit\u00e9","author":"Enviroscop","date":"23 septembre 2014","format":false,"excerpt":"\u00a9 imagedepotpro Apr\u00e8s avoir recueilli 6,5 millions d'euros lors de deux\u00a0collectes d'investissements citoyens\u00a0en 2011 et 2012, le fonds d'investissement Energie partag\u00e9e r\u00e9cidive, en lan\u00e7ant une troisi\u00e8me collecte.\u00a0\"L'objectif est de collecter trois millions d'euros pour financer en fonds propre les nombreux projets citoyens en attente de soutien\", souligne le mouvement. Jusqu'ici,\u2026","rel":"","context":"Dans &quot;Concertation&quot;","block_context":{"text":"Concertation","link":"https:\/\/www.enviroscop.fr\/actu\/category\/concertation\/"},"img":{"alt_text":"Energies renouvelables : le financement participatif bient\u00f4t facilit\u00e9","src":"https:\/\/i0.wp.com\/www.actu-environnement.com\/images\/illustrations\/news\/22717_une.jpg?resize=350%2C200","width":350,"height":200,"srcset":"https:\/\/i0.wp.com\/www.actu-environnement.com\/images\/illustrations\/news\/22717_une.jpg?resize=350%2C200 1x, https:\/\/i0.wp.com\/www.actu-environnement.com\/images\/illustrations\/news\/22717_une.jpg?resize=525%2C300 1.5x"},"classes":[]},{"id":1548,"url":"https:\/\/www.enviroscop.fr\/actu\/2013\/10\/cooperative-combrailles-durables-le-photovoltaique-citoyen-plein-soleil\/","url_meta":{"origin":1512,"position":1},"title":"Coop\u00e9rative Combrailles Durables : Le photovolta\u00efque citoyen | Plein Soleil","author":"Enviroscop","date":"28 octobre 2013","format":false,"excerpt":"La coop\u00e9rative d\u2019int\u00e9r\u00eat collectif SCIC Combrailles Durables sans but lucratif regroupe des citoyens lambda, au nombre de 176 au 10 octobre 2013. Elle est anim\u00e9e pas une groupe d\u2019une quinzaine de b\u00e9n\u00e9voles. Cette coop\u00e9rative a mis en service et exploite des petites centrales solaires photovolta\u00efques en toiture de b\u00e2timents publics.\u2026","rel":"","context":"Dans &quot;Coop\u00e9rative&quot;","block_context":{"text":"Coop\u00e9rative","link":"https:\/\/www.enviroscop.fr\/actu\/category\/activite\/economie\/cooperative\/"},"img":{"alt_text":"","src":"","width":0,"height":0},"classes":[]},{"id":4663,"url":"https:\/\/www.enviroscop.fr\/actu\/2022\/03\/congres-national-des-scic-et-scop\/","url_meta":{"origin":1512,"position":2},"title":"Congr\u00e8s national des SCIC et SCOP","author":"Enviroscop","date":"16 mars 2022","format":false,"excerpt":"Enviroscop, au travers de 6 de ses collaborateurs (venez rencontrer Caroline, Elise, Etienne, Mathilde, Philippe et Yvonnick), a le plaisir de se rendre au 37e Congr\u00e8s national des Soci\u00e9t\u00e9s Coop\u00e9ratives, qui aura lieu les 16 (pour l'inauguration), 17 et 18 mars \u00e0 #Rennes. au couvent des Jacobins. C'est notre troisi\u00e8me\u2026","rel":"","context":"Dans &quot;Coop\u00e9rative&quot;","block_context":{"text":"Coop\u00e9rative","link":"https:\/\/www.enviroscop.fr\/actu\/category\/activite\/economie\/cooperative\/"},"img":{"alt_text":"","src":"","width":0,"height":0},"classes":[]},{"id":4139,"url":"https:\/\/www.enviroscop.fr\/actu\/2021\/03\/creation-du-cadre-juridique-national-des-communautes-denergie-renouvelable-et-des-communautes-energetiques-citoyennes\/","url_meta":{"origin":1512,"position":3},"title":"Cr\u00e9ation du cadre juridique national des communaut\u00e9s d\u2019\u00e9nergie renouvelable et des communaut\u00e9s \u00e9nerg\u00e9tiques citoyennes","author":"Enviroscop","date":"17 mars 2021","format":false,"excerpt":"A \u00e9t\u00e9 publi\u00e9e au Journal officiel du 4 mars 2021\u00a0l\u2019ordonnance n\u00b0 2021-236 du 3 mars 2021\u00a0ayant pour objet de transposer diverses dispositions de la directive 2018\/2001 du 11 d\u00e9cembre 2018 relative \u00e0 la promotion de l'utilisation de l'\u00e9nergie produite \u00e0 partir de sources renouvelables. Elle vise en particulier \u00e0 donner\u2026","rel":"","context":"Dans &quot;Coop\u00e9rative&quot;","block_context":{"text":"Coop\u00e9rative","link":"https:\/\/www.enviroscop.fr\/actu\/category\/activite\/economie\/cooperative\/"},"img":{"alt_text":"","src":"https:\/\/i0.wp.com\/www.enviroscop.fr\/actu\/wp-content\/uploads\/2013\/05\/17141_une.jpg?resize=350%2C200","width":350,"height":200},"classes":[]},{"id":299,"url":"https:\/\/www.enviroscop.fr\/actu\/2011\/06\/developpement-des-enr-et-independance-energet\/","url_meta":{"origin":1512,"position":4},"title":"D??veloppement des ENR et ind??pendance ??nerg??tique","author":"Enviroscop","date":"10 juin 2011","format":false,"excerpt":"L???autosuffisance ??nerg??tique a le vent en poupe. Par-del les diff??rences (certains parlent d???autosuffisance ??nerg??tique, d???autres d???autonomie ??nerg??tique) les territoires concern??s ont tous une vision commune : renoncer l???im...","rel":"","context":"Dans &quot;Energie&quot;","block_context":{"text":"Energie","link":"https:\/\/www.enviroscop.fr\/actu\/category\/energie\/"},"img":{"alt_text":"","src":"","width":0,"height":0},"classes":[]},{"id":1701,"url":"https:\/\/www.enviroscop.fr\/actu\/2014\/01\/un-nouvel-appel-a-projets-pour-la-transition-energetique-et-ecologique-energies-enerzine-com\/","url_meta":{"origin":1512,"position":5},"title":"Un nouvel appel \u00e0 projets pour la transition \u00e9nerg\u00e9tique et \u00e9cologique > Energies &#8211; Enerzine.com","author":"Enviroscop","date":"3 janvier 2014","format":false,"excerpt":"Un nouvel appel \u00e0 projets pour la transition \u00e9nerg\u00e9tique et \u00e9cologique\u00a0\u00a0Le gouvernement a proc\u00e9d\u00e9 le 24 d\u00e9cembre dernier au lancement d'un deuxi\u00e8me appel \u00e0 projets dans le cadre de l'action \u00ab Financement de l'Economie Sociale et Solidaire \u00bb du Programme d'Investissements d'Avenir PIA. Forte du succ\u00e8s rencontr\u00e9 par le premier\u2026","rel":"","context":"Dans &quot;durable&quot;","block_context":{"text":"durable","link":"https:\/\/www.enviroscop.fr\/actu\/category\/durable\/"},"img":{"alt_text":"","src":"","width":0,"height":0},"classes":[]}],"jetpack_sharing_enabled":true,"_links":{"self":[{"href":"https:\/\/www.enviroscop.fr\/actu\/wp-json\/wp\/v2\/posts\/1512","targetHints":{"allow":["GET"]}}],"collection":[{"href":"https:\/\/www.enviroscop.fr\/actu\/wp-json\/wp\/v2\/posts"}],"about":[{"href":"https:\/\/www.enviroscop.fr\/actu\/wp-json\/wp\/v2\/types\/post"}],"author":[{"embeddable":true,"href":"https:\/\/www.enviroscop.fr\/actu\/wp-json\/wp\/v2\/users\/1"}],"replies":[{"embeddable":true,"href":"https:\/\/www.enviroscop.fr\/actu\/wp-json\/wp\/v2\/comments?post=1512"}],"version-history":[{"count":0,"href":"https:\/\/www.enviroscop.fr\/actu\/wp-json\/wp\/v2\/posts\/1512\/revisions"}],"wp:attachment":[{"href":"https:\/\/www.enviroscop.fr\/actu\/wp-json\/wp\/v2\/media?parent=1512"}],"wp:term":[{"taxonomy":"category","embeddable":true,"href":"https:\/\/www.enviroscop.fr\/actu\/wp-json\/wp\/v2\/categories?post=1512"},{"taxonomy":"post_tag","embeddable":true,"href":"https:\/\/www.enviroscop.fr\/actu\/wp-json\/wp\/v2\/tags?post=1512"}],"curies":[{"name":"wp","href":"https:\/\/api.w.org\/{rel}","templated":true}]}}