{"id":1568,"date":"2013-11-08T07:18:26","date_gmt":"2013-11-08T06:18:26","guid":{"rendered":"http:\/\/www.enviroscop.fr\/actu\/?p=1568"},"modified":"2013-11-08T08:45:25","modified_gmt":"2013-11-08T07:45:25","slug":"quelque-chose-de-plus-leger","status":"publish","type":"post","link":"https:\/\/www.enviroscop.fr\/actu\/2013\/11\/quelque-chose-de-plus-leger\/","title":{"rendered":"Quelque chose de plus l\u00e9ger&#8230;"},"content":{"rendered":"<p style=\"text-align: center;\"><a href=\" http:\/\/cen-aquitaine.org\/film-%C3%B4-papillons\"><img data-recalc-dims=\"1\" loading=\"lazy\" decoding=\"async\" class=\"aligncenter\" alt=\"\" src=\"https:\/\/i0.wp.com\/cen-aquitaine.org\/sites\/default\/files\/styles\/news_horizontal\/public\/O_papillons_bandeau1.jpg?resize=548%2C180\" width=\"548\" height=\"180\" \/><\/a><\/p>\n<p>Un <a href=\" http:\/\/cen-aquitaine.org\/film-%C3%B4-papillons\" target=\"_blank\">joli film<\/a> (en streaming) r\u00e9alis\u00e9 dans le cadre du programme \u00ab\u00a0Papillons menac\u00e9s de zones humides en Aquitaine\u00a0\u00bb.<\/p>\n<p>Prim\u00e9 au Festival International du Film Ornithologique de M\u00e9nigoute 2013 :\u00a0Prix : \u00ab\u00a0Protection de la nature\u00a0\u00bb<\/p>\n<p>\u00ab Si nous avions \u00e0 peupler un monde imaginaire id\u00e9al, le choix\u00a0serait embarrassant, mais nous y mettrions certainement les fleurs et les papillons !<\/p>\n<p>Ce film nous emm\u00e8ne sur les ailes de quatre esp\u00e8ces de papillons, ambassadeurs m\u00e9connus des zones humides. Ils sont, \u00e0 l&rsquo;image de leurs lieux de vie, menac\u00e9s de disparition. La tourbi\u00e8re, la lande humide, la prairie alluviale ne sont gu\u00e8re plus que des reliquats de territoires autrefois bien plus \u00e9tendus.\u00a0En suivant les naturalistes sur le terrain, nous rencontrons des \u00e9leveurs et des forestiers qui aujourd&rsquo;hui encore vivent au contact de ces paysages si particuliers. Par leur pratique et l&rsquo;attachement qu&rsquo;ils portent au patrimoine, ils sont les garants de la sauvegarde des milieux humides\u2026 et de ces papillons.\u00bb<\/p>\n<p>&nbsp;<\/p>\n<p>R\u00e9alis\u00e9 par Marie Daniel et Fabien Mazzocco<br \/>\n&gt; Produit par C.Nature, Le Gobie et le Cen Aquitaine<br \/>\n&gt; 43 mn &#8211; HD &#8211; 2013<\/p>\n","protected":false},"excerpt":{"rendered":"<p>Un joli film (en streaming) r\u00e9alis\u00e9 dans le cadre du programme \u00ab\u00a0Papillons menac\u00e9s de zones humides en Aquitaine\u00a0\u00bb. Prim\u00e9 au Festival International du Film Ornithologique de M\u00e9nigoute 2013 :\u00a0Prix : \u00ab\u00a0Protection de la nature\u00a0\u00bb \u00ab Si nous avions \u00e0 peupler un monde imaginaire id\u00e9al, le choix\u00a0serait embarrassant, mais nous y mettrions certainement les fleurs et &hellip; <\/p>\n<p><a class=\"more-link btn\" href=\"https:\/\/www.enviroscop.fr\/actu\/2013\/11\/quelque-chose-de-plus-leger\/\">Lire la suite<\/a><\/p>\n","protected":false},"author":1,"featured_media":0,"comment_status":"open","ping_status":"open","sticky":false,"template":"","format":"standard","meta":{"jetpack_post_was_ever_published":false,"_jetpack_newsletter_access":"","_jetpack_dont_email_post_to_subs":false,"_jetpack_newsletter_tier_id":0,"_jetpack_memberships_contains_paywalled_content":false,"_jetpack_memberships_contains_paid_content":false,"footnotes":"","jetpack_publicize_message":"","jetpack_publicize_feature_enabled":true,"jetpack_social_post_already_shared":true,"jetpack_social_options":{"image_generator_settings":{"template":"highway","default_image_id":0,"font":"","enabled":false},"version":2}},"categories":[3,11,20,6,22,67,41,42,53,59],"tags":[],"class_list":["post-1568","post","type-post","status-publish","format-standard","hentry","category-agriculture","category-biodiversite","category-durable","category-ecologie","category-economie","category-nature","category-paysage","category-pedagogie","category-trames-verte-et-bleue","category-zones-humides","item-wrap"],"jetpack_publicize_connections":[],"jetpack_featured_media_url":"","jetpack_shortlink":"https:\/\/wp.me\/p3rXAp-pi","jetpack_likes_enabled":true,"jetpack-related-posts":[{"id":530,"url":"https:\/\/www.enviroscop.fr\/actu\/2013\/03\/avancees-et-enseignements-pour-la-valorisation-des-services-rendus-par-les-zones-humides\/","url_meta":{"origin":1568,"position":0},"title":"Avanc\u00e9es et enseignements pour la valorisation des services rendus par les zones humides","author":"Enviroscop","date":"29 mars 2013","format":false,"excerpt":"Afin d\u2019\u00e9clairer les d\u00e9cisions publiques et justifier la pr\u00e9servation des espaces menac\u00e9s que sont les zones humides, le CGDD a men\u00e9 plusieurs \u00e9tudes visant \u00e0 attribuer une valeur mon\u00e9taire aux diff\u00e9rents services rendus par ces milieux. Trois sites tests localis\u00e9s dans le bassin Seine-Normandie couvrant une grande diversit\u00e9 de typologies\u2026","rel":"","context":"Dans &quot;Evaluation&quot;","block_context":{"text":"Evaluation","link":"https:\/\/www.enviroscop.fr\/actu\/category\/evaluation\/"},"img":{"alt_text":"","src":"","width":0,"height":0},"classes":[]},{"id":4193,"url":"https:\/\/www.enviroscop.fr\/actu\/2021\/04\/ecosystemes-et-zones-humides-en-francophonie-preservation-restauration-et-valorisation-pour-la-survie-de-la-biodiversite\/","url_meta":{"origin":1568,"position":1},"title":"\u00c9cosyst\u00e8mes et zones humides en Francophonie \u2013 Pr\u00e9servation, restauration et valorisation pour la survie de la biodiversit\u00e9","author":"Enviroscop","date":"30 avril 2021","format":false,"excerpt":"Terreau fertile de la diversit\u00e9 biologique, les zones humides nous alimentent en eau et en ressources foresti\u00e8res et halieutiques essentielles pour notre alimentation, notre habitation, et notre cadre de vie. Qu\u2019elles se pr\u00e9sentent sous forme de lacs, de rivi\u00e8res, d\u2019aquif\u00e8res souterrains, de mar\u00e9cages, de marais, de prairies humides, de tourbi\u00e8res,\u2026","rel":"","context":"Dans &quot;Eau&quot;","block_context":{"text":"Eau","link":"https:\/\/www.enviroscop.fr\/actu\/category\/compartiments\/eau\/"},"img":{"alt_text":"","src":"","width":0,"height":0},"classes":[]},{"id":4381,"url":"https:\/\/www.enviroscop.fr\/actu\/2021\/08\/preserver-les-zones-humides-pour-la-gestion-des-crues-et-des-eaux-pluviales\/","url_meta":{"origin":1568,"position":2},"title":"Pr\u00e9server les zones humides pour la gestion des crues et des eaux pluviales","author":"Enviroscop","date":"30 ao\u00fbt 2021","format":false,"excerpt":"Les zones humides, en plus d'\u00eatre des r\u00e9servoirs de biodiversit\u00e9, jouent un r\u00f4le essentiel pour la gestion des crues et des eaux pluviales. Leur pr\u00e9servation et restauration permettent d'agir sur la r\u00e9gulation des d\u00e9bits, le ruissellement, le risque d'inondations, etc. Le Cerema et IdealCO proposent le 19 octobre une formation\u2026","rel":"","context":"Dans &quot;Eau&quot;","block_context":{"text":"Eau","link":"https:\/\/www.enviroscop.fr\/actu\/category\/compartiments\/eau\/"},"img":{"alt_text":"Une zone humide, c&#39;est quoi ? | Eau et Rivi\u00e8res de Bretagne","src":"https:\/\/i0.wp.com\/www.eau-et-rivieres.org\/sites\/erb.fr\/files\/article\/zone_humides_def.jpg?resize=350%2C200&ssl=1","width":350,"height":200},"classes":[]},{"id":298,"url":"https:\/\/www.enviroscop.fr\/actu\/2010\/10\/naissance-du-reseau-partenarial-des-donnees-s\/","url_meta":{"origin":1568,"position":3},"title":"Naissance du R\u00e9seau Partenarial des Donn\u00e9es sur les Zones Humides (RPDZH)","author":"Enviroscop","date":"21 octobre 2010","format":false,"excerpt":"Le Forum des Marais Atlantiques, en s???appuyant sur les organismes nationaux, r??gionaux, d??partementaux et locaux, veut favoriser la mise en place d???outils cartographiques permettant la prise en compte de la sp??cificit?? des zones humides vi...","rel":"","context":"Dans &quot;Trames verte et bleue&quot;","block_context":{"text":"Trames verte et bleue","link":"https:\/\/www.enviroscop.fr\/actu\/category\/nature\/trames-verte-et-bleue\/"},"img":{"alt_text":"","src":"","width":0,"height":0},"classes":[]},{"id":5416,"url":"https:\/\/www.enviroscop.fr\/actu\/2024\/02\/la-version-2-de-la-methode-nationale-devaluation-des-fonctions-des-zones-humides-est-parue\/","url_meta":{"origin":1568,"position":4},"title":"LA VERSION 2 DE LA M\u00c9THODE NATIONALE D\u2019\u00c9VALUATION DES FONCTIONS DES ZONES HUMIDES EST PARUE","author":"Enviroscop","date":"29 f\u00e9vrier 2024","format":false,"excerpt":"L\u2019OFB, PatriNat OFB-MNHN, Biotope et sa filiale Soltis Environnement, le Cerema, l\u2019Inrae, les Universit\u00e9s Fran\u00e7ois Rabelais de Tours et Savoie Mont Blanc, la Tour du Valat, leurs partenaires du Syndicat Mixte pour le D\u00e9veloppement Durable de l\u2019Estuaire de la Gironde (SMIDDEST) et du Syndicat Mixte des \u00c9tangs Littoraux (Siel) publient\u2026","rel":"","context":"Dans &quot;Am\u00e9nagement&quot;","block_context":{"text":"Am\u00e9nagement","link":"https:\/\/www.enviroscop.fr\/actu\/category\/amenagement\/"},"img":{"alt_text":"","src":"https:\/\/i0.wp.com\/pole-lagunes.org\/wp-content\/uploads\/sites\/4\/2024\/01\/1-1-212x300.jpg?resize=350%2C200&ssl=1","width":350,"height":200},"classes":[]},{"id":4595,"url":"https:\/\/www.enviroscop.fr\/actu\/2022\/01\/ile-de-france-guide-regional-pour-la-bonne-prise-en-compte-des-enjeux-zones-humides-dans-les-projets\/","url_meta":{"origin":1568,"position":5},"title":"Ile-de-France : Guide r\u00e9gional pour la bonne prise en compte des enjeux \u00ab\u00a0zones humides\u00a0\u00bb dans les projets","author":"Enviroscop","date":"17 janvier 2022","format":false,"excerpt":"La DRIEAT publie son\u00a0guide r\u00e9gional pour la bonne prise en compte des enjeux des zones humides dans les projets. Il est d\u00e9sormais disponible au t\u00e9l\u00e9chargement\u00a0:\u00a0Guide technique pour la bonne prise en compte des zones humides dans les projets-dec 2021\u00a0(format pdf - 2.5 Mo - 13\/01\/2022)\u00a0. \u00c9labor\u00e9 par le service\u00a0Politiques et\u2026","rel":"","context":"Dans &quot;Agriculture&quot;","block_context":{"text":"Agriculture","link":"https:\/\/www.enviroscop.fr\/actu\/category\/activite\/agriculture\/"},"img":{"alt_text":"","src":"https:\/\/i0.wp.com\/www.enviroscop.fr\/actu\/wp-content\/uploads\/2022\/01\/Capture-decran-2022-01-17-142041.jpg?resize=350%2C200","width":350,"height":200},"classes":[]}],"jetpack_sharing_enabled":true,"_links":{"self":[{"href":"https:\/\/www.enviroscop.fr\/actu\/wp-json\/wp\/v2\/posts\/1568","targetHints":{"allow":["GET"]}}],"collection":[{"href":"https:\/\/www.enviroscop.fr\/actu\/wp-json\/wp\/v2\/posts"}],"about":[{"href":"https:\/\/www.enviroscop.fr\/actu\/wp-json\/wp\/v2\/types\/post"}],"author":[{"embeddable":true,"href":"https:\/\/www.enviroscop.fr\/actu\/wp-json\/wp\/v2\/users\/1"}],"replies":[{"embeddable":true,"href":"https:\/\/www.enviroscop.fr\/actu\/wp-json\/wp\/v2\/comments?post=1568"}],"version-history":[{"count":0,"href":"https:\/\/www.enviroscop.fr\/actu\/wp-json\/wp\/v2\/posts\/1568\/revisions"}],"wp:attachment":[{"href":"https:\/\/www.enviroscop.fr\/actu\/wp-json\/wp\/v2\/media?parent=1568"}],"wp:term":[{"taxonomy":"category","embeddable":true,"href":"https:\/\/www.enviroscop.fr\/actu\/wp-json\/wp\/v2\/categories?post=1568"},{"taxonomy":"post_tag","embeddable":true,"href":"https:\/\/www.enviroscop.fr\/actu\/wp-json\/wp\/v2\/tags?post=1568"}],"curies":[{"name":"wp","href":"https:\/\/api.w.org\/{rel}","templated":true}]}}