{"id":158,"date":"2012-06-01T07:33:00","date_gmt":"2012-06-01T07:33:00","guid":{"rendered":"http:\/\/actu.enviroscop.com\/des-nouvelles-de-nos-clients-aerowatt-laureat"},"modified":"2013-03-01T21:56:54","modified_gmt":"2013-03-01T20:56:54","slug":"des-nouvelles-de-nos-clients-aerowatt-laureat","status":"publish","type":"post","link":"https:\/\/www.enviroscop.fr\/actu\/2012\/06\/des-nouvelles-de-nos-clients-aerowatt-laureat\/","title":{"rendered":"Des nouvelles de nos clients : A\u00e9rowatt : laur\u00e9at d&rsquo;un projet d&rsquo;\u00e9olien participatif dans la Loire"},"content":{"rendered":"<p>Article \u00e0 lire sur <a href=\"http:\/\/www.enerzine.com\/3\/14009+aerowatt---laureat-dun-projet-deolien-participatif-dans-la-loire+.html\" target=\"_blank\">Enerzine.com<\/a><\/p>\n","protected":false},"excerpt":{"rendered":"<p>Article   lire sur Enerzine.com<\/p>\n","protected":false},"author":1,"featured_media":0,"comment_status":"open","ping_status":"open","sticky":false,"template":"","format":"standard","meta":{"jetpack_post_was_ever_published":false,"_jetpack_newsletter_access":"","_jetpack_dont_email_post_to_subs":false,"_jetpack_newsletter_tier_id":0,"_jetpack_memberships_contains_paywalled_content":false,"_jetpack_memberships_contains_paid_content":false,"footnotes":"","jetpack_publicize_message":"","jetpack_publicize_feature_enabled":true,"jetpack_social_post_already_shared":false,"jetpack_social_options":{"image_generator_settings":{"template":"highway","default_image_id":0,"font":"","enabled":false},"version":2}},"categories":[8],"tags":[],"class_list":["post-158","post","type-post","status-publish","format-standard","hentry","category-eolien","item-wrap"],"jetpack_publicize_connections":[],"jetpack_featured_media_url":"","jetpack_shortlink":"https:\/\/wp.me\/p3rXAp-2y","jetpack_likes_enabled":true,"jetpack-related-posts":[{"id":1151,"url":"https:\/\/www.enviroscop.fr\/actu\/2013\/06\/eclairer-pour-rien-la-nuit-pourrait-bientot-couter-cher\/","url_meta":{"origin":158,"position":0},"title":"\u00ab\u00a0Eclairer pour rien la nuit\u00a0\u00bb pourrait bient\u00f4t co\u00fbter cher !","author":"Enviroscop","date":"13 juin 2013","format":false,"excerpt":"A partir du 1er juillet, les bureaux, commerces et b\u00e2timents sont invit\u00e9s \u00e0 \u00e9teindre les \u00e9clairages inutiles la nuit de 1h \u00e0 7h du matin, une mesure qui\u00a0 \u00e9conomiserait l'\u00e9quivalent de la consommation annuelle d'\u00e9lectricit\u00e9 de 750.000 m\u00e9nages. Cette initiative permettrait de rejeter l'\u00e9mission de 250.000 tonnes de CO2 dans\u2026","rel":"","context":"Dans &quot;Energie&quot;","block_context":{"text":"Energie","link":"https:\/\/www.enviroscop.fr\/actu\/category\/energie\/"},"img":{"alt_text":"","src":"https:\/\/i0.wp.com\/www.enviroscop.fr\/actu\/wp-content\/uploads\/2013\/06\/breve15891a.jpg?resize=350%2C200","width":350,"height":200},"classes":[]},{"id":1845,"url":"https:\/\/www.enviroscop.fr\/actu\/2014\/03\/leurope-renforce-la-directive-sur-levaluation-de-limpact-environnemental\/","url_meta":{"origin":158,"position":1},"title":"L&rsquo;Europe renforce la directive sur l&rsquo;\u00e9valuation de l&rsquo;impact environnemental","author":"Enviroscop","date":"19 mars 2014","format":false,"excerpt":"Une proposition pour actualiser la l\u00e9gislation de l'UE afin de rendre les \u00e9valuations d'impact sur l'environnement plus claires, d'y int\u00e9grer la biodiversit\u00e9 et le changement climatique, et d'impliquer le public, a \u00e9t\u00e9 soutenue par le Parlement europ\u00e9en ce mercredi. L'article sur :\u00a0L'Europe renforce la directive sur l'\u00e9valuation de l'impact environnemental\u2026","rel":"","context":"Dans &quot;Europe&quot;","block_context":{"text":"Europe","link":"https:\/\/www.enviroscop.fr\/actu\/category\/europe\/"},"img":{"alt_text":"","src":"","width":0,"height":0},"classes":[]},{"id":1562,"url":"https:\/\/www.enviroscop.fr\/actu\/2013\/11\/photovoltaique-un-guide-pratique-de-reference-sur-le-risque-electrique-solaire-enerzine-com\/","url_meta":{"origin":158,"position":2},"title":"Photovolta\u00efque : un guide pratique de r\u00e9f\u00e9rence sur le risque \u00e9lectrique > Solaire &#8211; Enerzine.com","author":"Enviroscop","date":"4 novembre 2013","format":false,"excerpt":"Malgr\u00e9 un contexte national difficile, les acteurs de la fili\u00e8re photovolta\u00efque croient au d\u00e9veloppement de ce nouveau mode de production d\u2019\u00e9nergie \u00e9lectrique en France et restent mobilis\u00e9s. Le solaire photovolta\u00efque a parfois suscit\u00e9 des interrogations quant aux risques encourus par les \u00e9quipes de s\u00e9curit\u00e9 civile amen\u00e9es \u00e0 intervenir en cas\u2026","rel":"","context":"Dans &quot;Energie&quot;","block_context":{"text":"Energie","link":"https:\/\/www.enviroscop.fr\/actu\/category\/energie\/"},"img":{"alt_text":"","src":"","width":0,"height":0},"classes":[]},{"id":1408,"url":"https:\/\/www.enviroscop.fr\/actu\/2013\/09\/mythes-et-realites-sur-le-role-des-energies-renouvelables-en-allemagne-energies-enerzine-com\/","url_meta":{"origin":158,"position":3},"title":"Mythes et R\u00e9alit\u00e9s sur le r\u00f4le des \u00e9nergies renouvelables en Allemagne > Energies &#8211; Enerzine.com","author":"Enviroscop","date":"3 septembre 2013","format":false,"excerpt":"Selon le WWF France, la transition \u00e9nerg\u00e9tique allemande fait l'objet de nombreuses critiques, cette derni\u00e8re \u00e9tant accus\u00e9e de faire porter un risque de hausse des tarifs de l'\u00e9lectricit\u00e9, de d\u00e9sindustrialisation du pays. Pour \u00e9clairer le d\u00e9bat et tordre le cou aux id\u00e9es re\u00e7ues, le Fonds mondial pour la nature vient\u2026","rel":"","context":"Dans &quot;Economie&quot;","block_context":{"text":"Economie","link":"https:\/\/www.enviroscop.fr\/actu\/category\/activite\/economie\/"},"img":{"alt_text":"","src":"","width":0,"height":0},"classes":[]},{"id":1604,"url":"https:\/\/www.enviroscop.fr\/actu\/2013\/11\/alstom-installe-son-eolienne-geante-sur-le-site-de-belwind-en-belgique-eolien-enerzine-com\/","url_meta":{"origin":158,"position":4},"title":"Alstom installe son \u00e9olienne g\u00e9ante sur le site de Belwind en Belgique > Eolien &#8211; Enerzine.com","author":"Enviroscop","date":"21 novembre 2013","format":false,"excerpt":"Alstom a annonc\u00e9 mercredi avoir finalis\u00e9 ce week-end l'installation en mer de son \u00e9olienne offshore nouvelle g\u00e9n\u00e9ration Haliade 150 - 6MW, au large des c\u00f4tes d'Ostende sur le site de Belwind en Belgique. Il s'agit selon l'industriel fran\u00e7ais de la plus grande \u00e9olienne jamais install\u00e9e en mer. Avec un rotor\u2026","rel":"","context":"Dans &quot;Eolien&quot;","block_context":{"text":"Eolien","link":"https:\/\/www.enviroscop.fr\/actu\/category\/energie\/renouvelable\/eolien\/"},"img":{"alt_text":"","src":"","width":0,"height":0},"classes":[]},{"id":1701,"url":"https:\/\/www.enviroscop.fr\/actu\/2014\/01\/un-nouvel-appel-a-projets-pour-la-transition-energetique-et-ecologique-energies-enerzine-com\/","url_meta":{"origin":158,"position":5},"title":"Un nouvel appel \u00e0 projets pour la transition \u00e9nerg\u00e9tique et \u00e9cologique > Energies &#8211; Enerzine.com","author":"Enviroscop","date":"3 janvier 2014","format":false,"excerpt":"Un nouvel appel \u00e0 projets pour la transition \u00e9nerg\u00e9tique et \u00e9cologique\u00a0\u00a0Le gouvernement a proc\u00e9d\u00e9 le 24 d\u00e9cembre dernier au lancement d'un deuxi\u00e8me appel \u00e0 projets dans le cadre de l'action \u00ab Financement de l'Economie Sociale et Solidaire \u00bb du Programme d'Investissements d'Avenir PIA. Forte du succ\u00e8s rencontr\u00e9 par le premier\u2026","rel":"","context":"Dans &quot;durable&quot;","block_context":{"text":"durable","link":"https:\/\/www.enviroscop.fr\/actu\/category\/durable\/"},"img":{"alt_text":"","src":"","width":0,"height":0},"classes":[]}],"jetpack_sharing_enabled":true,"_links":{"self":[{"href":"https:\/\/www.enviroscop.fr\/actu\/wp-json\/wp\/v2\/posts\/158","targetHints":{"allow":["GET"]}}],"collection":[{"href":"https:\/\/www.enviroscop.fr\/actu\/wp-json\/wp\/v2\/posts"}],"about":[{"href":"https:\/\/www.enviroscop.fr\/actu\/wp-json\/wp\/v2\/types\/post"}],"author":[{"embeddable":true,"href":"https:\/\/www.enviroscop.fr\/actu\/wp-json\/wp\/v2\/users\/1"}],"replies":[{"embeddable":true,"href":"https:\/\/www.enviroscop.fr\/actu\/wp-json\/wp\/v2\/comments?post=158"}],"version-history":[{"count":0,"href":"https:\/\/www.enviroscop.fr\/actu\/wp-json\/wp\/v2\/posts\/158\/revisions"}],"wp:attachment":[{"href":"https:\/\/www.enviroscop.fr\/actu\/wp-json\/wp\/v2\/media?parent=158"}],"wp:term":[{"taxonomy":"category","embeddable":true,"href":"https:\/\/www.enviroscop.fr\/actu\/wp-json\/wp\/v2\/categories?post=158"},{"taxonomy":"post_tag","embeddable":true,"href":"https:\/\/www.enviroscop.fr\/actu\/wp-json\/wp\/v2\/tags?post=158"}],"curies":[{"name":"wp","href":"https:\/\/api.w.org\/{rel}","templated":true}]}}