{"id":160,"date":"2010-09-07T06:33:00","date_gmt":"2010-09-07T06:33:00","guid":{"rendered":"http:\/\/actu.enviroscop.com\/mission-relative-a-la-regulation-et-au-develo"},"modified":"2010-09-07T06:33:00","modified_gmt":"2010-09-07T06:33:00","slug":"mission-relative-a-la-regulation-et-au-develo","status":"publish","type":"post","link":"https:\/\/www.enviroscop.fr\/actu\/2010\/09\/mission-relative-a-la-regulation-et-au-develo\/","title":{"rendered":"Mission relative ?? la r??gulation et au d??veloppement de la fili??re photovolta??que en France : le rapport \u00ab\u00a0Charpin\u00a0\u00bb"},"content":{"rendered":"<p>Ce rapport tr&egrave;s attendu vient d&rsquo;&ecirc;tre mise en ligne par l&rsquo;Inspection  g&eacute;n&eacute;rale des finances :<\/p>\n<p style=\"padding-left:30px;text-align:center;\"><a href=\"https:\/\/www.igf.bercy.gouv.fr\/sections\/les_rapports_par_ann\/2010\/mission_relative_ala\">Vous pouvez t&eacute;l&eacute;charger ce rapport ici. <\/a><\/p>\n<p style=\"text-align:justify;\">Un court extrait qui en dit long sur la difficile position de la fili&egrave;re photovolta&iuml;que &agrave; ce jour (page 38) :<\/p>\n<p style=\"text-align:justify;\">\u00ab\u00a0<em>Ne pas en faire  trop aujourd&rsquo;hui permet de se donner des marges de manoeuvre pour  pouvoir en faire en faire davantage demain avec des technologies moins  on&eacute;reuses, plus efficaces et plus propres<\/em>\u00ab\u00a0.<\/p>\n<p>Entre les lignes, se d&eacute;gage une logique d&rsquo;ensemble plus ax&eacute;e sur la \u00ab\u00a0r&eacute;gulation\u00a0\u00bb  que sur le \u00ab\u00a0d&eacute;veloppement\u00a0\u00bb de la fili&egrave;re (seulement 36 millions d&rsquo;&euro; pour la recherche photovolta&iuml;que ?).<\/p>\n<p>Comment la France compte-t&rsquo;elle d&eacute;velopper sa fili&egrave;re PV en modifiant sans arr&ecirc;t les conditions de rachat, en limitant les cr&eacute;dits &agrave; la recherche ?<\/p>\n<p>&nbsp;<\/p>\n<p><a href=\"http:\/\/www.localtis.info\/cs\/ContentServer?pagename=Localtis\/artVeille\/artVeille&amp;c=artVeille&amp;cid=1250260290740\" title=\"Localtis\" target=\"_blank\">Lire l&rsquo;analyse de Localtis<\/a><\/p>\n","protected":false},"excerpt":{"rendered":"<p>Ce rapport tr??s attendu vient d&rsquo;??tre mise en ligne par l&rsquo;Inspection g??n??rale des finances : Vous pouvez t??l??charger ce rapport ici. Un court extrait qui en dit long sur la difficile position de la fili??re photovolta??que   ce jour (page 38&#8230;<\/p>\n","protected":false},"author":1,"featured_media":0,"comment_status":"open","ping_status":"open","sticky":false,"template":"","format":"standard","meta":{"jetpack_post_was_ever_published":false,"_jetpack_newsletter_access":"","_jetpack_dont_email_post_to_subs":false,"_jetpack_newsletter_tier_id":0,"_jetpack_memberships_contains_paywalled_content":false,"_jetpack_memberships_contains_paid_content":false,"footnotes":"","jetpack_publicize_message":"","jetpack_publicize_feature_enabled":true,"jetpack_social_post_already_shared":false,"jetpack_social_options":{"image_generator_settings":{"template":"highway","default_image_id":0,"font":"","enabled":false},"version":2}},"categories":[43],"tags":[],"class_list":["post-160","post","type-post","status-publish","format-standard","hentry","category-photovoltaique","item-wrap"],"jetpack_publicize_connections":[],"jetpack_featured_media_url":"","jetpack_shortlink":"https:\/\/wp.me\/p3rXAp-2A","jetpack_likes_enabled":true,"jetpack-related-posts":[{"id":2355,"url":"https:\/\/www.enviroscop.fr\/actu\/2015\/06\/parution-du-tableau-de-bord-eolien-photovoltaique-juin-2015\/","url_meta":{"origin":160,"position":0},"title":"Parution du Tableau de bord \u00e9olien-photovolta\u00efque, juin 2015","author":"Enviroscop","date":"3 juin 2015","format":false,"excerpt":"Le parc \u00e9olien fran\u00e7ais atteint une puissance install\u00e9e de 9 482 MW \u00e0 fin mars 2015. Sur l\u2019ensemble de l\u2019ann\u00e9e 2014, la puissance raccord\u00e9e a \u00e9t\u00e9 r\u00e9\u00e9valu\u00e9e \u00e0 la hausse, \u00e0 1 071 MW, soit un niveau in\u00e9gal\u00e9 depuis 2010. Par rapport \u00e0 2013, la puissance raccord\u00e9e en 2014 a\u2026","rel":"","context":"Dans &quot;Enviroscop&quot;","block_context":{"text":"Enviroscop","link":"https:\/\/www.enviroscop.fr\/actu\/category\/non-classe\/"},"img":{"alt_text":"","src":"","width":0,"height":0},"classes":[]},{"id":4621,"url":"https:\/\/www.enviroscop.fr\/actu\/2022\/01\/le-barometre-des-energies-renouvelables-electriques-en-france\/","url_meta":{"origin":160,"position":1},"title":"Le Barom\u00e8tre des \u00e9nergies renouvelables \u00e9lectriques en France","author":"Enviroscop","date":"28 janvier 2022","format":false,"excerpt":"Observ'ER\u00a0pr\u00e9sente la onzi\u00e8me \u00e9dition du\u00a0Barom\u00e8tre des fili\u00e8res renouvelables \u00e9lectriques en France. L'ambition de ce travail est de r\u00e9unir en un seul outil un ensemble d'indicateurs \u00e9nerg\u00e9tiques, socio\u00e9conomiques et industriels qui, regroup\u00e9s et analys\u00e9s, pr\u00e9sentent une photographie hexagonale d\u00e9taill\u00e9e de toutes les technologies. Vous y retrouverez les \u00e9nergies renouvelables \u00e9lectriques les\u2026","rel":"","context":"Dans &quot;Biomasse&quot;","block_context":{"text":"Biomasse","link":"https:\/\/www.enviroscop.fr\/actu\/category\/energie\/renouvelable\/biomasse\/"},"img":{"alt_text":"","src":"","width":0,"height":0},"classes":[]},{"id":193,"url":"https:\/\/www.enviroscop.fr\/actu\/2011\/08\/photovoltaique-une-nouvelle-etape-de-la-mise\/","url_meta":{"origin":160,"position":2},"title":"Photovolta\u00efque : une nouvelle \u00e9tape de la mise en oeuvre des engagements du Gouvernement avec la publication du cahier des charges du 1er appel d&rsquo;offres","author":"Enviroscop","date":"19 ao\u00fbt 2011","format":false,"excerpt":"Le cahier des charges du 1er appel d???offres simplifi?? pour les installations sur b??timents entre 100 et 250 kWc (seuil ??quivalent une surface de toiture comprise entre 1 000 m et 2 500 m ) a ??t?? publi?? ce jour sur le site Internet de...","rel":"","context":"Dans &quot;Photovolta\u00efque&quot;","block_context":{"text":"Photovolta\u00efque","link":"https:\/\/www.enviroscop.fr\/actu\/category\/energie\/renouvelable\/photovoltaique\/"},"img":{"alt_text":"","src":"","width":0,"height":0},"classes":[]},{"id":4224,"url":"https:\/\/www.enviroscop.fr\/actu\/2021\/05\/la-filiere-photovoltaique-temoigne-de-son-parcours-du-combattant\/","url_meta":{"origin":160,"position":3},"title":"La fili\u00e8re photovolta\u00efque t\u00e9moigne de son \u00ab parcours du combattant \u00bb","author":"Enviroscop","date":"12 mai 2021","format":false,"excerpt":"Le think tank France Territoire Solaire souligne, dans une \u00e9tude mise en ligne le 5 mai(1), les lourdeurs administratives qui ralentissent le d\u00e9veloppement du solaire photovolta\u00efque en France. Lisez ces explications sur le site Connaissance des \u00e9nergies","rel":"","context":"Dans &quot;Economie&quot;","block_context":{"text":"Economie","link":"https:\/\/www.enviroscop.fr\/actu\/category\/activite\/economie\/"},"img":{"alt_text":"","src":"","width":0,"height":0},"classes":[]},{"id":1004,"url":"https:\/\/www.enviroscop.fr\/actu\/2013\/05\/le-rapport-sur-les-energies-marines-renouvelables-disponible-en-ligne-vagues-enerzine-com\/","url_meta":{"origin":160,"position":4},"title":"Le rapport sur les \u00e9nergies marines renouvelables disponible en ligne","author":"Enviroscop","date":"6 mai 2013","format":false,"excerpt":"A l'occasion du d\u00e9bat national sur la transition \u00e9nerg\u00e9tique qui s'est d\u00e9roul\u00e9 le 15 avril dernier, le rapport sur les perspectives de d\u00e9veloppement des \u00e9nergies marines renouvelables a \u00e9t\u00e9 rendu public. Ce rapport est le fruit d'une mission conjointe du Conseil G\u00e9n\u00e9ral de l'Environnement et du D\u00e9veloppement Durable et du\u2026","rel":"","context":"Dans &quot;Energie&quot;","block_context":{"text":"Energie","link":"https:\/\/www.enviroscop.fr\/actu\/category\/energie\/"},"img":{"alt_text":"","src":"https:\/\/i0.wp.com\/www.enerzine.com\/UserFiles\/Image\/breve15711a.jpg?resize=350%2C200","width":350,"height":200},"classes":[]},{"id":4338,"url":"https:\/\/www.enviroscop.fr\/actu\/2021\/07\/une-feuille-de-route-pour-mener-la-filiere-photovoltaique-vers-lexcellence-environnementale\/","url_meta":{"origin":160,"position":5},"title":"Une feuille de route pour mener la fili\u00e8re photovolta\u00efque vers l\u2019excellence environnementale","author":"Enviroscop","date":"12 juillet 2021","format":false,"excerpt":"Les \u00e9nergies renouvelables sont un levier cl\u00e9 pour lutter contre le changement climatique et atteindre les objectifs de neutralit\u00e9 carbone. Parmi ces \u00e9nergies renouvelables, le solaire photovolta\u00efque (PV) est aujourd\u2019hui consid\u00e9r\u00e9 au niveau mondial comme l\u2019une des meilleures alternatives \u00e0 l\u2019utilisation des \u00e9nergies fossiles. M\u00eame si les impacts environnementaux de\u2026","rel":"","context":"Dans &quot;ADEME&quot;","block_context":{"text":"ADEME","link":"https:\/\/www.enviroscop.fr\/actu\/category\/source\/ademe\/"},"img":{"alt_text":"","src":"https:\/\/i0.wp.com\/www.enviroscop.fr\/actu\/wp-content\/uploads\/2013\/04\/ferme-solaire-photovoltaique2.jpg?resize=350%2C200","width":350,"height":200},"classes":[]}],"jetpack_sharing_enabled":true,"_links":{"self":[{"href":"https:\/\/www.enviroscop.fr\/actu\/wp-json\/wp\/v2\/posts\/160","targetHints":{"allow":["GET"]}}],"collection":[{"href":"https:\/\/www.enviroscop.fr\/actu\/wp-json\/wp\/v2\/posts"}],"about":[{"href":"https:\/\/www.enviroscop.fr\/actu\/wp-json\/wp\/v2\/types\/post"}],"author":[{"embeddable":true,"href":"https:\/\/www.enviroscop.fr\/actu\/wp-json\/wp\/v2\/users\/1"}],"replies":[{"embeddable":true,"href":"https:\/\/www.enviroscop.fr\/actu\/wp-json\/wp\/v2\/comments?post=160"}],"version-history":[{"count":0,"href":"https:\/\/www.enviroscop.fr\/actu\/wp-json\/wp\/v2\/posts\/160\/revisions"}],"wp:attachment":[{"href":"https:\/\/www.enviroscop.fr\/actu\/wp-json\/wp\/v2\/media?parent=160"}],"wp:term":[{"taxonomy":"category","embeddable":true,"href":"https:\/\/www.enviroscop.fr\/actu\/wp-json\/wp\/v2\/categories?post=160"},{"taxonomy":"post_tag","embeddable":true,"href":"https:\/\/www.enviroscop.fr\/actu\/wp-json\/wp\/v2\/tags?post=160"}],"curies":[{"name":"wp","href":"https:\/\/api.w.org\/{rel}","templated":true}]}}