{"id":161,"date":"2012-05-15T06:22:00","date_gmt":"2012-05-15T05:22:00","guid":{"rendered":"http:\/\/actu.enviroscop.com\/lutte-contre-la-consommation-de-terres-agrico"},"modified":"2013-05-01T13:10:49","modified_gmt":"2013-05-01T12:10:49","slug":"lutte-contre-la-consommation-de-terres-agrico","status":"publish","type":"post","link":"https:\/\/www.enviroscop.fr\/actu\/2012\/05\/lutte-contre-la-consommation-de-terres-agrico\/","title":{"rendered":"Lutte contre la consommation de terres agricoles : \u00e9tude comparative du Minist\u00e8re de l&rsquo;Agriculture"},"content":{"rendered":"<p>Le minist&egrave;re de l&rsquo;Agriculture publie une &eacute;tude qui passe en revue les  strat&eacute;gies de lutte contre la consommation de terres agricoles dans 4  pays limitrophes de la France, &agrave; travers l&rsquo;&eacute;tude de politiques  r&eacute;gionales.<\/p>\n<p>&nbsp;<\/p>\n<p>Au travers de 4 exemples de nos voisins europ&eacute;ens, cette &eacute;tude ouvre des pistes &agrave; suivre pour l&rsquo;&eacute;conomie d&rsquo;espace et notamment la limitation de la consommation des terres agricoles :<\/p>\n<ul>\n<li>LE LAND DU BADE-WURTEMBERG<\/li>\n<li>LA R&Eacute;GION FLAMANDE<\/li>\n<li>LE CANTON DE B&Acirc;LE-CAMPAGNE<\/li>\n<li>LA COMMUNAUT&Eacute; AUTONOME BASQUE<\/li>\n<\/ul>\n<p>Vous pouvez t&eacute;l&eacute;charger <a href=\"http:\/\/agriculture.gouv.fr\/IMG\/pdf\/CGAAER_2039_2012_Rapport_cle823349.pdf\" target=\"_blank\">l&rsquo;&eacute;tude compl&egrave;te ICI (Minist&egrave;re)<\/a><\/p>\n","protected":false},"excerpt":{"rendered":"<p>Le minist??re de l&rsquo;Agriculture publie une ??tude qui passe en revue les strat??gies de lutte contre la consommation de terres agricoles dans 4 pays limitrophes de la France,   travers l&rsquo;??tude de politiques r??gionales. Au travers de 4 exemples d&#8230;<\/p>\n","protected":false},"author":1,"featured_media":0,"comment_status":"open","ping_status":"open","sticky":false,"template":"","format":"standard","meta":{"jetpack_post_was_ever_published":false,"_jetpack_newsletter_access":"","_jetpack_dont_email_post_to_subs":false,"_jetpack_newsletter_tier_id":0,"_jetpack_memberships_contains_paywalled_content":false,"_jetpack_memberships_contains_paid_content":false,"footnotes":"","jetpack_publicize_message":"","jetpack_publicize_feature_enabled":true,"jetpack_social_post_already_shared":false,"jetpack_social_options":{"image_generator_settings":{"template":"highway","default_image_id":0,"font":"","enabled":false},"version":2}},"categories":[5,56],"tags":[],"class_list":["post-161","post","type-post","status-publish","format-standard","hentry","category-amenagement","category-urbanisation","item-wrap"],"jetpack_publicize_connections":[],"jetpack_featured_media_url":"","jetpack_shortlink":"https:\/\/wp.me\/p3rXAp-2B","jetpack_likes_enabled":true,"jetpack-related-posts":[{"id":812,"url":"https:\/\/www.enviroscop.fr\/actu\/2013\/04\/lobservatoire-sur-la-consommation-des-terres-agricoles-enfin-installe\/","url_meta":{"origin":161,"position":0},"title":"L&rsquo;Observatoire sur la consommation des terres agricoles enfin install\u00e9","author":"Enviroscop","date":"19 avril 2013","format":false,"excerpt":"Cr\u00e9\u00e9 par\u00a0la loi de modernisation de l'agriculture de 2010, l'Observatoire national de la consommation des espaces agricoles (Oncea) a enfin vu le jour, mercredi 17 avril. Il est pr\u00e9sid\u00e9 par la d\u00e9put\u00e9e socialiste de l'H\u00e9rault Fanny Dombre-Coste, membre de la commission du d\u00e9veloppement durable et de l'am\u00e9nagement du territoire \u00e0\u2026","rel":"","context":"Dans &quot;Agriculture&quot;","block_context":{"text":"Agriculture","link":"https:\/\/www.enviroscop.fr\/actu\/category\/activite\/agriculture\/"},"img":{"alt_text":"champ","src":"https:\/\/i0.wp.com\/www.enviroscop.fr\/actu\/wp-content\/uploads\/2013\/04\/champ-300x169.jpg?resize=350%2C200","width":350,"height":200},"classes":[]},{"id":5221,"url":"https:\/\/www.enviroscop.fr\/actu\/2023\/04\/une-carte-doccupation-du-sol-pour-outiller-la-lutte-contre-lartificialisation\/","url_meta":{"origin":161,"position":1},"title":"Une carte d&rsquo;occupation du sol pour outiller la lutte contre l\u2019artificialisation","author":"Enviroscop","date":"18 avril 2023","format":false,"excerpt":"L\u2019artificialisation est d\u00e9finie comme l\u2019alt\u00e9ration durable de tout ou partie des fonctions \u00e9cologiques d\u2019un sol (fonctions biologiques, hydriques et climatiques) et de son potentiel agronomique par son occupation ou son usage. Le ph\u00e9nom\u00e8ne est aujourd\u2019hui consid\u00e9r\u00e9 comme l\u2019une des causes premi\u00e8res de l\u2019effondrement de la biodiversit\u00e9, de la r\u00e9duction des\u2026","rel":"","context":"Dans &quot;Am\u00e9nagement&quot;","block_context":{"text":"Am\u00e9nagement","link":"https:\/\/www.enviroscop.fr\/actu\/category\/amenagement\/"},"img":{"alt_text":"","src":"https:\/\/i0.wp.com\/www.enviroscop.fr\/actu\/wp-content\/uploads\/2023\/04\/Capture-decran-2023-04-18-101351.png?resize=350%2C200&ssl=1","width":350,"height":200,"srcset":"https:\/\/i0.wp.com\/www.enviroscop.fr\/actu\/wp-content\/uploads\/2023\/04\/Capture-decran-2023-04-18-101351.png?resize=350%2C200&ssl=1 1x, https:\/\/i0.wp.com\/www.enviroscop.fr\/actu\/wp-content\/uploads\/2023\/04\/Capture-decran-2023-04-18-101351.png?resize=525%2C300&ssl=1 1.5x, https:\/\/i0.wp.com\/www.enviroscop.fr\/actu\/wp-content\/uploads\/2023\/04\/Capture-decran-2023-04-18-101351.png?resize=700%2C400&ssl=1 2x, https:\/\/i0.wp.com\/www.enviroscop.fr\/actu\/wp-content\/uploads\/2023\/04\/Capture-decran-2023-04-18-101351.png?resize=1050%2C600&ssl=1 3x, https:\/\/i0.wp.com\/www.enviroscop.fr\/actu\/wp-content\/uploads\/2023\/04\/Capture-decran-2023-04-18-101351.png?resize=1400%2C800&ssl=1 4x"},"classes":[]},{"id":4748,"url":"https:\/\/www.enviroscop.fr\/actu\/2022\/05\/artificialisation-des-sols-les-criteres-dexemption-des-installations-photovoltaiques-en-consultation\/","url_meta":{"origin":161,"position":2},"title":"Artificialisation des sols : les crit\u00e8res d\u2019exemption des installations photovolta\u00efques en consultation","author":"Enviroscop","date":"12 mai 2022","format":false,"excerpt":"Philie Marcangelo Leos \/ MCM Presse pour Localtis Am\u00e9nagement et foncier, urbanisme,\u2002Energie,\u2002Environnement Deux projets de textes (un d\u00e9cret et un arr\u00eat\u00e9) soumis \u00e0 consultation jusqu\u2019au 25 mai tentent de m\u00e9nager la ch\u00e8vre et le chou, en permettant notamment le d\u00e9veloppement des projets d\u2019agrivolta\u00efsme sans compromettre la trajectoire de lutte contre\u2026","rel":"","context":"Dans &quot;Agriculture&quot;","block_context":{"text":"Agriculture","link":"https:\/\/www.enviroscop.fr\/actu\/category\/activite\/agriculture\/"},"img":{"alt_text":"panneaux photovolta\u00efques","src":"https:\/\/i0.wp.com\/www.banquedesterritoires.fr\/sites\/default\/files\/styles\/landscape_auto_crop\/public\/2022-05\/AdobeStock_279837228.jpg?resize=350%2C200&ssl=1","width":350,"height":200,"srcset":"https:\/\/i0.wp.com\/www.banquedesterritoires.fr\/sites\/default\/files\/styles\/landscape_auto_crop\/public\/2022-05\/AdobeStock_279837228.jpg?resize=350%2C200&ssl=1 1x, https:\/\/i0.wp.com\/www.banquedesterritoires.fr\/sites\/default\/files\/styles\/landscape_auto_crop\/public\/2022-05\/AdobeStock_279837228.jpg?resize=525%2C300&ssl=1 1.5x, https:\/\/i0.wp.com\/www.banquedesterritoires.fr\/sites\/default\/files\/styles\/landscape_auto_crop\/public\/2022-05\/AdobeStock_279837228.jpg?resize=700%2C400&ssl=1 2x"},"classes":[]},{"id":5447,"url":"https:\/\/www.enviroscop.fr\/actu\/2024\/05\/le-cerema-publie-les-donnees-2009-2023-de-consommation-foncier\/","url_meta":{"origin":161,"position":3},"title":"Le Cerema publie les donn\u00e9es 2009-2023 de consommation fonci\u00e8re","author":"Enviroscop","date":"14 mai 2024","format":false,"excerpt":"Dans le cadre de l'observatoire de l'artificialisation des sols, le Cerema vient de produire les nouveaux chiffres de mesure annuelle de la consommation d'espaces. Des outils d'aide \u00e0 la visualisation et \u00e0 l'analyse de ces donn\u00e9es sont aussi propos\u00e9s, via un tableau de bord interactif et la publication d'indicateurs pr\u00e9-calcul\u00e9s\u2026","rel":"","context":"Dans &quot;Agriculture&quot;","block_context":{"text":"Agriculture","link":"https:\/\/www.enviroscop.fr\/actu\/category\/activite\/agriculture\/"},"img":{"alt_text":"Consommation annuelle d'espaces naturels, agricoles et forestiers","src":"https:\/\/i0.wp.com\/www.cerema.fr\/sites\/default\/files\/inline-images\/graphe1_2023.png?resize=350%2C200&ssl=1","width":350,"height":200,"srcset":"https:\/\/i0.wp.com\/www.cerema.fr\/sites\/default\/files\/inline-images\/graphe1_2023.png?resize=350%2C200&ssl=1 1x, https:\/\/i0.wp.com\/www.cerema.fr\/sites\/default\/files\/inline-images\/graphe1_2023.png?resize=525%2C300&ssl=1 1.5x, https:\/\/i0.wp.com\/www.cerema.fr\/sites\/default\/files\/inline-images\/graphe1_2023.png?resize=700%2C400&ssl=1 2x, https:\/\/i0.wp.com\/www.cerema.fr\/sites\/default\/files\/inline-images\/graphe1_2023.png?resize=1050%2C600&ssl=1 3x, https:\/\/i0.wp.com\/www.cerema.fr\/sites\/default\/files\/inline-images\/graphe1_2023.png?resize=1400%2C800&ssl=1 4x"},"classes":[]},{"id":2118,"url":"https:\/\/www.enviroscop.fr\/actu\/2014\/10\/energie-et-preservation-des-espaces-naturels-agricoles-et-forestiers-note-sur-la-loi-du-13-octobre-2014-arnaud-gossement-avocat\/","url_meta":{"origin":161,"position":4},"title":"Energie et pr\u00e9servation des espaces naturels, agricoles et forestiers : note sur la loi du 13 octobre 2014 : Arnaud Gossement &#8211; Avocat","author":"Enviroscop","date":"31 octobre 2014","format":false,"excerpt":"La loi n\u00b0 2014-1170 du 13 octobre 2014 d'avenir pour l'agriculture, l'alimentation et la for\u00eat\u00a0 a \u00e9t\u00e9 r\u00e9cemment publi\u00e9e au Journal officiel (JORF n\u00b00238 du 14 octobre 2014). Cette loi renforce la lutte contre la consommation d\u2019espaces naturels, agricoles et forestiers. Elle int\u00e9resse notamment les acteurs du d\u00e9veloppement de projets\u2026","rel":"","context":"Dans &quot;Agriculture&quot;","block_context":{"text":"Agriculture","link":"https:\/\/www.enviroscop.fr\/actu\/category\/activite\/agriculture\/"},"img":{"alt_text":"","src":"","width":0,"height":0},"classes":[]},{"id":223,"url":"https:\/\/www.enviroscop.fr\/actu\/2011\/12\/consommation-des-terres-agricoles-periurbaine\/","url_meta":{"origin":161,"position":5},"title":"Consommation des terres agricoles p\u00e9riurbaines","author":"Enviroscop","date":"5 d\u00e9cembre 2011","format":false,"excerpt":"Ce 30 novembre et 1er d??cembres'est tenu le congr??s annuel de la SAFER sur le th??me \"L'action des Safer en zones p??riurbaines\" Les zones p??riurbaines s???accroissent au d??triment des espaces agricoles et naturels. Entre 1999 et 2008, les espaces p??r...","rel":"","context":"Dans &quot;Am\u00e9nagement&quot;","block_context":{"text":"Am\u00e9nagement","link":"https:\/\/www.enviroscop.fr\/actu\/category\/amenagement\/"},"img":{"alt_text":"","src":"","width":0,"height":0},"classes":[]}],"jetpack_sharing_enabled":true,"_links":{"self":[{"href":"https:\/\/www.enviroscop.fr\/actu\/wp-json\/wp\/v2\/posts\/161","targetHints":{"allow":["GET"]}}],"collection":[{"href":"https:\/\/www.enviroscop.fr\/actu\/wp-json\/wp\/v2\/posts"}],"about":[{"href":"https:\/\/www.enviroscop.fr\/actu\/wp-json\/wp\/v2\/types\/post"}],"author":[{"embeddable":true,"href":"https:\/\/www.enviroscop.fr\/actu\/wp-json\/wp\/v2\/users\/1"}],"replies":[{"embeddable":true,"href":"https:\/\/www.enviroscop.fr\/actu\/wp-json\/wp\/v2\/comments?post=161"}],"version-history":[{"count":0,"href":"https:\/\/www.enviroscop.fr\/actu\/wp-json\/wp\/v2\/posts\/161\/revisions"}],"wp:attachment":[{"href":"https:\/\/www.enviroscop.fr\/actu\/wp-json\/wp\/v2\/media?parent=161"}],"wp:term":[{"taxonomy":"category","embeddable":true,"href":"https:\/\/www.enviroscop.fr\/actu\/wp-json\/wp\/v2\/categories?post=161"},{"taxonomy":"post_tag","embeddable":true,"href":"https:\/\/www.enviroscop.fr\/actu\/wp-json\/wp\/v2\/tags?post=161"}],"curies":[{"name":"wp","href":"https:\/\/api.w.org\/{rel}","templated":true}]}}