{"id":163,"date":"2013-02-04T06:05:00","date_gmt":"2013-02-04T06:05:00","guid":{"rendered":"http:\/\/actu.enviroscop.com\/feuille-de-route-transition-ecologique"},"modified":"2013-02-04T06:05:00","modified_gmt":"2013-02-04T06:05:00","slug":"feuille-de-route-transition-ecologique","status":"publish","type":"post","link":"https:\/\/www.enviroscop.fr\/actu\/2013\/02\/feuille-de-route-transition-ecologique\/","title":{"rendered":"Feuille de route Transition Ecologique"},"content":{"rendered":"<p><span style=\"font-size:medium;\"><span style=\"font-family:Verdana, Helvetica, Arial;\"><span style=\"font-size:13px;\">Vous  pouvez consulter l&rsquo;&eacute;tat d&rsquo;avancement de la feuille de  route de la transition &eacute;cologique, gr&acirc;ce &agrave; un tableau de bord publi&eacute; par  le Minist&egrave;re en charge de l&rsquo;&eacute;cologie :<\/span><\/span><\/span><\/p>\n<p><span style=\"font-size:medium;\"><span style=\"font-family:Verdana, Helvetica, Arial;\"><span style=\"font-size:13px;\"><a href=\"http:\/\/www.developpement-durable.gouv.fr\/IMG\/pdf\/Tableau_de_bord-2.pdf\" target=\"_blank\">C&rsquo;est ICI<\/a><\/span><\/span><\/span><\/p>\n<p><span style=\"font-size:medium;\"><span style=\"font-family:Verdana, Helvetica, Arial;\"><span style=\"font-size:13px;\">Et vous pouvez aussi consulter l&rsquo;int&eacute;gralit&eacute; des&nbsp;<\/span><\/span><\/span><span style=\"font-family:Verdana, Helvetica, Arial;\">lettres de cadrage des Minist&egrave;res pour mettre en &oelig;uvre cette feuille de route :<\/span><\/p>\n<p><span style=\"font-family:Verdana, Helvetica, Arial;\"><a href=\"http:\/\/www.developpement-durable.gouv.fr\/Les-lettres-de-cadrage-pour-la.html\" target=\"_blank\">C&rsquo;est ICI<\/a><\/span><\/p>\n","protected":false},"excerpt":{"rendered":"<p>Vous pouvez consulter l?????tat d???avancement de la feuille de route de la transition ??cologique, gr??ce   un tableau de bord publi?? par le Minist??re en charge de l?????cologie : C&rsquo;est ICI Et vous pouvez aussi consulter l&rsquo;int??gralit?? des le&#8230;<\/p>\n","protected":false},"author":1,"featured_media":0,"comment_status":"open","ping_status":"open","sticky":false,"template":"","format":"standard","meta":{"jetpack_post_was_ever_published":false,"_jetpack_newsletter_access":"","_jetpack_dont_email_post_to_subs":false,"_jetpack_newsletter_tier_id":0,"_jetpack_memberships_contains_paywalled_content":false,"_jetpack_memberships_contains_paid_content":false,"footnotes":"","jetpack_publicize_message":"","jetpack_publicize_feature_enabled":true,"jetpack_social_post_already_shared":false,"jetpack_social_options":{"image_generator_settings":{"template":"highway","default_image_id":0,"font":"","enabled":false},"version":2}},"categories":[7,38],"tags":[],"class_list":["post-163","post","type-post","status-publish","format-standard","hentry","category-energie","category-ministere","item-wrap"],"jetpack_publicize_connections":[],"jetpack_featured_media_url":"","jetpack_shortlink":"https:\/\/wp.me\/p3rXAp-2D","jetpack_likes_enabled":true,"jetpack-related-posts":[{"id":2250,"url":"https:\/\/www.enviroscop.fr\/actu\/2015\/02\/manuel-valls-et-segolene-royal-presentent-la-feuille-de-route-issue-de-la-conference-environnementale\/","url_meta":{"origin":163,"position":0},"title":"Manuel Valls et S\u00e9gol\u00e8ne Royal pr\u00e9sentent la feuille de route issue de la conf\u00e9rence environnementale","author":"Enviroscop","date":"5 f\u00e9vrier 2015","format":false,"excerpt":"74 mesures pour faire de la France le pays de l\u2019excellence environnementale. C\u2019est l\u2019objectif de la feuille de route issue de la troisi\u00e8me conf\u00e9rence environnementale adopt\u00e9e par le Gouvernement en Conseil des ministres le 4 f\u00e9vrier et pr\u00e9sent\u00e9e ensuite aux membres du Conseil national de la transition \u00e9cologique par le\u2026","rel":"","context":"Dans &quot;durable&quot;","block_context":{"text":"durable","link":"https:\/\/www.enviroscop.fr\/actu\/category\/durable\/"},"img":{"alt_text":"","src":"","width":0,"height":0},"classes":[]},{"id":3530,"url":"https:\/\/www.enviroscop.fr\/actu\/2019\/10\/agenda-2030-la-france-publie-son-plan\/","url_meta":{"origin":163,"position":1},"title":"Agenda 2030 : la France publie son plan","author":"Enviroscop","date":"2 octobre 2019","format":false,"excerpt":"La ministre de la Transition \u00e9cologique, \u00c9lisabeth Borne, a pr\u00e9sent\u00e9 le plan national d'actions, devant mettre en \u0153uvre les 17\u00a0objectifs de d\u00e9veloppement durable\u00a0(ODD) d'ici 2030, fix\u00e9s par l'ONU. Cette\u00a0strat\u00e9gie nationale\u00a0fixe six orientations prioritaires\u00a0: une transition juste, une soci\u00e9t\u00e9 bas carbone, la promotion d'\u00e9ducation tout au long de la vie, la\u2026","rel":"","context":"Dans &quot;durable&quot;","block_context":{"text":"durable","link":"https:\/\/www.enviroscop.fr\/actu\/category\/durable\/"},"img":{"alt_text":"\/ENVIROSCOP\/4_BIBLIO\/DD\/news-34134-feuille-de-route-france-agenda2030.pdf","src":"https:\/\/photos-1.dropbox.com\/t\/2\/AAAd3Ssb_mVaGyzBy8R3ICH9yfgutZqNnCIP6oAV1fFuMQ\/12\/426773\/jpeg\/32x32\/1\/1572591600\/1\/9\/news-34134-feuille-de-route-france-agenda2030.pdf\/EI7AxDogBygH\/BWDapbYEVafMQrr8zThPI8RD4pQdFGMrF1GGC3DRQ2PLH37UCtPlKoUVOvmDesImPsxziCt8055HU-I_JOd5i3EhTF2jR_XqAMKun8hLMn8pLCdSD_Z8rNEJUvf-_20oghM?size=256x256&size_mode=2","width":350,"height":200},"classes":[]},{"id":2384,"url":"https:\/\/www.enviroscop.fr\/actu\/2015\/06\/proposition-dindicateurs-de-suivi-de-la-strategie-nationale-de-transition-ecologique-vers-developpement-durable-2015-2020-ministere-du-developpement-durable\/","url_meta":{"origin":163,"position":2},"title":"Proposition d\u2019indicateurs de suivi de la strat\u00e9gie nationale de transition \u00e9cologique vers un d\u00e9veloppement durable 2015-2020 &#8211; Minist\u00e8re du D\u00e9veloppement durable","author":"Enviroscop","date":"30 juin 2015","format":false,"excerpt":"La commission Indicateurs du Conseil national de la transition \u00e9cologique (CNTE) a \u00e9t\u00e9 charg\u00e9e en 2014 de proposer des indicateurs nationaux pour le suivi de la nouvelle strat\u00e9gie nationale de transition \u00e9cologique vers un d\u00e9veloppement durable 2015-2020. Un tableau de bord des indicateurs essentiels est compos\u00e9 de 22 indicateurs sur\u2026","rel":"","context":"Dans &quot;Climat&quot;","block_context":{"text":"Climat","link":"https:\/\/www.enviroscop.fr\/actu\/category\/climat\/"},"img":{"alt_text":"","src":"https:\/\/i0.wp.com\/www.enviroscop.fr\/actu\/wp-content\/uploads\/2015\/06\/arton41639.png?resize=350%2C200","width":350,"height":200},"classes":[]},{"id":119,"url":"https:\/\/www.enviroscop.fr\/actu\/2012\/05\/journee-mondiale-de-la-biodiversite\/","url_meta":{"origin":163,"position":3},"title":"Journ\u00e9e mondiale de la biodiversit\u00e9","author":"Enviroscop","date":"23 mai 2012","format":false,"excerpt":"Pour f??ter cela (et les 20 ans de Natura 2000 ?), le Minist??re vient de lancer l???observatoire national de la biodiversit??. Vous pouvez consulter ce 1er barom??tre de l?????tat de la biodiversit?? en France sur : http:\/\/indicateurs-biodiversite.naturefr...","rel":"","context":"Dans &quot;biodiversit\u00e9&quot;","block_context":{"text":"biodiversit\u00e9","link":"https:\/\/www.enviroscop.fr\/actu\/category\/nature\/biodiversite\/"},"img":{"alt_text":"","src":"","width":0,"height":0},"classes":[]},{"id":23,"url":"https:\/\/www.enviroscop.fr\/actu\/2011\/08\/un-peu-de-pedagogie-pour-vos-sorties-en-foret\/","url_meta":{"origin":163,"position":4},"title":"Un peu de p??dagogie pour vos sorties en for??t","author":"Enviroscop","date":"16 ao\u00fbt 2011","format":false,"excerpt":"Envie d'??tre incollable en for??t ? L'ONF, le minist??re du D??veloppement durable et la fondation GoodPlanet vous proposent d???apprendre ? reconna??tre les 29 principales essences d???arbres feuillus et r??sineux pr??sents dans les for??ts de ...","rel":"","context":"Dans &quot;biodiversit\u00e9&quot;","block_context":{"text":"biodiversit\u00e9","link":"https:\/\/www.enviroscop.fr\/actu\/category\/nature\/biodiversite\/"},"img":{"alt_text":"W508","src":"https:\/\/i0.wp.com\/www.enviroscop.fr\/actu\/wp-content\/uploads\/2013\/02\/w508-scaled1000.jpg?resize=350%2C200","width":350,"height":200},"classes":[]},{"id":3147,"url":"https:\/\/www.enviroscop.fr\/actu\/2018\/09\/tableau-de-bord-eolien-deuxieme-trimestre-2018\/","url_meta":{"origin":163,"position":5},"title":"Tableau de bord \u00e9olien : Deuxi\u00e8me trimestre 2018","author":"Enviroscop","date":"5 septembre 2018","format":false,"excerpt":"Le Minist\u00e8re vient de mettre \u00e0 jour son tableau de bord \u00e9olien. Vous pouvez retrouver toutes les infos sur le site des statistiques du Minist\u00e8re","rel":"","context":"Dans &quot;Energie&quot;","block_context":{"text":"Energie","link":"https:\/\/www.enviroscop.fr\/actu\/category\/energie\/"},"img":{"alt_text":"","src":"","width":0,"height":0},"classes":[]}],"jetpack_sharing_enabled":true,"_links":{"self":[{"href":"https:\/\/www.enviroscop.fr\/actu\/wp-json\/wp\/v2\/posts\/163","targetHints":{"allow":["GET"]}}],"collection":[{"href":"https:\/\/www.enviroscop.fr\/actu\/wp-json\/wp\/v2\/posts"}],"about":[{"href":"https:\/\/www.enviroscop.fr\/actu\/wp-json\/wp\/v2\/types\/post"}],"author":[{"embeddable":true,"href":"https:\/\/www.enviroscop.fr\/actu\/wp-json\/wp\/v2\/users\/1"}],"replies":[{"embeddable":true,"href":"https:\/\/www.enviroscop.fr\/actu\/wp-json\/wp\/v2\/comments?post=163"}],"version-history":[{"count":0,"href":"https:\/\/www.enviroscop.fr\/actu\/wp-json\/wp\/v2\/posts\/163\/revisions"}],"wp:attachment":[{"href":"https:\/\/www.enviroscop.fr\/actu\/wp-json\/wp\/v2\/media?parent=163"}],"wp:term":[{"taxonomy":"category","embeddable":true,"href":"https:\/\/www.enviroscop.fr\/actu\/wp-json\/wp\/v2\/categories?post=163"},{"taxonomy":"post_tag","embeddable":true,"href":"https:\/\/www.enviroscop.fr\/actu\/wp-json\/wp\/v2\/tags?post=163"}],"curies":[{"name":"wp","href":"https:\/\/api.w.org\/{rel}","templated":true}]}}