{"id":166,"date":"2012-09-13T05:54:00","date_gmt":"2012-09-13T05:54:00","guid":{"rendered":"http:\/\/actu.enviroscop.com\/projet-de-loi-relatif-a-la-mise-en-oeuvre-du"},"modified":"2013-03-01T21:52:12","modified_gmt":"2013-03-01T20:52:12","slug":"projet-de-loi-relatif-a-la-mise-en-oeuvre-du","status":"publish","type":"post","link":"https:\/\/www.enviroscop.fr\/actu\/2012\/09\/projet-de-loi-relatif-a-la-mise-en-oeuvre-du\/","title":{"rendered":"Projet de Loi relatif \u00e0 la mise en oeuvre du principe de participation du public"},"content":{"rendered":"<p style=\"margin: 0 0 5px; padding: 0; border: 0; vertical-align: baseline; color: #464749; font-family: Helvetica, Arial, sans-serif; line-height: 17px;\">L&rsquo;entr\u00e9e en vigueur de l&rsquo;article 7, et la reconnaissance par les juridictions de sa pleine valeur constitutionnelle, ont rendu n\u00e9cessaire une adaptation de la l\u00e9gislation qui s\u2019est traduite par la cr\u00e9ation de proc\u00e9dures particuli\u00e8res \u00e0 certaines cat\u00e9gories de d\u00e9cisions, mais aussi par l\u2019adoption des dispositions \u00e0 vocation transversale codifi\u00e9es aux articles L.\u00a0120-1 et L.\u00a0120-2 du code de l\u2019environnement.<\/p>\n<p style=\"margin: 0 0 5px; padding: 0; border: 0; vertical-align: baseline; color: #464749; font-family: Helvetica, Arial, sans-serif; line-height: 17px;\">Plusieurs d\u00e9cisions r\u00e9centes rendues par le Conseil constitutionnel dans le cadre de la proc\u00e9dure de question prioritaire de constitutionnalit\u00e9 ont toutefois, en d\u00e9clarant contraires \u00e0 l&rsquo;article 7 de la Charte certaines dispositions du code de l&rsquo;environnement, dont l&rsquo;abrogation prendra effet \u00e0 br\u00e8ve \u00e9ch\u00e9ance (1<sup style=\"margin: 0; padding: 0; border: 0; font-size: 13px; vertical-align: baseline;\">er<\/sup>\u00a0janvier ou 1<sup style=\"margin: 0; padding: 0; border: 0; font-size: 13px; vertical-align: baseline;\">er<\/sup>\u00a0septembre 2013, selon le cas), mis en \u00e9vidence le caract\u00e8re inachev\u00e9 et incomplet de cette entreprise et l\u2019urgence qui s\u2019attache \u00e0 la mener \u00e0 son terme (d\u00e9cisions n\u00b0 2011-183\/184 QPC du 14 octobre 2011, n\u00b0 2012-262 QPC du 13 juillet 2012, n\u00b0 2012-269 QPC et n\u00b0 2012-270 QPC du 27 juillet 2012).<\/p>\n<p style=\"margin: 0 0 5px; padding: 0; border: 0; vertical-align: baseline; color: #464749; font-family: Helvetica, Arial, sans-serif; line-height: 17px;\">Le pr\u00e9sent projet de loi a pour objet, en tirant les cons\u00e9quences de la jurisprudence r\u00e9cente du Conseil constitutionnel, de donner \u00e0 l&rsquo;article 7 de la Charte de l&rsquo;environnement toute sa port\u00e9e, afin de permettre aux citoyens de s&rsquo;impliquer de fa\u00e7on concr\u00e8te et utile dans le processus d&rsquo;\u00e9laboration des d\u00e9cisions publiques ayant une incidence sur l&rsquo;environnement.<\/p>\n<p style=\"margin: 0 0 5px; padding: 0; border: 0; vertical-align: baseline; color: #464749; font-family: Helvetica, Arial, sans-serif; line-height: 17px;\">\n<p style=\"margin: 0 0 5px; padding: 0; border: 0; vertical-align: baseline; color: #464749; font-family: Helvetica, Arial, sans-serif; line-height: 17px;\">Pour lire ce projet de loi, <a href=\"http:\/\/www.consultations-publiques.developpement-durable.gouv.fr\/uploads\/tinyMCE\/les-consultations-publiques-du-ministere-du-developpement-durable\/projet-de-loi-relatif-a-la-mise-en-oeuvre-du-principe-de-participation-du-public\/projet-de-loi-art-7.pdf\" target=\"_blank\">c&rsquo;est ICI<\/a><\/p>\n","protected":false},"excerpt":{"rendered":"<p>L&rsquo;entr??e en vigueur de l&rsquo;article 7, et la reconnaissance par les juridictions de sa pleine valeur constitutionnelle, ont rendu n??cessaire une adaptation de la l??gislation qui s???est traduite par la cr??ation de proc??dures particuli??res   ce&#8230;<\/p>\n","protected":false},"author":1,"featured_media":0,"comment_status":"open","ping_status":"open","sticky":false,"template":"","format":"standard","meta":{"jetpack_post_was_ever_published":false,"_jetpack_newsletter_access":"","_jetpack_dont_email_post_to_subs":false,"_jetpack_newsletter_tier_id":0,"_jetpack_memberships_contains_paywalled_content":false,"_jetpack_memberships_contains_paid_content":false,"footnotes":"","jetpack_publicize_message":"","jetpack_publicize_feature_enabled":true,"jetpack_social_post_already_shared":false,"jetpack_social_options":{"image_generator_settings":{"template":"highway","default_image_id":0,"font":"","enabled":false},"version":2}},"categories":[16,24,35],"tags":[],"class_list":["post-166","post","type-post","status-publish","format-standard","hentry","category-concertation","category-enquete-publique","category-juridique","item-wrap"],"jetpack_publicize_connections":[],"jetpack_featured_media_url":"","jetpack_shortlink":"https:\/\/wp.me\/p3rXAp-2G","jetpack_likes_enabled":true,"jetpack-related-posts":[{"id":3167,"url":"https:\/\/www.enviroscop.fr\/actu\/2018\/10\/icpe-garanties-financieres\/","url_meta":{"origin":166,"position":0},"title":"ICPE et garanties financi\u00e8res","author":"Enviroscop","date":"22 octobre 2018","format":false,"excerpt":"Arr\u00eat\u00e9 du\u00a024 septembre 2018\u00a0fixant les r\u00e8gles de calcul et les modalit\u00e9s de constitution des garanties financi\u00e8res pr\u00e9vues par l'article R. 516-2-I du code de l'environnement Publics concern\u00e9s : \u00e9tablissements r\u00e9pondant aux\u00a0dispositions de l'article L. 515-36 du code de l'environnement, administrations d\u00e9concentr\u00e9es (DREAL, DRIEE, DEAL). Objet : modalit\u00e9s de mutualisation pour\u2026","rel":"","context":"Dans &quot;Arr\u00eat\u00e9&quot;","block_context":{"text":"Arr\u00eat\u00e9","link":"https:\/\/www.enviroscop.fr\/actu\/category\/juridique\/arrete\/"},"img":{"alt_text":"","src":"","width":0,"height":0},"classes":[]},{"id":4741,"url":"https:\/\/www.enviroscop.fr\/actu\/2022\/05\/decret-n-2022-767-du-2-mai-2022-portant-diverses-modifications-du-code-de-la-commande-publique\/","url_meta":{"origin":166,"position":1},"title":"D\u00e9cret n\u00b0 2022-767 du 2 mai 2022 portant diverses modifications du code de la commande publique","author":"Enviroscop","date":"4 mai 2022","format":false,"excerpt":"Publics concern\u00e9s : acheteurs publics et op\u00e9rateurs \u00e9conomiques. Objet : modification du code de la commande publique. Entr\u00e9e en vigueur : les dispositions de l'article 13 entrent en vigueur le lendemain de la publication du d\u00e9cret . Les dispositions de l'article 1er entrent en vigueur le 1er janvier 2023 .\u2026","rel":"","context":"Dans &quot;Economie&quot;","block_context":{"text":"Economie","link":"https:\/\/www.enviroscop.fr\/actu\/category\/activite\/economie\/"},"img":{"alt_text":"","src":"https:\/\/i0.wp.com\/www.enviroscop.fr\/actu\/wp-content\/uploads\/2013\/05\/17141_une.jpg?resize=350%2C200","width":350,"height":200},"classes":[]},{"id":219,"url":"https:\/\/www.enviroscop.fr\/actu\/2011\/10\/simplification-du-droit-de-lenvironnement\/","url_meta":{"origin":166,"position":2},"title":"Simplification du droit de l&rsquo;environnement","author":"Enviroscop","date":"20 octobre 2011","format":false,"excerpt":"Un certain nombre de mesures concernent l'environnement. Celles qui nous concernent plus particuli??rement sont : Natura 2000. L'article 56 bis modifie certaines dispositions applicables aux sites marins. \"La charte peut ??galement d??terminer des...","rel":"","context":"Dans &quot;Carri\u00e8res&quot;","block_context":{"text":"Carri\u00e8res","link":"https:\/\/www.enviroscop.fr\/actu\/category\/icpe\/carrieres\/"},"img":{"alt_text":"","src":"","width":0,"height":0},"classes":[]},{"id":2747,"url":"https:\/\/www.enviroscop.fr\/actu\/2017\/02\/decret-n-2017-176-du-13-fevrier-2017-relatif-aux-zones-prioritaires-pour-la-biodiversite\/","url_meta":{"origin":166,"position":3},"title":"D\u00e9cret n\u00b0 2017-176 du 13 f\u00e9vrier 2017 relatif aux zones prioritaires pour la biodiversit\u00e9","author":"Enviroscop","date":"15 f\u00e9vrier 2017","format":false,"excerpt":"D\u00e9cret n\u00b0 2017-176 du 13 f\u00e9vrier 2017 relatif aux zones prioritaires pour la biodiversit\u00e9 NOR: DEVL1630438D ELI: Publics concern\u00e9s : Etat et \u00e9tablissements publics, collectivit\u00e9s territoriales et groupements, organismes du monde socio-professionnel, associations de protection de la nature, scientifiques. Objet : mise en \u0153uvre des zones prioritaires pour la biodiversit\u00e9\u2026","rel":"","context":"Dans &quot;biodiversit\u00e9&quot;","block_context":{"text":"biodiversit\u00e9","link":"https:\/\/www.enviroscop.fr\/actu\/category\/nature\/biodiversite\/"},"img":{"alt_text":"","src":"","width":0,"height":0},"classes":[]},{"id":3966,"url":"https:\/\/www.enviroscop.fr\/actu\/2020\/12\/simplification-de-la-procedure-dautorisation-environnementale\/","url_meta":{"origin":166,"position":4},"title":"Simplification de la proc\u00e9dure d&rsquo;autorisation environnementale","author":"Enviroscop","date":"16 d\u00e9cembre 2020","format":false,"excerpt":"D\u00e9cret n\u00b0 2019-1352 du 12 d\u00e9cembre 2019 portant diverses dispositions de simplification de la proc\u00e9dure d'autorisation environnementale Publics concern\u00e9s : services de l'Etat, professionnels, particuliers, ma\u00eetres d'ouvrage, associations, bureaux d'\u00e9tudes. Objet : simplification de la proc\u00e9dure d'autorisation environnementale. Entr\u00e9e en vigueur : le texte entre en vigueur au lendemain de\u2026","rel":"","context":"Dans &quot;droit&quot;","block_context":{"text":"droit","link":"https:\/\/www.enviroscop.fr\/actu\/category\/juridique\/droit\/"},"img":{"alt_text":"","src":"https:\/\/i0.wp.com\/www.enviroscop.fr\/actu\/wp-content\/uploads\/2013\/05\/17141_une-300x152.jpg?resize=350%2C200","width":350,"height":200},"classes":[]},{"id":3454,"url":"https:\/\/www.enviroscop.fr\/actu\/2019\/08\/obstacle-a-la-continuite-ecologique-en-riviere-quelques-precisions-dans-un-decret\/","url_meta":{"origin":166,"position":5},"title":"Obstacle \u00e0 la continuit\u00e9 \u00e9cologique en rivi\u00e8re : quelques pr\u00e9cisions dans un d\u00e9cret","author":"Enviroscop","date":"6 ao\u00fbt 2019","format":false,"excerpt":"D\u00e9cret n\u00b0 2019-827 du\u00a03 ao\u00fbt 2019\u00a0modifiant diverses dispositions du code de l'environnement relatives \u00e0 la notion d'obstacle \u00e0 la continuit\u00e9 \u00e9cologique et au d\u00e9bit \u00e0 laisser \u00e0 l'aval des ouvrages en rivi\u00e8re Objet : d\u00e9finition d'un ouvrage constituant un obstacle \u00e0 la continuit\u00e9 \u00e9cologique sur les cours d'eau class\u00e9s en\u2026","rel":"","context":"Dans &quot;Eau&quot;","block_context":{"text":"Eau","link":"https:\/\/www.enviroscop.fr\/actu\/category\/compartiments\/eau\/"},"img":{"alt_text":"","src":"https:\/\/i0.wp.com\/www.enviroscop.fr\/actu\/wp-content\/uploads\/2019\/08\/P1080957.jpg?resize=350%2C200&ssl=1","width":350,"height":200,"srcset":"https:\/\/i0.wp.com\/www.enviroscop.fr\/actu\/wp-content\/uploads\/2019\/08\/P1080957.jpg?resize=350%2C200&ssl=1 1x, https:\/\/i0.wp.com\/www.enviroscop.fr\/actu\/wp-content\/uploads\/2019\/08\/P1080957.jpg?resize=525%2C300&ssl=1 1.5x, https:\/\/i0.wp.com\/www.enviroscop.fr\/actu\/wp-content\/uploads\/2019\/08\/P1080957.jpg?resize=700%2C400&ssl=1 2x, https:\/\/i0.wp.com\/www.enviroscop.fr\/actu\/wp-content\/uploads\/2019\/08\/P1080957.jpg?resize=1050%2C600&ssl=1 3x"},"classes":[]}],"jetpack_sharing_enabled":true,"_links":{"self":[{"href":"https:\/\/www.enviroscop.fr\/actu\/wp-json\/wp\/v2\/posts\/166","targetHints":{"allow":["GET"]}}],"collection":[{"href":"https:\/\/www.enviroscop.fr\/actu\/wp-json\/wp\/v2\/posts"}],"about":[{"href":"https:\/\/www.enviroscop.fr\/actu\/wp-json\/wp\/v2\/types\/post"}],"author":[{"embeddable":true,"href":"https:\/\/www.enviroscop.fr\/actu\/wp-json\/wp\/v2\/users\/1"}],"replies":[{"embeddable":true,"href":"https:\/\/www.enviroscop.fr\/actu\/wp-json\/wp\/v2\/comments?post=166"}],"version-history":[{"count":0,"href":"https:\/\/www.enviroscop.fr\/actu\/wp-json\/wp\/v2\/posts\/166\/revisions"}],"wp:attachment":[{"href":"https:\/\/www.enviroscop.fr\/actu\/wp-json\/wp\/v2\/media?parent=166"}],"wp:term":[{"taxonomy":"category","embeddable":true,"href":"https:\/\/www.enviroscop.fr\/actu\/wp-json\/wp\/v2\/categories?post=166"},{"taxonomy":"post_tag","embeddable":true,"href":"https:\/\/www.enviroscop.fr\/actu\/wp-json\/wp\/v2\/tags?post=166"}],"curies":[{"name":"wp","href":"https:\/\/api.w.org\/{rel}","templated":true}]}}