{"id":1669,"date":"2013-12-17T07:08:04","date_gmt":"2013-12-17T06:08:04","guid":{"rendered":"http:\/\/www.enviroscop.fr\/actu\/?p=1669"},"modified":"2013-12-17T07:08:04","modified_gmt":"2013-12-17T06:08:04","slug":"quels-sont-les-services-ecologiques-rendus-par-les-ecosystemes-urbains","status":"publish","type":"post","link":"https:\/\/www.enviroscop.fr\/actu\/2013\/12\/quels-sont-les-services-ecologiques-rendus-par-les-ecosystemes-urbains\/","title":{"rendered":"Quels sont les services \u00e9cologiques rendus par les \u00e9cosyst\u00e8mes urbains ?"},"content":{"rendered":"<p>Le comit\u00e9 fran\u00e7ais de l&rsquo;union internationale pour la conservation de la nature (UICN) publie une brochure sur les services \u00e9cologiques fournis par les \u00e9cosyst\u00e8mes urbains fran\u00e7ais en m\u00e9tropole et en outre-mer. Par \u00e9cosyst\u00e8mes urbains, l&rsquo;UICN entend l&rsquo;ensemble des zones construites, les r\u00e9seaux routiers et ferroviaires, et les espaces verts cr\u00e9\u00e9s par l&rsquo;Homme.<\/p>\n<p>L&rsquo;int\u00e9gralit\u00e9 de l&rsquo;article sur :\u00a0<a href=\"http:\/\/www.actu-environnement.com\/ae\/news\/brochure-uicn-services-ecologiques-ecosystemes-urbains-20237.php4#xtor=EPR-1\">Quels sont les services \u00e9cologiques rendus par les \u00e9cosyst\u00e8mes urbains ?<\/a>.<\/p>\n","protected":false},"excerpt":{"rendered":"<p>Le comit\u00e9 fran\u00e7ais de l&rsquo;union internationale pour la conservation de la nature (UICN) publie une brochure sur les services \u00e9cologiques fournis par les \u00e9cosyst\u00e8mes urbains fran\u00e7ais en m\u00e9tropole et en outre-mer. Par \u00e9cosyst\u00e8mes urbains, l&rsquo;UICN entend l&rsquo;ensemble des zones construites, les r\u00e9seaux routiers et ferroviaires, et les espaces verts cr\u00e9\u00e9s par l&rsquo;Homme. L&rsquo;int\u00e9gralit\u00e9 de l&rsquo;article &hellip; <\/p>\n<p><a class=\"more-link btn\" href=\"https:\/\/www.enviroscop.fr\/actu\/2013\/12\/quels-sont-les-services-ecologiques-rendus-par-les-ecosystemes-urbains\/\">Lire la suite<\/a><\/p>\n","protected":false},"author":1,"featured_media":0,"comment_status":"open","ping_status":"open","sticky":false,"template":"","format":"standard","meta":{"jetpack_post_was_ever_published":false,"_jetpack_newsletter_access":"","_jetpack_dont_email_post_to_subs":false,"_jetpack_newsletter_tier_id":0,"_jetpack_memberships_contains_paywalled_content":false,"_jetpack_memberships_contains_paid_content":false,"footnotes":"","jetpack_publicize_message":"","jetpack_publicize_feature_enabled":true,"jetpack_social_post_already_shared":true,"jetpack_social_options":{"image_generator_settings":{"template":"highway","default_image_id":0,"font":"","enabled":false},"version":2}},"categories":[11,6,10,67,56],"tags":[],"class_list":["post-1669","post","type-post","status-publish","format-standard","hentry","category-biodiversite","category-ecologie","category-evaluation","category-nature","category-urbanisation","item-wrap"],"jetpack_publicize_connections":[],"jetpack_featured_media_url":"","jetpack_shortlink":"https:\/\/wp.me\/p3rXAp-qV","jetpack_likes_enabled":true,"jetpack-related-posts":[{"id":2201,"url":"https:\/\/www.enviroscop.fr\/actu\/2015\/01\/evaluation-francaise-des-ecosystemes-et-des-services-ecosystemiques-efese-ministere-du-developpement-durable\/","url_meta":{"origin":1669,"position":0},"title":"\u00c9valuation fran\u00e7aise des \u00e9cosyst\u00e8mes et des services \u00e9cosyst\u00e9miques (EFESE) &#8211; Minist\u00e8re du D\u00e9veloppement durable","author":"Enviroscop","date":"9 janvier 2015","format":false,"excerpt":"La seconde \u00e9dition du s\u00e9minaire EFESE s\u2019est tenue le 9 d\u00e9cembre 2014 \u00e0 la D\u00e9fense afin de pr\u00e9senter et d\u00e9battre les premiers r\u00e9sultats. Pr\u00e8s de 150 personnes \u00e9taient pr\u00e9sentes, issues des administrations, des \u00e9tablissements publics, des organismes de recherche, des collectivit\u00e9s territoriales, ou du secteur priv\u00e9. A travers 13 pr\u00e9sentations,\u2026","rel":"","context":"Dans &quot;Ecologie&quot;","block_context":{"text":"Ecologie","link":"https:\/\/www.enviroscop.fr\/actu\/category\/nature\/ecologie\/"},"img":{"alt_text":"","src":"","width":0,"height":0},"classes":[]},{"id":2165,"url":"https:\/\/www.enviroscop.fr\/actu\/2014\/12\/colloque-ecosystemes-estuariens-quels-enjeux-pour-la-biodiversite\/","url_meta":{"origin":1669,"position":1},"title":"Colloque \u00ab\u00a0\u00c9cosyst\u00e8mes estuariens, quels enjeux pour la biodiversit\u00e9 ?\u00a0\u00bb","author":"Enviroscop","date":"9 d\u00e9cembre 2014","format":false,"excerpt":"Les 29, 30 et 31 janvier 2015, BioSph\u00e8re Environnement, le R\u00e9seau Fran\u00e7ais d'Ornithologie RFO et l'Atlantic Flyway Network,en partenariat avec la R\u00e9gion Poitou-Charentes, le Conseil G\u00e9n\u00e9ral de la Charente-Maritime, la Communaut\u00e9 d\u2019Agglom\u00e9ration Royan Atlantique,le SMIDDEST, la ville de Royan, la ville de Saint-Georges-de-Didonne,l\u2019Agence de l\u2019Eau Adour-Garonne, le Grand Port Maritime\u2026","rel":"","context":"Dans &quot;biodiversit\u00e9&quot;","block_context":{"text":"biodiversit\u00e9","link":"https:\/\/www.enviroscop.fr\/actu\/category\/nature\/biodiversite\/"},"img":{"alt_text":"","src":"","width":0,"height":0},"classes":[]},{"id":1586,"url":"https:\/\/www.enviroscop.fr\/actu\/2013\/11\/services-rendus-par-la-nature-les-prairies-permanentes\/","url_meta":{"origin":1669,"position":2},"title":"Services rendus par la nature : les prairies permanentes","author":"Enviroscop","date":"14 novembre 2013","format":false,"excerpt":"Nouveau rapport du CGDD sur l'\u00e9valuation des services rendus par la nature Les prairies constituent un \u00e9l\u00e9ment cl\u00e9 du paysage agricole de la plupart des r\u00e9gions fran\u00e7aises et contribuent au\u00a0\u00ab bien-\u00eatre \u00bb de la population par la fourniture d\u2019une gamme vari\u00e9e de services \u00e9cosyst\u00e9mique : alimentation des\u00a0ruminants et par cons\u00e9quent\u2026","rel":"","context":"Dans &quot;Agriculture&quot;","block_context":{"text":"Agriculture","link":"https:\/\/www.enviroscop.fr\/actu\/category\/activite\/agriculture\/"},"img":{"alt_text":"","src":"","width":0,"height":0},"classes":[]},{"id":4919,"url":"https:\/\/www.enviroscop.fr\/actu\/2022\/09\/la-restauration-ecologique-passe-aussi-par-les-ecosystemes-herbaces\/","url_meta":{"origin":1669,"position":3},"title":"La restauration \u00e9cologique passe aussi par les \u00e9cosyst\u00e8mes herbac\u00e9s","author":"Enviroscop","date":"1 septembre 2022","format":false,"excerpt":"\u00a9 Emmanuelle KUHN En mati\u00e8re de\u00a0restauration \u00e9cologique, planter des arbres est devenu la solution pr\u00e9dominante. Pourtant, les\u00a0\u00e9cosyst\u00e8mes forestiers\u00a0ne sont pas les seuls qui m\u00e9ritent d'\u00eatre restaur\u00e9s. Les \u00e9cosyst\u00e8mes herbac\u00e9s abritent \u00e9galement une grande biodiversit\u00e9 et participent au stockage du carbone souterrain. Ils correspondent aux prairies am\u00e9ricaines, savanes africaines et pelouses\u2026","rel":"","context":"Dans &quot;Activit\u00e9&quot;","block_context":{"text":"Activit\u00e9","link":"https:\/\/www.enviroscop.fr\/actu\/category\/activite\/"},"img":{"alt_text":"","src":"","width":0,"height":0},"classes":[]},{"id":168,"url":"https:\/\/www.enviroscop.fr\/actu\/2011\/07\/vient-de-paraitre\/","url_meta":{"origin":1669,"position":4},"title":"Vient de para\u00eetre","author":"Enviroscop","date":"7 juillet 2011","format":false,"excerpt":"Les Plans de D??placements Urbains comportent d??sormais un volet d'??valuation environnementale. Moins d'une quinzaine d'Autorit??s Organisatrices des Transports Urbains (AOTU) se sont livr??es ? cette d??marche ? ce jour mais l'??valuation env...","rel":"","context":"Dans &quot;Guide&quot;","block_context":{"text":"Guide","link":"https:\/\/www.enviroscop.fr\/actu\/category\/guide\/"},"img":{"alt_text":"1648ph_400","src":"https:\/\/i0.wp.com\/www.enviroscop.fr\/actu\/wp-content\/uploads\/2013\/02\/1648ph_400-scaled500.jpg?resize=350%2C200","width":350,"height":200},"classes":[]},{"id":204,"url":"https:\/\/www.enviroscop.fr\/actu\/2012\/02\/mobilite-dans-les-territoires-peri-urbains-et\/","url_meta":{"origin":1669,"position":5},"title":"Mobilit\u00e9 dans les territoires p\u00e9ri-urbains et ruraux : le rapport du CAS","author":"Enviroscop","date":"9 f\u00e9vrier 2012","format":false,"excerpt":"Le Centre d'Analyse Strat??gique vient de publier son rapport sur les transports et la mobilit?? dans les territoires p??ri-urbains et ruraux. Vous pouvez le t??l??charger ICI. Plut??t que de transposer les solutions pr??conis??es aux zones denses...","rel":"","context":"Dans &quot;D\u00e9placements&quot;","block_context":{"text":"D\u00e9placements","link":"https:\/\/www.enviroscop.fr\/actu\/category\/activite\/transport\/deplacements\/"},"img":{"alt_text":"","src":"","width":0,"height":0},"classes":[]}],"jetpack_sharing_enabled":true,"_links":{"self":[{"href":"https:\/\/www.enviroscop.fr\/actu\/wp-json\/wp\/v2\/posts\/1669","targetHints":{"allow":["GET"]}}],"collection":[{"href":"https:\/\/www.enviroscop.fr\/actu\/wp-json\/wp\/v2\/posts"}],"about":[{"href":"https:\/\/www.enviroscop.fr\/actu\/wp-json\/wp\/v2\/types\/post"}],"author":[{"embeddable":true,"href":"https:\/\/www.enviroscop.fr\/actu\/wp-json\/wp\/v2\/users\/1"}],"replies":[{"embeddable":true,"href":"https:\/\/www.enviroscop.fr\/actu\/wp-json\/wp\/v2\/comments?post=1669"}],"version-history":[{"count":0,"href":"https:\/\/www.enviroscop.fr\/actu\/wp-json\/wp\/v2\/posts\/1669\/revisions"}],"wp:attachment":[{"href":"https:\/\/www.enviroscop.fr\/actu\/wp-json\/wp\/v2\/media?parent=1669"}],"wp:term":[{"taxonomy":"category","embeddable":true,"href":"https:\/\/www.enviroscop.fr\/actu\/wp-json\/wp\/v2\/categories?post=1669"},{"taxonomy":"post_tag","embeddable":true,"href":"https:\/\/www.enviroscop.fr\/actu\/wp-json\/wp\/v2\/tags?post=1669"}],"curies":[{"name":"wp","href":"https:\/\/api.w.org\/{rel}","templated":true}]}}