{"id":1727,"date":"2014-01-16T08:47:10","date_gmt":"2014-01-16T07:47:10","guid":{"rendered":"http:\/\/www.enviroscop.fr\/actu\/?p=1727"},"modified":"2014-01-16T08:47:10","modified_gmt":"2014-01-16T07:47:10","slug":"vers-la-creation-de-linstitut-de-la-ville-durable","status":"publish","type":"post","link":"https:\/\/www.enviroscop.fr\/actu\/2014\/01\/vers-la-creation-de-linstitut-de-la-ville-durable\/","title":{"rendered":"Vers la cr\u00e9ation de l&rsquo;Institut de la Ville Durable ?"},"content":{"rendered":"<p>&nbsp;<\/p>\n<p>En r\u00e9affirmant les enjeux et en soulignant les initiatives d\u00e9j\u00e0 prises en mati\u00e8re d&rsquo;EcoQuartier et d&rsquo;entreprenariat durable comme Vivapolis, le Premier Ministre r\u00e9affirme la volont\u00e9 gouvernementale d&rsquo;une transition \u00e9cologique. Mais en actes, qu&rsquo;est ce que \u00e7a donne ? Pour l&rsquo;instant, le lancement de la r\u00e9flexion sur la cr\u00e9ation de l&rsquo;Institut de la Ville Durable.<\/p>\n<p>C&rsquo;est en tout cas le ma\u00eetre mot de la lettre de mission dat\u00e9e du 4 janvier dernier, dans laquelle le Premier Ministre rappelle au conseiller d&rsquo;\u00e9tat Roland Peylet les diff\u00e9rentes initiatives d\u00e9j\u00e0 en cours, et dont nous nous sommes fait l&rsquo;\u00e9cho plus t\u00f4t dans l&rsquo;ann\u00e9e. A savoir: la cr\u00e9ation du label Vivapolis, et la labellisation EcoQuartier, largement \u00e9voqu\u00e9e dans le d\u00e9bat organis\u00e9 en d\u00e9cembre dernier, et \u00e0 laquelle nous consacrons des fiches de cas chaque mois.<\/p>\n<p><strong>P\u00e9renniser les initiatives d\u00e9j\u00e0 en cours<\/strong><\/p>\n<p>En assignant les enjeux suivants \u00e0 la mission :<\/p>\n<p>&#8211; montrer que la ville durable devient r\u00e9alit\u00e9 en France.<\/p>\n<p>&#8211;\u00a0 conjuguer les efforts de promotion de l\u2019innovation dans les domaines de la conception urbaine et de la gestion des r\u00e9seaux urbains, supports de l\u2019\u00e9conomie num\u00e9rique, des transports, de la fourniture d\u2019\u00e9nergie, du traitement des eaux us\u00e9es, de la valorisation des d\u00e9chets et du d\u00e9veloppement de fili\u00e8res \u00e9conomiques associ\u00e9es.<\/p>\n<p>&#8211; valoriser l\u2019offre fran\u00e7aise \u00e0 l\u2019exportation.<\/p>\n<p>l&rsquo;objectif minist\u00e9riel est d&rsquo;accompagner les diff\u00e9rentes initiatives en cours, permettre si n\u00e9cessaire une mutualisation des comp\u00e9tences et des savoirs, et surtout, p\u00e9renniser les projets d\u00e9j\u00e0 d\u00e9marr\u00e9s.<\/p>\n<p><strong>Cr\u00e9er l&rsquo;Institut de la Ville Durable<\/strong><\/p>\n<p>Un objectif manifest\u00e9 par les terme de \u00ab\u00a0coordonner\u00a0\u00bb les initiatives, et \u00ab\u00a0gouvernance ouverte\u00a0\u00bb de la part de l&rsquo;\u00e9tat, qui serait \u00e9galement \u00ab\u00a0caution\u00a0\u00bb de la validit\u00e9 scientifique des arguments.<\/p>\n<p>Cette ambition se traduit par la cr\u00e9ation de l&rsquo;Institut de la Ville Durable : \u00a0\u00bb Vous pr\u00e9ciserez par ailleurs les contours d\u2019un \u00ab Institut de la Ville Durable \u00bb (statut, structure, gouvernance, missions, budget pr\u00e9visionnel) au sein duquel se trouveraient associ\u00e9es toutes les parties prenantes, \u00e0 commencer par l\u2019Etat, les collectivit\u00e9s territoriales, les entreprises et la soci\u00e9t\u00e9 civile.\u00a0\u00bb<\/p>\n<p>La copie est \u00e0 rendre pour Avril 2014. Affaire \u00e0 suivre !<\/p>\n<p>via\u00a0<a href=\"http:\/\/www.eco-quartiers.fr\/#!\/fr\/focus\/actualites\/2014\/01\/vers-la-creation-de-l-institut-de-la-ville-durable-163\/\">Eco-quartiers.fr &#8211; Actualit\u00e9 : Vers la cr\u00e9ation de l&rsquo;Institut de la Ville Durable ?<\/a>.<\/p>\n","protected":false},"excerpt":{"rendered":"<p>&nbsp; En r\u00e9affirmant les enjeux et en soulignant les initiatives d\u00e9j\u00e0 prises en mati\u00e8re d&rsquo;EcoQuartier et d&rsquo;entreprenariat durable comme Vivapolis, le Premier Ministre r\u00e9affirme la volont\u00e9 gouvernementale d&rsquo;une transition \u00e9cologique. Mais en actes, qu&rsquo;est ce que \u00e7a donne ? Pour l&rsquo;instant, le lancement de la r\u00e9flexion sur la cr\u00e9ation de l&rsquo;Institut de la Ville Durable. &hellip; <\/p>\n<p><a class=\"more-link btn\" href=\"https:\/\/www.enviroscop.fr\/actu\/2014\/01\/vers-la-creation-de-linstitut-de-la-ville-durable\/\">Lire la suite<\/a><\/p>\n","protected":false},"author":1,"featured_media":0,"comment_status":"open","ping_status":"open","sticky":false,"template":"","format":"standard","meta":{"jetpack_post_was_ever_published":false,"_jetpack_newsletter_access":"","_jetpack_dont_email_post_to_subs":false,"_jetpack_newsletter_tier_id":0,"_jetpack_memberships_contains_paywalled_content":false,"_jetpack_memberships_contains_paid_content":false,"footnotes":"","jetpack_publicize_message":"","jetpack_publicize_feature_enabled":true,"jetpack_social_post_already_shared":true,"jetpack_social_options":{"image_generator_settings":{"template":"highway","default_image_id":0,"font":"","enabled":false},"version":2}},"categories":[20,56,57],"tags":[],"class_list":["post-1727","post","type-post","status-publish","format-standard","hentry","category-durable","category-urbanisation","category-urbanisme","item-wrap"],"jetpack_publicize_connections":[],"jetpack_featured_media_url":"","jetpack_shortlink":"https:\/\/wp.me\/p3rXAp-rR","jetpack_likes_enabled":true,"jetpack-related-posts":[{"id":1739,"url":"https:\/\/www.enviroscop.fr\/actu\/2014\/01\/coup-denvoi-dune-deuxieme-vague-de-labellisation-nationale-pour-les-ecoquartiers\/","url_meta":{"origin":1727,"position":0},"title":"Coup d&rsquo;envoi d&rsquo;une deuxi\u00e8me vague de labellisation nationale pour les \u00e9coquartiers","author":"Enviroscop","date":"22 janvier 2014","format":false,"excerpt":"Le minist\u00e8re de l'Egalit\u00e9 des territoires et du Logement a adress\u00e9 le 8 janvier aux pr\u00e9fets de r\u00e9gion et de d\u00e9partement une instruction sur l'organisation d'une nouvelle vague d'appel \u00e0 projets pour le label national EcoQuartier dont les r\u00e9sultats seront annonc\u00e9s en octobre prochain. \"Sans attendre la cr\u00e9ation de l'Institut\u2026","rel":"","context":"Dans &quot;Am\u00e9nagement&quot;","block_context":{"text":"Am\u00e9nagement","link":"https:\/\/www.enviroscop.fr\/actu\/category\/amenagement\/"},"img":{"alt_text":"","src":"","width":0,"height":0},"classes":[]},{"id":5426,"url":"https:\/\/www.enviroscop.fr\/actu\/2024\/03\/agnes-pannier-runacher-annonce-la-sortie-imminente-du-decret-agripv-nous-allons-accelerer-sur-lagrivoltaisme\/","url_meta":{"origin":1727,"position":1},"title":"Agn\u00e8s Pannier-Runacher annonce la sortie imminente du d\u00e9cret AgriPV: \u00ab Nous allons acc\u00e9l\u00e9rer sur l\u2019agrivolta\u00efsme \u00bb","author":"Enviroscop","date":"22 mars 2024","format":false,"excerpt":"Jeudi 21 mars dernier, les acteurs et parties prenantes du projet de canop\u00e9e agrivolta\u00efque, qui sera inaugur\u00e9e ce printemps 2024 \u00e0 Verdonnet (C\u00f4te-d\u2019Or) sur l\u2019exploitation agricole de messieurs Cortot et Lallemand, ont accueilli Agn\u00e8s Pannier-Runacher, ministre d\u00e9l\u00e9gu\u00e9e au\u00a0ministre de l\u2019Agriculture et de la Souverainet\u00e9 alimentaire, ex-ministre de l\u2019\u00e9nergie, afin de\u2026","rel":"","context":"Dans &quot;Agriculture&quot;","block_context":{"text":"Agriculture","link":"https:\/\/www.enviroscop.fr\/actu\/category\/activite\/agriculture\/"},"img":{"alt_text":"","src":"","width":0,"height":0},"classes":[]},{"id":1004,"url":"https:\/\/www.enviroscop.fr\/actu\/2013\/05\/le-rapport-sur-les-energies-marines-renouvelables-disponible-en-ligne-vagues-enerzine-com\/","url_meta":{"origin":1727,"position":2},"title":"Le rapport sur les \u00e9nergies marines renouvelables disponible en ligne","author":"Enviroscop","date":"6 mai 2013","format":false,"excerpt":"A l'occasion du d\u00e9bat national sur la transition \u00e9nerg\u00e9tique qui s'est d\u00e9roul\u00e9 le 15 avril dernier, le rapport sur les perspectives de d\u00e9veloppement des \u00e9nergies marines renouvelables a \u00e9t\u00e9 rendu public. Ce rapport est le fruit d'une mission conjointe du Conseil G\u00e9n\u00e9ral de l'Environnement et du D\u00e9veloppement Durable et du\u2026","rel":"","context":"Dans &quot;Energie&quot;","block_context":{"text":"Energie","link":"https:\/\/www.enviroscop.fr\/actu\/category\/energie\/"},"img":{"alt_text":"","src":"https:\/\/i0.wp.com\/www.enerzine.com\/UserFiles\/Image\/breve15711a.jpg?resize=350%2C200","width":350,"height":200},"classes":[]},{"id":1110,"url":"https:\/\/www.enviroscop.fr\/actu\/2013\/06\/leolien-et-le-solaire-seffondrent-en-france-au-premier-trimestre-arnaud-gossement\/","url_meta":{"origin":1727,"position":3},"title":"L&rsquo;\u00e9olien et le solaire s&rsquo;effondrent en France au premier trimestre : Arnaud Gossement","author":"Enviroscop","date":"5 juin 2013","format":false,"excerpt":"Le Commissariat g\u00e9n\u00e9ral au d\u00e9veloppement durable vient de publier son tableau de bord pour le premier trimestre 2013. Les chiffres sont catastrophiques. Selon l'AFP, l'objectif fix\u00e9 pour 2020 serait atteint...en 2054. Le tableau de bord \u00e9olien-photovolta\u00efque du CGDD peut \u00eatre consult\u00e9 ici. La d\u00e9p\u00eache de l'AFP peut \u00eatre lue ici.\u2026","rel":"","context":"Dans &quot;Energie&quot;","block_context":{"text":"Energie","link":"https:\/\/www.enviroscop.fr\/actu\/category\/energie\/"},"img":{"alt_text":"Graphique 1","src":"https:\/\/i0.wp.com\/www.enviroscop.fr\/actu\/wp-content\/uploads\/2013\/03\/Graphique-1-300x163.png?resize=350%2C200","width":350,"height":200},"classes":[]},{"id":2526,"url":"https:\/\/www.enviroscop.fr\/actu\/2015\/12\/plan-batiment-durable-20-propositions-dactions-pour-la-biodiversite\/","url_meta":{"origin":1727,"position":4},"title":"Plan b\u00e2timent durable, 20 propositions d&rsquo;actions pour la biodiversit\u00e9","author":"Enviroscop","date":"16 d\u00e9cembre 2015","format":false,"excerpt":"La transition \u00e9cologique conduit \u00e0 faire \u00e9merger la biodiversit\u00e9 comme un sujet \u00e0 part enti\u00e8re participant \u00e0 l\u2019\u00e9laboration du b\u00e2timent de demain et \u00e0 plus grande qualit\u00e9 de vie urbaine. De nombreux travaux et initiatives sur ce th\u00e8me sont d\u00e9j\u00e0 entrepris mais tr\u00e8s divers et \u00e9pars, ils sont trop souvent\u2026","rel":"","context":"Dans &quot;biodiversit\u00e9&quot;","block_context":{"text":"biodiversit\u00e9","link":"https:\/\/www.enviroscop.fr\/actu\/category\/nature\/biodiversite\/"},"img":{"alt_text":"","src":"","width":0,"height":0},"classes":[]},{"id":5301,"url":"https:\/\/www.enviroscop.fr\/actu\/2023\/07\/mise-en-oeuvre-du-zero-artificialisation-nette-deux-decrets-en-consultation-pour-completer-la-nouvelle-loi\/","url_meta":{"origin":1727,"position":5},"title":"Mise en \u0153uvre du z\u00e9ro artificialisation nette : deux d\u00e9crets en consultation pour compl\u00e9ter la nouvelle loi","author":"Enviroscop","date":"27 juillet 2023","format":false,"excerpt":"Dans la foul\u00e9e de la publication de la loi visant \u00e0 faciliter la mise en \u0153uvre des objectifs de lutte contre l'artificialisation des sols, le minist\u00e8re de la Transition \u00e9cologique a engag\u00e9 le processus d\u2019\u00e9laboration des d\u00e9crets d\u2019application destin\u00e9s \u00e0 traduire voire \u00e0 compl\u00e9ter les ajustements apport\u00e9s par ce nouveau\u2026","rel":"","context":"Dans &quot;Am\u00e9nagement&quot;","block_context":{"text":"Am\u00e9nagement","link":"https:\/\/www.enviroscop.fr\/actu\/category\/amenagement\/"},"img":{"alt_text":"","src":"https:\/\/i0.wp.com\/www.enviroscop.fr\/actu\/wp-content\/uploads\/2013\/04\/sig4.jpg?resize=350%2C200&ssl=1","width":350,"height":200},"classes":[]}],"jetpack_sharing_enabled":true,"_links":{"self":[{"href":"https:\/\/www.enviroscop.fr\/actu\/wp-json\/wp\/v2\/posts\/1727","targetHints":{"allow":["GET"]}}],"collection":[{"href":"https:\/\/www.enviroscop.fr\/actu\/wp-json\/wp\/v2\/posts"}],"about":[{"href":"https:\/\/www.enviroscop.fr\/actu\/wp-json\/wp\/v2\/types\/post"}],"author":[{"embeddable":true,"href":"https:\/\/www.enviroscop.fr\/actu\/wp-json\/wp\/v2\/users\/1"}],"replies":[{"embeddable":true,"href":"https:\/\/www.enviroscop.fr\/actu\/wp-json\/wp\/v2\/comments?post=1727"}],"version-history":[{"count":0,"href":"https:\/\/www.enviroscop.fr\/actu\/wp-json\/wp\/v2\/posts\/1727\/revisions"}],"wp:attachment":[{"href":"https:\/\/www.enviroscop.fr\/actu\/wp-json\/wp\/v2\/media?parent=1727"}],"wp:term":[{"taxonomy":"category","embeddable":true,"href":"https:\/\/www.enviroscop.fr\/actu\/wp-json\/wp\/v2\/categories?post=1727"},{"taxonomy":"post_tag","embeddable":true,"href":"https:\/\/www.enviroscop.fr\/actu\/wp-json\/wp\/v2\/tags?post=1727"}],"curies":[{"name":"wp","href":"https:\/\/api.w.org\/{rel}","templated":true}]}}