{"id":1729,"date":"2014-01-17T08:55:10","date_gmt":"2014-01-17T07:55:10","guid":{"rendered":"http:\/\/www.enviroscop.fr\/actu\/?p=1729"},"modified":"2014-01-17T08:55:10","modified_gmt":"2014-01-17T07:55:10","slug":"abandon-des-pesticides-pour-les-espaces-verts-publics-proposition-de-loi-senatoriale","status":"publish","type":"post","link":"https:\/\/www.enviroscop.fr\/actu\/2014\/01\/abandon-des-pesticides-pour-les-espaces-verts-publics-proposition-de-loi-senatoriale\/","title":{"rendered":"Abandon des pesticides pour les espaces verts publics : proposition de loi s\u00e9natoriale"},"content":{"rendered":"<p>Suite \u00e0 la lecture, par les s\u00e9nateurs \u00e9cologistes, d&rsquo;un texte pr\u00e9voyant l&rsquo;interdiction de l&rsquo;usage de produits phytosanitaires par l&rsquo;Etat, les collectivit\u00e9s locales et \u00e9tablissements publics pour l&rsquo;entretien des espaces vert, le texte a \u00e9t\u00e9 adopt\u00e9 par la commission du d\u00e9veloppement durable de l&rsquo;Assembl\u00e9e nationale.<\/p>\n<p>Le principal risque g\u00e9n\u00e9r\u00e9 par ces produits, qui ont un impact sur le vivant, est le probl\u00e8me du dosage et de la fr\u00e9quence d&rsquo;utilisation, n\u00e9cessitant des pr\u00e9cautions importantes.<\/p>\n<p>si le texte est maintenu en l&rsquo;\u00e9tat, ces produits seront donc interdits (hors usage agricole) d\u00e8s le 1er janvier 2020. En effet, ce d\u00e9lai est n\u00e9cessaire pour que les professionnels des espaces verts puissent mettre en place de nouvelles m\u00e9thodes de travail.<\/p>\n<p>Suite \u00e0 cette interdiction pour les professionnels, et \u00e0 partir du 1er janvier 2022, la commercialisation de produits phytosanitaires \u00e0 usage non-professionnel sera interdite.<\/p>\n<p>Pour ce qui est des usages agricoles, ces professionnels respectent d\u00e9j\u00e0 des normes strictes et ont d\u00e9j\u00e0 adopt\u00e9 des mesures volontaires (plan Ecophyto) visant \u00e0 r\u00e9duire leur usage. Agriculture raisonn\u00e9e, et a fortiori biologique vont aussi dans ce sens et se d\u00e9veloppent rapidement sur notre territoire.<\/p>\n<p><a href=\"http:\/\/www.assemblee-nationale.fr\/14\/dossiers\/encadrer_utlisation_produits_phytosanitaires.asp\" target=\"_blank\">Le dossier de l&rsquo;assembl\u00e9e nationale sur le sujet<\/a><\/p>\n","protected":false},"excerpt":{"rendered":"<p>Suite \u00e0 la lecture, par les s\u00e9nateurs \u00e9cologistes, d&rsquo;un texte pr\u00e9voyant l&rsquo;interdiction de l&rsquo;usage de produits phytosanitaires par l&rsquo;Etat, les collectivit\u00e9s locales et \u00e9tablissements publics pour l&rsquo;entretien des espaces vert, le texte a \u00e9t\u00e9 adopt\u00e9 par la commission du d\u00e9veloppement durable de l&rsquo;Assembl\u00e9e nationale. Le principal risque g\u00e9n\u00e9r\u00e9 par ces produits, qui ont un impact &hellip; <\/p>\n<p><a class=\"more-link btn\" href=\"https:\/\/www.enviroscop.fr\/actu\/2014\/01\/abandon-des-pesticides-pour-les-espaces-verts-publics-proposition-de-loi-senatoriale\/\">Lire la suite<\/a><\/p>\n","protected":false},"author":1,"featured_media":0,"comment_status":"open","ping_status":"open","sticky":false,"template":"","format":"standard","meta":{"jetpack_post_was_ever_published":false,"_jetpack_newsletter_access":"","_jetpack_dont_email_post_to_subs":false,"_jetpack_newsletter_tier_id":0,"_jetpack_memberships_contains_paywalled_content":false,"_jetpack_memberships_contains_paid_content":false,"footnotes":"","jetpack_publicize_message":"","jetpack_publicize_feature_enabled":true,"jetpack_social_post_already_shared":true,"jetpack_social_options":{"image_generator_settings":{"template":"highway","default_image_id":0,"font":"","enabled":false},"version":2}},"categories":[3,35,45,65],"tags":[],"class_list":["post-1729","post","type-post","status-publish","format-standard","hentry","category-agriculture","category-juridique","category-pollution","category-senat","item-wrap"],"jetpack_publicize_connections":[],"jetpack_featured_media_url":"","jetpack_shortlink":"https:\/\/wp.me\/p3rXAp-rT","jetpack_likes_enabled":true,"jetpack-related-posts":[{"id":5323,"url":"https:\/\/www.enviroscop.fr\/actu\/2023\/08\/consultation-publique-decret-pour-la-gestion-des-espaces-de-stationnement-photovoltaique-et-verdissement\/","url_meta":{"origin":1729,"position":0},"title":"Consultation publique : d\u00e9cret pour la gestion des espaces de stationnement : photovolta\u00efque et verdissement","author":"Enviroscop","date":"25 ao\u00fbt 2023","format":false,"excerpt":"Publics concern\u00e9s : ma\u00eetres d'ouvrage, ma\u00eetres d'\u0153uvre, constructeurs et promoteurs, architectes, bureaux d'\u00e9tudes, gestionnaires et propri\u00e9taires de parc de stationnement, services de l\u2019Etat, collectivit\u00e9s territoriales et leurs groupements, \u00e9tablissements publics, en France m\u00e9tropolitaine et en outre-mer. Objet : Ce d\u00e9cret a pour objet la d\u00e9finition de la superficie et de\u2026","rel":"","context":"Dans &quot;Enviroscop&quot;","block_context":{"text":"Enviroscop","link":"https:\/\/www.enviroscop.fr\/actu\/category\/non-classe\/"},"img":{"alt_text":"","src":"https:\/\/i0.wp.com\/www.enviroscop.fr\/actu\/wp-content\/uploads\/2013\/05\/17141_une.jpg?resize=350%2C200&ssl=1","width":350,"height":200},"classes":[]},{"id":2682,"url":"https:\/\/www.enviroscop.fr\/actu\/2016\/10\/nouveau-guide-pour-une-gestion-ecologique-des-espaces-verts-franciliens\/","url_meta":{"origin":1729,"position":1},"title":"Un nouveau guide pour une gestion \u00e9cologique des espaces verts franciliens","author":"Enviroscop","date":"17 octobre 2016","format":false,"excerpt":"Natureparif, l\u2019Agence r\u00e9gionale pour la nature et la biodiversit\u00e9 en \u00cele-de-France, encourage les gestionnaires d\u2019espaces verts d\u2019\u00cele-de-France \u00e0 faire \u00e9voluer leurs pratiques pour une meilleure prise en compte de l\u2019environnement en mettant \u00e0 leur disposition un nouveau guide pratique de gestion \u00e9cologique. Le \"Guide de gestion \u00e9cologique des espaces collectifs\u2026","rel":"","context":"Dans &quot;Enviroscop&quot;","block_context":{"text":"Enviroscop","link":"https:\/\/www.enviroscop.fr\/actu\/category\/non-classe\/"},"img":{"alt_text":"","src":"","width":0,"height":0},"classes":[]},{"id":36,"url":"https:\/\/www.enviroscop.fr\/actu\/2010\/06\/grenelle-2-prservation-de-la-biodiversit\/","url_meta":{"origin":1729,"position":2},"title":"Grenelle 2 : pr??servation de la biodiversit??","author":"Enviroscop","date":"30 juin 2010","format":false,"excerpt":"Adopt??e le 29 juin 2010, la loi portant engagement national pour l???environnement, dit Grenelle 2 , est un texte d???application et de territorialisation du Grenelle Environnement et de la loi Grenelle 1. Il d??cline chantier par chantier, se...","rel":"","context":"Dans &quot;biodiversit\u00e9&quot;","block_context":{"text":"biodiversit\u00e9","link":"https:\/\/www.enviroscop.fr\/actu\/category\/nature\/biodiversite\/"},"img":{"alt_text":"","src":"","width":0,"height":0},"classes":[]},{"id":5387,"url":"https:\/\/www.enviroscop.fr\/actu\/2023\/11\/decret-n-2023-1096-du-27-novembre-2023-relatif-a-levaluation-et-au-suivi-de-lartificialisation-des-sols\/","url_meta":{"origin":1729,"position":3},"title":"D\u00e9cret n\u00b0 2023-1096 du 27 novembre 2023 relatif \u00e0 l&rsquo;\u00e9valuation et au suivi de l&rsquo;artificialisation des sols","author":"Enviroscop","date":"28 novembre 2023","format":false,"excerpt":"Publics concern\u00e9s : Etat, collectivit\u00e9s territoriales et leurs groupements, leurs \u00e9tablissements publics Objet : conditions d'application de l'article L. 101-2-1 du code de l'urbanisme\u00a0et de l'article L. 2231-1 du code g\u00e9n\u00e9ral des collectivit\u00e9s territoriales Entr\u00e9e en vigueur : le texte entre en vigueur le lendemain de sa publication. Notice :\u2026","rel":"","context":"Dans &quot;Agriculture&quot;","block_context":{"text":"Agriculture","link":"https:\/\/www.enviroscop.fr\/actu\/category\/activite\/agriculture\/"},"img":{"alt_text":"","src":"https:\/\/i0.wp.com\/www.enviroscop.fr\/actu\/wp-content\/uploads\/2013\/05\/17141_une.jpg?resize=350%2C200&ssl=1","width":350,"height":200},"classes":[]},{"id":1940,"url":"https:\/\/www.enviroscop.fr\/actu\/2014\/05\/especes-menacees-le-cgedd-place-les-regions-au-coeur-de-la-refondation-des-plans-dactions\/","url_meta":{"origin":1729,"position":4},"title":"Esp\u00e8ces menac\u00e9es : le CGEDD place les r\u00e9gions au c\u0153ur de la refondation des plans d&rsquo;actions","author":"Enviroscop","date":"21 mai 2014","format":false,"excerpt":"Pour le Conseil g\u00e9n\u00e9ral de l'environnement et du d\u00e9veloppement durable (CGEDD), de nombreuses raisons militent pour une refondation du dispositif des plans d'actions en faveur des esp\u00e8ces menac\u00e9es. Les collectivit\u00e9s, et plus particuli\u00e8rement les r\u00e9gions, pourraient en devenir des acteurs essentiels aux c\u00f4t\u00e9s de la future Agence fran\u00e7aise de la\u2026","rel":"","context":"Dans &quot;biodiversit\u00e9&quot;","block_context":{"text":"biodiversit\u00e9","link":"https:\/\/www.enviroscop.fr\/actu\/category\/nature\/biodiversite\/"},"img":{"alt_text":"","src":"","width":0,"height":0},"classes":[]},{"id":5301,"url":"https:\/\/www.enviroscop.fr\/actu\/2023\/07\/mise-en-oeuvre-du-zero-artificialisation-nette-deux-decrets-en-consultation-pour-completer-la-nouvelle-loi\/","url_meta":{"origin":1729,"position":5},"title":"Mise en \u0153uvre du z\u00e9ro artificialisation nette : deux d\u00e9crets en consultation pour compl\u00e9ter la nouvelle loi","author":"Enviroscop","date":"27 juillet 2023","format":false,"excerpt":"Dans la foul\u00e9e de la publication de la loi visant \u00e0 faciliter la mise en \u0153uvre des objectifs de lutte contre l'artificialisation des sols, le minist\u00e8re de la Transition \u00e9cologique a engag\u00e9 le processus d\u2019\u00e9laboration des d\u00e9crets d\u2019application destin\u00e9s \u00e0 traduire voire \u00e0 compl\u00e9ter les ajustements apport\u00e9s par ce nouveau\u2026","rel":"","context":"Dans &quot;Am\u00e9nagement&quot;","block_context":{"text":"Am\u00e9nagement","link":"https:\/\/www.enviroscop.fr\/actu\/category\/amenagement\/"},"img":{"alt_text":"","src":"https:\/\/i0.wp.com\/www.enviroscop.fr\/actu\/wp-content\/uploads\/2013\/04\/sig4.jpg?resize=350%2C200&ssl=1","width":350,"height":200},"classes":[]}],"jetpack_sharing_enabled":true,"_links":{"self":[{"href":"https:\/\/www.enviroscop.fr\/actu\/wp-json\/wp\/v2\/posts\/1729","targetHints":{"allow":["GET"]}}],"collection":[{"href":"https:\/\/www.enviroscop.fr\/actu\/wp-json\/wp\/v2\/posts"}],"about":[{"href":"https:\/\/www.enviroscop.fr\/actu\/wp-json\/wp\/v2\/types\/post"}],"author":[{"embeddable":true,"href":"https:\/\/www.enviroscop.fr\/actu\/wp-json\/wp\/v2\/users\/1"}],"replies":[{"embeddable":true,"href":"https:\/\/www.enviroscop.fr\/actu\/wp-json\/wp\/v2\/comments?post=1729"}],"version-history":[{"count":0,"href":"https:\/\/www.enviroscop.fr\/actu\/wp-json\/wp\/v2\/posts\/1729\/revisions"}],"wp:attachment":[{"href":"https:\/\/www.enviroscop.fr\/actu\/wp-json\/wp\/v2\/media?parent=1729"}],"wp:term":[{"taxonomy":"category","embeddable":true,"href":"https:\/\/www.enviroscop.fr\/actu\/wp-json\/wp\/v2\/categories?post=1729"},{"taxonomy":"post_tag","embeddable":true,"href":"https:\/\/www.enviroscop.fr\/actu\/wp-json\/wp\/v2\/tags?post=1729"}],"curies":[{"name":"wp","href":"https:\/\/api.w.org\/{rel}","templated":true}]}}