{"id":1741,"date":"2014-01-23T08:17:48","date_gmt":"2014-01-23T07:17:48","guid":{"rendered":"http:\/\/www.enviroscop.fr\/actu\/?p=1741"},"modified":"2014-01-23T08:17:48","modified_gmt":"2014-01-23T07:17:48","slug":"solaire-un-plan-de-relance-pour-le-photovoltaique-environnement-magazine","status":"publish","type":"post","link":"https:\/\/www.enviroscop.fr\/actu\/2014\/01\/solaire-un-plan-de-relance-pour-le-photovoltaique-environnement-magazine\/","title":{"rendered":"Solaire &#8211; Un plan de relance pour le photovoltaique &#8211; Environnement Magazine"},"content":{"rendered":"<p>Le SER (syndicat des \u00e9nergies renouvelables) a publi\u00e9, ce 20 janvier, ses propositions pour relancer le la fili\u00e8re photovolta\u00efque fran\u00e7aise.<\/p>\n<p>Le <a href=\"http:\/\/www.enr.fr\/docs\/2014134932_SERSOLERplanrelancePV.pdf\" target=\"_blank\">document pr\u00e9sent\u00e9<\/a> int\u00e8gre une s\u00e9rie de probl\u00e9matiques :<\/p>\n<ul>\n<li>programmation pluriannuelle d\u2019appels d\u2019offres pour les installations d\u2019une puissance sup\u00e9rieure \u00e0 250 kW\u00a0: 500 MW tous les six mois pendant trois ans au minimum.<\/li>\n<li>programmation d\u2019appels d\u2019offres simplifi\u00e9s pour les installation comprises entre 100 et 250 kW,<\/li>\n<li>\u00ab\u00a0choc de simplification\u00a0\u00bb pour les projets inf\u00e9rieurs \u00e0 100 kW comprenant : l&rsquo;interlocuteur unique au sein des Dreal, la d\u00e9mat\u00e9rialisation des proc\u00e9dures, l\u2019am\u00e9lioration de la transparence des donn\u00e9es relatives \u00e0 l\u2019acc\u00e8s au r\u00e9seau.<\/li>\n<li>d\u00e9finition d\u2019un cadre pour l\u2019autoconsommation.<\/li>\n<\/ul>\n<p>&nbsp;<\/p>\n","protected":false},"excerpt":{"rendered":"<p>Le SER (syndicat des \u00e9nergies renouvelables) a publi\u00e9, ce 20 janvier, ses propositions pour relancer le la fili\u00e8re photovolta\u00efque fran\u00e7aise. Le document pr\u00e9sent\u00e9 int\u00e8gre une s\u00e9rie de probl\u00e9matiques : programmation pluriannuelle d\u2019appels d\u2019offres pour les installations d\u2019une puissance sup\u00e9rieure \u00e0 250 kW\u00a0: 500 MW tous les six mois pendant trois ans au minimum. programmation d\u2019appels &hellip; <\/p>\n<p><a class=\"more-link btn\" href=\"https:\/\/www.enviroscop.fr\/actu\/2014\/01\/solaire-un-plan-de-relance-pour-le-photovoltaique-environnement-magazine\/\">Lire la suite<\/a><\/p>\n","protected":false},"author":1,"featured_media":0,"comment_status":"open","ping_status":"open","sticky":false,"template":"","format":"standard","meta":{"jetpack_post_was_ever_published":false,"_jetpack_newsletter_access":"","_jetpack_dont_email_post_to_subs":false,"_jetpack_newsletter_tier_id":0,"_jetpack_memberships_contains_paywalled_content":false,"_jetpack_memberships_contains_paid_content":false,"footnotes":"","jetpack_publicize_message":"","jetpack_publicize_feature_enabled":true,"jetpack_social_post_already_shared":true,"jetpack_social_options":{"image_generator_settings":{"template":"highway","default_image_id":0,"font":"","enabled":false},"version":2}},"categories":[22,7,68,43],"tags":[],"class_list":["post-1741","post","type-post","status-publish","format-standard","hentry","category-economie","category-energie","category-france","category-photovoltaique","item-wrap"],"jetpack_publicize_connections":[],"jetpack_featured_media_url":"","jetpack_shortlink":"https:\/\/wp.me\/p3rXAp-s5","jetpack_likes_enabled":true,"jetpack-related-posts":[{"id":193,"url":"https:\/\/www.enviroscop.fr\/actu\/2011\/08\/photovoltaique-une-nouvelle-etape-de-la-mise\/","url_meta":{"origin":1741,"position":0},"title":"Photovolta\u00efque : une nouvelle \u00e9tape de la mise en oeuvre des engagements du Gouvernement avec la publication du cahier des charges du 1er appel d&rsquo;offres","author":"Enviroscop","date":"19 ao\u00fbt 2011","format":false,"excerpt":"Le cahier des charges du 1er appel d???offres simplifi?? pour les installations sur b??timents entre 100 et 250 kWc (seuil ??quivalent une surface de toiture comprise entre 1 000 m et 2 500 m ) a ??t?? publi?? ce jour sur le site Internet de...","rel":"","context":"Dans &quot;Photovolta\u00efque&quot;","block_context":{"text":"Photovolta\u00efque","link":"https:\/\/www.enviroscop.fr\/actu\/category\/energie\/renouvelable\/photovoltaique\/"},"img":{"alt_text":"","src":"","width":0,"height":0},"classes":[]},{"id":513,"url":"https:\/\/www.enviroscop.fr\/actu\/2013\/03\/513\/","url_meta":{"origin":1741,"position":1},"title":"Appel d&rsquo;offre photovolta\u00efque","author":"Enviroscop","date":"27 mars 2013","format":false,"excerpt":"Notre Ministre, Delphine Batho, a annonc\u00e9 la publication du cahier des charges de l'appel d'offres pour les installations photovolta\u00efques de taille moyenne (puissance entre 100 et 250 kilowatts) au\u00a0Journal officiel de l'Union europ\u00e9enne\u00a0le 22 mars 2013 : \"L'appel d'offres porte sur la construction d'ici 2015 de 120 m\u00e9gawatts de projets\u2026","rel":"","context":"Dans &quot;Climat&quot;","block_context":{"text":"Climat","link":"https:\/\/www.enviroscop.fr\/actu\/category\/climat\/"},"img":{"alt_text":"","src":"","width":0,"height":0},"classes":[]},{"id":58,"url":"https:\/\/www.enviroscop.fr\/actu\/2011\/05\/photovoltaique-un-guide-pour-accompagner-la-r\/","url_meta":{"origin":1741,"position":2},"title":"Photovolta??que : un guide pour accompagner la r??alisation des ??tudes d???impact","author":"Enviroscop","date":"10 mai 2011","format":false,"excerpt":"Les installations photovolta??ques au sol contribuent l???atteinte des objectifs de la France en mati??re d?????nergies renouvelables, qui visent 23% de la consommation finale d?????nergie d???origine renouvelable l???horizon 2020. Le d??vel...","rel":"","context":"Dans &quot;Photovolta\u00efque&quot;","block_context":{"text":"Photovolta\u00efque","link":"https:\/\/www.enviroscop.fr\/actu\/category\/energie\/renouvelable\/photovoltaique\/"},"img":{"alt_text":"","src":"","width":0,"height":0},"classes":[]},{"id":72,"url":"https:\/\/www.enviroscop.fr\/actu\/2011\/05\/nouvelle-procedure-dappel-doffres-pour-les-in\/","url_meta":{"origin":1741,"position":3},"title":"Nouvelle proc??dure d&rsquo;appel d&rsquo;offres pour les installations de production d&rsquo;??lectricit??","author":"Enviroscop","date":"19 mai 2011","format":false,"excerpt":"Parcs ??oliens marins Elle portera sur l'installation de cinq parcs ??oliens en mer pour une puissance maximale de 3 000 MW, avec de nombreuses contraintes impos??es pour la bonne int??gration sociale et le d??veloppement industriel et int??gr...","rel":"","context":"Dans &quot;Eolien&quot;","block_context":{"text":"Eolien","link":"https:\/\/www.enviroscop.fr\/actu\/category\/energie\/renouvelable\/eolien\/"},"img":{"alt_text":"","src":"","width":0,"height":0},"classes":[]},{"id":327,"url":"https:\/\/www.enviroscop.fr\/actu\/2011\/07\/le-decret-sur-la-procedure-dappel-doffres-pho\/","url_meta":{"origin":1741,"position":4},"title":"Le d??cret sur la proc??dure d&rsquo;appel d&rsquo;offres photovolta??que","author":"Enviroscop","date":"6 juillet 2011","format":false,"excerpt":"Le d??cret qui modifie la proc??dure d'appel d'offres pour les installations de production d'??lectricit?? a ??t?? publi?? au Journal officiel du 30 juin 2011. Pour les projets photovolta??ques sur toitures de 100 ? 250 kilowatts, le texte met en...","rel":"","context":"Dans &quot;Juridique&quot;","block_context":{"text":"Juridique","link":"https:\/\/www.enviroscop.fr\/actu\/category\/juridique\/"},"img":{"alt_text":"","src":"","width":0,"height":0},"classes":[]},{"id":1287,"url":"https:\/\/www.enviroscop.fr\/actu\/2013\/07\/photovoltaique-nouvelle-baisse-des-tarifs-dachat-du-1er-juillet-au-30-septembre-2013\/","url_meta":{"origin":1741,"position":5},"title":"Photovolta\u00efque : nouvelle baisse des tarifs d&rsquo;achat du 1er juillet au 30 septembre 2013","author":"Enviroscop","date":"23 juillet 2013","format":false,"excerpt":"Pour le troisi\u00e8me trimestre 2013, les tarifs d'achat photovolta\u00efque sont en baisse de 3,5% pour les installations photovolta\u00efques int\u00e9gr\u00e9es au b\u00e2ti et de 9,5% pour les installations correspondant \u00e0 une int\u00e9gration simplifi\u00e9e au b\u00e2ti. Apr\u00e8s une baisse des tarifs d'achat de 2,6% pour les installations photovolta\u00efques int\u00e9gr\u00e9es au b\u00e2ti (IAB)\u2026","rel":"","context":"Dans &quot;Economie&quot;","block_context":{"text":"Economie","link":"https:\/\/www.enviroscop.fr\/actu\/category\/activite\/economie\/"},"img":{"alt_text":"","src":"https:\/\/i0.wp.com\/www.enviroscop.fr\/actu\/wp-content\/uploads\/2013\/05\/20111027_165307_panneau-solaire-photovoltaique.jpg?resize=350%2C200","width":350,"height":200},"classes":[]}],"jetpack_sharing_enabled":true,"_links":{"self":[{"href":"https:\/\/www.enviroscop.fr\/actu\/wp-json\/wp\/v2\/posts\/1741","targetHints":{"allow":["GET"]}}],"collection":[{"href":"https:\/\/www.enviroscop.fr\/actu\/wp-json\/wp\/v2\/posts"}],"about":[{"href":"https:\/\/www.enviroscop.fr\/actu\/wp-json\/wp\/v2\/types\/post"}],"author":[{"embeddable":true,"href":"https:\/\/www.enviroscop.fr\/actu\/wp-json\/wp\/v2\/users\/1"}],"replies":[{"embeddable":true,"href":"https:\/\/www.enviroscop.fr\/actu\/wp-json\/wp\/v2\/comments?post=1741"}],"version-history":[{"count":0,"href":"https:\/\/www.enviroscop.fr\/actu\/wp-json\/wp\/v2\/posts\/1741\/revisions"}],"wp:attachment":[{"href":"https:\/\/www.enviroscop.fr\/actu\/wp-json\/wp\/v2\/media?parent=1741"}],"wp:term":[{"taxonomy":"category","embeddable":true,"href":"https:\/\/www.enviroscop.fr\/actu\/wp-json\/wp\/v2\/categories?post=1741"},{"taxonomy":"post_tag","embeddable":true,"href":"https:\/\/www.enviroscop.fr\/actu\/wp-json\/wp\/v2\/tags?post=1741"}],"curies":[{"name":"wp","href":"https:\/\/api.w.org\/{rel}","templated":true}]}}