{"id":176,"date":"2013-02-07T06:25:00","date_gmt":"2013-02-07T06:25:00","guid":{"rendered":"http:\/\/actu.enviroscop.com\/code-minier-les-grands-principes-de-la-reform"},"modified":"2013-02-07T06:25:00","modified_gmt":"2013-02-07T06:25:00","slug":"code-minier-les-grands-principes-de-la-reform","status":"publish","type":"post","link":"https:\/\/www.enviroscop.fr\/actu\/2013\/02\/code-minier-les-grands-principes-de-la-reform\/","title":{"rendered":"Code minier : les grands principes de la r\u00e9forme"},"content":{"rendered":"<div class=\"introductory\" style=\"margin:0;padding:0;color:#1d1d1d;font-family:Helvetica Neue, Arial, Helvetica, Geneva, sans-serif;font-size:12px;\">\n<p>La ministre de l\u2019\u00e9cologie, du d\u00e9veloppement durable et de l\u2019\u00e9nergie a pr\u00e9sent\u00e9 le 06 f\u00e9vrier en Conseil des ministres (avec le ministre du redressement productif et en association avec le ministre des outre-mer) les grands principes de la r\u00e9forme du code minier.<\/p>\n<p><span style=\"line-height:1.5;\">Le communiqu\u00e9 de presse publi\u00e9 \u00e0 la suite du Conseil des ministres\u00a0<\/span><a style=\"line-height:1.5;\" href=\"http:\/\/www.gouvernement.fr\/gouvernement\/les-grands-principes-de-la-reforme-du-code-minier\">peut \u00eatre consult\u00e9 ICI<\/a><\/p>\n<p>L&rsquo;analyse de notre confr\u00e8re Arnaud Gossement\u00a0<a href=\"http:\/\/www.arnaudgossement.com\/archive\/2013\/02\/06\/code-minier-le-gouvernement-presente-les-grands-principes-de.html\" target=\"_blank\">peut \u00eatre consult\u00e9e ICI<\/a><\/p>\n<p>&nbsp;<\/p>\n<\/div>\n","protected":false},"excerpt":{"rendered":"<p>07\/02\/2013 La ministre de l?????cologie, du d??veloppement durable et de l?????nergie a pr??sent?? le 06 f??vrier en Conseil des ministres (avec le ministre du redressement productif et en association avec le ministre des outre-mer) les grands pri&#8230;<\/p>\n","protected":false},"author":1,"featured_media":0,"comment_status":"open","ping_status":"open","sticky":false,"template":"","format":"standard","meta":{"jetpack_post_was_ever_published":false,"_jetpack_newsletter_access":"","_jetpack_dont_email_post_to_subs":false,"_jetpack_newsletter_tier_id":0,"_jetpack_memberships_contains_paywalled_content":false,"_jetpack_memberships_contains_paid_content":false,"footnotes":"","jetpack_publicize_message":"","jetpack_publicize_feature_enabled":true,"jetpack_social_post_already_shared":false,"jetpack_social_options":{"image_generator_settings":{"template":"highway","default_image_id":0,"font":"","enabled":false},"version":2}},"categories":[13],"tags":[],"class_list":["post-176","post","type-post","status-publish","format-standard","hentry","category-carrieres","item-wrap"],"jetpack_publicize_connections":[],"jetpack_featured_media_url":"","jetpack_shortlink":"https:\/\/wp.me\/p3rXAp-2Q","jetpack_likes_enabled":true,"jetpack-related-posts":[{"id":330,"url":"https:\/\/www.enviroscop.fr\/actu\/2013\/01\/letat-investit-dans-le-deploiement-des-eolien\/","url_meta":{"origin":176,"position":0},"title":"L&rsquo;Etat investit dans le d\u00e9ploiement des \u00e9oliennes offshore","author":"Enviroscop","date":"23 janvier 2013","format":false,"excerpt":"23\/01\/13 Lundi 21 janvier 2013, le premier ministre Jean-Marc Ayrault,en pr??sence de Fran??ois Moisan Directeur ex??cutif de l???ADEME, de Patrick Kron pr??sident d'Alstom, des ministres Pierre Moscovici ministre de l'??conomie et des Finances, A...","rel":"","context":"Dans &quot;ADEME&quot;","block_context":{"text":"ADEME","link":"https:\/\/www.enviroscop.fr\/actu\/category\/source\/ademe\/"},"img":{"alt_text":"","src":"","width":0,"height":0},"classes":[]},{"id":1955,"url":"https:\/\/www.enviroscop.fr\/actu\/2014\/06\/loi-de-programmation-sur-la-transition-energetique\/","url_meta":{"origin":176,"position":1},"title":"Loi de programmation sur la transition \u00e9nerg\u00e9tique","author":"Enviroscop","date":"5 juin 2014","format":false,"excerpt":"Les grandes lignes du\u00a0projet de loi de programmation sur la transition \u00e9nerg\u00e9tique seront pr\u00e9sent\u00e9es par S\u00e9gol\u00e8ne Royal, ministre de l'Ecologie et de l'Energie, lors du Conseil des ministres du 11 juin prochain. Ce texte sera ensuite soumis aux diff\u00e9rentes commissions consultatives : conseil national de la transition \u00e9nerg\u00e9tique (CNTE), conseil\u2026","rel":"","context":"Dans &quot;Economie&quot;","block_context":{"text":"Economie","link":"https:\/\/www.enviroscop.fr\/actu\/category\/activite\/economie\/"},"img":{"alt_text":"","src":"","width":0,"height":0},"classes":[]},{"id":2790,"url":"https:\/\/www.enviroscop.fr\/actu\/2017\/04\/communique-en-conseil-des-ministres-loi-de-ratification-autorisation-environnementale\/","url_meta":{"origin":176,"position":2},"title":"Communiqu\u00e9 en Conseil des ministres : loi de ratification &#8211; autorisation environnementale","author":"Enviroscop","date":"10 avril 2017","format":false,"excerpt":"La Ministre de l\u2019Environnement, de l\u2019\u00c9nergie et de la Mer, charg\u00e9e des Relations internationales sur le climat a pr\u00e9sent\u00e9 la loi de ratification de l\u2019ordonnance relative \u00e0 l\u2019autorisation environnementale. Cette ordonnance a \u00e9t\u00e9 prise en application de l\u2019article\u00a0103 de la loi n\u00b0\u00a02015-990 du 6\u00a0ao\u00fbt pour la croissance, l\u2019activit\u00e9 et l\u2019\u00e9galit\u00e9\u2026","rel":"","context":"Dans &quot;Etude d'impact&quot;","block_context":{"text":"Etude d'impact","link":"https:\/\/www.enviroscop.fr\/actu\/category\/evaluation\/etude-dimpact\/"},"img":{"alt_text":"","src":"","width":0,"height":0},"classes":[]},{"id":1868,"url":"https:\/\/www.enviroscop.fr\/actu\/2014\/03\/biodiversite-presentation-du-projet-de-loi-en-conseil-des-ministres\/","url_meta":{"origin":176,"position":3},"title":"Biodiversit\u00e9 : pr\u00e9sentation du projet de loi en conseil des ministres","author":"Enviroscop","date":"26 mars 2014","format":false,"excerpt":"Le Ministre de l'\u00e9cologie vient de pr\u00e9senter ce matin en Conseil des ministres un texte tr\u00e8s important et int\u00e9ressant: le projet de loi relatif \u00e0 la biodiversit\u00e9. L'\u00e9quipe de notre conf\u00e8re Arnaud Gossement vous propose le texte et son d\u00e9cryptage sur :\u00a0Biodiversit\u00e9 : pr\u00e9sentation du projet de loi en conseil\u2026","rel":"","context":"Dans &quot;biodiversit\u00e9&quot;","block_context":{"text":"biodiversit\u00e9","link":"https:\/\/www.enviroscop.fr\/actu\/category\/nature\/biodiversite\/"},"img":{"alt_text":"","src":"","width":0,"height":0},"classes":[]},{"id":2250,"url":"https:\/\/www.enviroscop.fr\/actu\/2015\/02\/manuel-valls-et-segolene-royal-presentent-la-feuille-de-route-issue-de-la-conference-environnementale\/","url_meta":{"origin":176,"position":4},"title":"Manuel Valls et S\u00e9gol\u00e8ne Royal pr\u00e9sentent la feuille de route issue de la conf\u00e9rence environnementale","author":"Enviroscop","date":"5 f\u00e9vrier 2015","format":false,"excerpt":"74 mesures pour faire de la France le pays de l\u2019excellence environnementale. C\u2019est l\u2019objectif de la feuille de route issue de la troisi\u00e8me conf\u00e9rence environnementale adopt\u00e9e par le Gouvernement en Conseil des ministres le 4 f\u00e9vrier et pr\u00e9sent\u00e9e ensuite aux membres du Conseil national de la transition \u00e9cologique par le\u2026","rel":"","context":"Dans &quot;durable&quot;","block_context":{"text":"durable","link":"https:\/\/www.enviroscop.fr\/actu\/category\/durable\/"},"img":{"alt_text":"","src":"","width":0,"height":0},"classes":[]},{"id":1825,"url":"https:\/\/www.enviroscop.fr\/actu\/2014\/02\/transition-ecologique-publication-des-lettres-de-cadrage-2014-ministere-du-developpement-durable\/","url_meta":{"origin":176,"position":5},"title":"Transition \u00e9cologique : publication des lettres de cadrage 2014 &#8211; Minist\u00e8re du D\u00e9veloppement durable","author":"Enviroscop","date":"20 f\u00e9vrier 2014","format":false,"excerpt":"Philippe Martin a pr\u00e9sent\u00e9, le 19 f\u00e9vrier 2014, une communication relative aux lettres de cadrage pour la transition \u00e9cologique au Conseil des ministres. Depuis 20 mois, le Gouvernement a amplifi\u00e9 l\u2019engagement de la France sur la voie de la transition \u00e9cologiqueIl a r\u00e9uni, en septembre 2012 et 2013, deux Conf\u00e9rences\u2026","rel":"","context":"Dans &quot;Climat&quot;","block_context":{"text":"Climat","link":"https:\/\/www.enviroscop.fr\/actu\/category\/climat\/"},"img":{"alt_text":"","src":"","width":0,"height":0},"classes":[]}],"jetpack_sharing_enabled":true,"_links":{"self":[{"href":"https:\/\/www.enviroscop.fr\/actu\/wp-json\/wp\/v2\/posts\/176","targetHints":{"allow":["GET"]}}],"collection":[{"href":"https:\/\/www.enviroscop.fr\/actu\/wp-json\/wp\/v2\/posts"}],"about":[{"href":"https:\/\/www.enviroscop.fr\/actu\/wp-json\/wp\/v2\/types\/post"}],"author":[{"embeddable":true,"href":"https:\/\/www.enviroscop.fr\/actu\/wp-json\/wp\/v2\/users\/1"}],"replies":[{"embeddable":true,"href":"https:\/\/www.enviroscop.fr\/actu\/wp-json\/wp\/v2\/comments?post=176"}],"version-history":[{"count":0,"href":"https:\/\/www.enviroscop.fr\/actu\/wp-json\/wp\/v2\/posts\/176\/revisions"}],"wp:attachment":[{"href":"https:\/\/www.enviroscop.fr\/actu\/wp-json\/wp\/v2\/media?parent=176"}],"wp:term":[{"taxonomy":"category","embeddable":true,"href":"https:\/\/www.enviroscop.fr\/actu\/wp-json\/wp\/v2\/categories?post=176"},{"taxonomy":"post_tag","embeddable":true,"href":"https:\/\/www.enviroscop.fr\/actu\/wp-json\/wp\/v2\/tags?post=176"}],"curies":[{"name":"wp","href":"https:\/\/api.w.org\/{rel}","templated":true}]}}