{"id":177,"date":"2011-12-20T07:51:00","date_gmt":"2011-12-20T06:51:00","guid":{"rendered":"http:\/\/actu.enviroscop.com\/un-peu-de-culture"},"modified":"2013-04-26T12:54:39","modified_gmt":"2013-04-26T11:54:39","slug":"un-peu-de-culture","status":"publish","type":"post","link":"https:\/\/www.enviroscop.fr\/actu\/2011\/12\/un-peu-de-culture\/","title":{"rendered":"Un peu de culture"},"content":{"rendered":"<p>mais qui concerne l&rsquo;urbanisme et les \u00e9nergies renouvelables&#8230;<\/p>\n<p>&nbsp;<\/p>\n<p><a href=\"http:\/\/www.localtis.info\/cs\/ContentServer?pagename=Localtis\/LOCActu\/ArticleActualite&amp;jid=1250262934055&amp;cid=1250262928730\" target=\"_blank\">Un article de Localtis.info sur les AVAP et les \u00e9oliennes<\/a><\/p>\n","protected":false},"excerpt":{"rendered":"<p>mais qui concerne l&rsquo;urbanisme et les ??nergies renouvelables&#8230; Un article de Localtis.info sur les AVAP et les ??oliennes<\/p>\n","protected":false},"author":1,"featured_media":0,"comment_status":"open","ping_status":"open","sticky":false,"template":"","format":"standard","meta":{"jetpack_post_was_ever_published":false,"_jetpack_newsletter_access":"","_jetpack_dont_email_post_to_subs":false,"_jetpack_newsletter_tier_id":0,"_jetpack_memberships_contains_paywalled_content":false,"_jetpack_memberships_contains_paid_content":false,"footnotes":"","jetpack_publicize_message":"","jetpack_publicize_feature_enabled":true,"jetpack_social_post_already_shared":false,"jetpack_social_options":{"image_generator_settings":{"template":"highway","default_image_id":0,"font":"","enabled":false},"version":2}},"categories":[8,41],"tags":[],"class_list":["post-177","post","type-post","status-publish","format-standard","hentry","category-eolien","category-paysage","item-wrap"],"jetpack_publicize_connections":[],"jetpack_featured_media_url":"","jetpack_shortlink":"https:\/\/wp.me\/p3rXAp-2R","jetpack_likes_enabled":true,"jetpack-related-posts":[{"id":1710,"url":"https:\/\/www.enviroscop.fr\/actu\/2014\/01\/le-cerema-un-nouvel-etablissement-issu-de-la-fusion-de-onze-services-ministeriels-localtis-info-un-service-caisse-des-depots\/","url_meta":{"origin":177,"position":0},"title":"Le Cerema, un nouvel \u00e9tablissement issu de la fusion de onze services minist\u00e9riels &#8211; Localtis.info un service Caisse des D\u00e9p\u00f4ts","author":"Enviroscop","date":"7 janvier 2014","format":false,"excerpt":"Un d\u00e9cret du 27 d\u00e9cembre 2013 fixe les modalit\u00e9s d'organisation et de fonctionnement du Centre d'\u00e9tudes et d'expertise sur les risques, l'environnement, la mobilit\u00e9 et l'am\u00e9nagement (Cerema). Depuis le 1er janvier, ce nouvel \u00e9tablissement \u00e0 caract\u00e8re administratif fusionne les huit centres d'\u00e9tudes techniques de l'\u00e9quipement (Cete), le Centre d'\u00e9tudes sur\u2026","rel":"","context":"Dans &quot;Am\u00e9nagement&quot;","block_context":{"text":"Am\u00e9nagement","link":"https:\/\/www.enviroscop.fr\/actu\/category\/amenagement\/"},"img":{"alt_text":"","src":"","width":0,"height":0},"classes":[]},{"id":5323,"url":"https:\/\/www.enviroscop.fr\/actu\/2023\/08\/consultation-publique-decret-pour-la-gestion-des-espaces-de-stationnement-photovoltaique-et-verdissement\/","url_meta":{"origin":177,"position":1},"title":"Consultation publique : d\u00e9cret pour la gestion des espaces de stationnement : photovolta\u00efque et verdissement","author":"Enviroscop","date":"25 ao\u00fbt 2023","format":false,"excerpt":"Publics concern\u00e9s : ma\u00eetres d'ouvrage, ma\u00eetres d'\u0153uvre, constructeurs et promoteurs, architectes, bureaux d'\u00e9tudes, gestionnaires et propri\u00e9taires de parc de stationnement, services de l\u2019Etat, collectivit\u00e9s territoriales et leurs groupements, \u00e9tablissements publics, en France m\u00e9tropolitaine et en outre-mer. Objet : Ce d\u00e9cret a pour objet la d\u00e9finition de la superficie et de\u2026","rel":"","context":"Dans &quot;Enviroscop&quot;","block_context":{"text":"Enviroscop","link":"https:\/\/www.enviroscop.fr\/actu\/category\/non-classe\/"},"img":{"alt_text":"","src":"https:\/\/i0.wp.com\/www.enviroscop.fr\/actu\/wp-content\/uploads\/2013\/05\/17141_une.jpg?resize=350%2C200&ssl=1","width":350,"height":200},"classes":[]},{"id":2194,"url":"https:\/\/www.enviroscop.fr\/actu\/2015\/01\/les-elements-de-production-denergie-que-le-reglement-durbanisme-ne-peut-interdire\/","url_meta":{"origin":177,"position":2},"title":"Les \u00e9l\u00e9ments de production d&rsquo;\u00e9nergie que le r\u00e8glement d&rsquo;urbanisme ne peut interdire","author":"Enviroscop","date":"7 janvier 2015","format":false,"excerpt":"Arr\u00eat\u00e9 du 19 d\u00e9cembre 2014 relatif aux caract\u00e9ristiques des syst\u00e8mes de production d'\u00e9nergie \u00e0 partir de sources renouvelables mentionn\u00e9s \u00e0 l'article R. 111-50 du code de l'urbanisme Publics concern\u00e9s : collectivit\u00e9s territoriales, ma\u00eetres d'ouvrage, ma\u00eetres d'\u0153uvre, constructeurs et promoteurs, architectes, bureaux d'\u00e9tudes thermiques, entreprises du b\u00e2timent, de mat\u00e9riaux de construction\u2026","rel":"","context":"Dans &quot;Arr\u00eat\u00e9&quot;","block_context":{"text":"Arr\u00eat\u00e9","link":"https:\/\/www.enviroscop.fr\/actu\/category\/juridique\/arrete\/"},"img":{"alt_text":"","src":"","width":0,"height":0},"classes":[]},{"id":1451,"url":"https:\/\/www.enviroscop.fr\/actu\/2013\/09\/projet-de-loi-alur-les-deputes-adoptent-le-volet-urbanisme-avec-le-plui-localtis-info-un-service-caisse-des-depots\/","url_meta":{"origin":177,"position":3},"title":"Projet de loi Alur : les d\u00e9put\u00e9s adoptent le volet urbanisme avec le PLUi &#8211; Localtis.info un service Caisse des D\u00e9p\u00f4ts","author":"Enviroscop","date":"18 septembre 2013","format":false,"excerpt":"L'Assembl\u00e9e nationale a adopt\u00e9 ce 17 septembre en premi\u00e8re lecture le projet de loi pour l'acc\u00e8s au logement et un urbanisme r\u00e9nov\u00e9 (Alur). Lors de l'examen du volet urbanisme du texte le 13 septembre, les d\u00e9put\u00e9s ont vot\u00e9 sans modification les dispositions concernant le plan local d'urbanisme intercommunal. Ils ont\u2026","rel":"","context":"Dans &quot;Juridique&quot;","block_context":{"text":"Juridique","link":"https:\/\/www.enviroscop.fr\/actu\/category\/juridique\/"},"img":{"alt_text":"","src":"","width":0,"height":0},"classes":[]},{"id":1748,"url":"https:\/\/www.enviroscop.fr\/actu\/2014\/01\/paquet-climat-energie-2030-bruxelles-propose-un-objectif-dau-moins-27-denergies-renouvelables\/","url_meta":{"origin":177,"position":4},"title":"Paquet climat-\u00e9nergie 2030 : Bruxelles propose un objectif d&rsquo;au moins 27% d&rsquo;\u00e9nergies renouvelables","author":"Enviroscop","date":"24 janvier 2014","format":false,"excerpt":"La Commission europ\u00e9enne a pr\u00e9sent\u00e9 le 22 janvier ses propositions pour le futur paquet climat-\u00e9nergie qui doit \u00eatre examin\u00e9 lors du Sommet europ\u00e9en des 20 et 21 mars \u00e0 Bruxelles. Elle recommande un double objectif contraignant : une r\u00e9duction de 40% des \u00e9missions de gaz \u00e0 effet de serre (GES)\u2026","rel":"","context":"Dans &quot;Air&quot;","block_context":{"text":"Air","link":"https:\/\/www.enviroscop.fr\/actu\/category\/compartiments\/air\/"},"img":{"alt_text":"","src":"","width":0,"height":0},"classes":[]},{"id":5205,"url":"https:\/\/www.enviroscop.fr\/actu\/2023\/04\/leurope-se-fixe-un-objectif-de-425-de-renouvelables-dici-2030\/","url_meta":{"origin":177,"position":5},"title":"L&rsquo;Europe se fixe un objectif de 42,5% de renouvelables d\u2019ici 2030","author":"Enviroscop","date":"4 avril 2023","format":false,"excerpt":"L'accord trouv\u00e9 jeudi 30 mars sur la directive RED III boucle le marathon des textes du paquet \"Fit for 55\" port\u00e9 par la pr\u00e9sidente de la Commission, Ursula von der Leyen. Le Conseil et le Parlement ont arr\u00eat\u00e9 un objectif de 42,5% de renouvelables dans la consommation finale d'ici \u00e0\u2026","rel":"","context":"Dans &quot;Energie&quot;","block_context":{"text":"Energie","link":"https:\/\/www.enviroscop.fr\/actu\/category\/energie\/"},"img":{"alt_text":"\u00e9oliennes ","src":"https:\/\/i0.wp.com\/www.banquedesterritoires.fr\/sites\/default\/files\/styles\/landscape_auto_crop\/public\/2023-03\/Sanhjghjffghjjjjjjjjjjjjjjs%20titre-1.jpg?resize=350%2C200&ssl=1","width":350,"height":200,"srcset":"https:\/\/i0.wp.com\/www.banquedesterritoires.fr\/sites\/default\/files\/styles\/landscape_auto_crop\/public\/2023-03\/Sanhjghjffghjjjjjjjjjjjjjjs%20titre-1.jpg?resize=350%2C200&ssl=1 1x, https:\/\/i0.wp.com\/www.banquedesterritoires.fr\/sites\/default\/files\/styles\/landscape_auto_crop\/public\/2023-03\/Sanhjghjffghjjjjjjjjjjjjjjs%20titre-1.jpg?resize=525%2C300&ssl=1 1.5x, https:\/\/i0.wp.com\/www.banquedesterritoires.fr\/sites\/default\/files\/styles\/landscape_auto_crop\/public\/2023-03\/Sanhjghjffghjjjjjjjjjjjjjjs%20titre-1.jpg?resize=700%2C400&ssl=1 2x"},"classes":[]}],"jetpack_sharing_enabled":true,"_links":{"self":[{"href":"https:\/\/www.enviroscop.fr\/actu\/wp-json\/wp\/v2\/posts\/177","targetHints":{"allow":["GET"]}}],"collection":[{"href":"https:\/\/www.enviroscop.fr\/actu\/wp-json\/wp\/v2\/posts"}],"about":[{"href":"https:\/\/www.enviroscop.fr\/actu\/wp-json\/wp\/v2\/types\/post"}],"author":[{"embeddable":true,"href":"https:\/\/www.enviroscop.fr\/actu\/wp-json\/wp\/v2\/users\/1"}],"replies":[{"embeddable":true,"href":"https:\/\/www.enviroscop.fr\/actu\/wp-json\/wp\/v2\/comments?post=177"}],"version-history":[{"count":0,"href":"https:\/\/www.enviroscop.fr\/actu\/wp-json\/wp\/v2\/posts\/177\/revisions"}],"wp:attachment":[{"href":"https:\/\/www.enviroscop.fr\/actu\/wp-json\/wp\/v2\/media?parent=177"}],"wp:term":[{"taxonomy":"category","embeddable":true,"href":"https:\/\/www.enviroscop.fr\/actu\/wp-json\/wp\/v2\/categories?post=177"},{"taxonomy":"post_tag","embeddable":true,"href":"https:\/\/www.enviroscop.fr\/actu\/wp-json\/wp\/v2\/tags?post=177"}],"curies":[{"name":"wp","href":"https:\/\/api.w.org\/{rel}","templated":true}]}}