{"id":18,"date":"2013-01-17T16:06:00","date_gmt":"2013-01-17T16:06:00","guid":{"rendered":"http:\/\/actu.enviroscop.com\/et-enfin-le-site"},"modified":"2013-01-17T16:06:00","modified_gmt":"2013-01-17T16:06:00","slug":"et-enfin-le-site","status":"publish","type":"post","link":"https:\/\/www.enviroscop.fr\/actu\/2013\/01\/et-enfin-le-site\/","title":{"rendered":"Et enfin, le site&#8230;"},"content":{"rendered":"<p>Toujours la m&ecirc;me adresse : <a href=\"http:\/\/www.enviroscop.fr\" title=\"le site\" target=\"_blank\">www.enviroscop.fr<\/a><\/p>\n<p><div class='p_embed p_image_embed'><img data-recalc-dims=\"1\" loading=\"lazy\" decoding=\"async\" alt=\"Vignette\" height=\"130\" src=\"https:\/\/i0.wp.com\/www.enviroscop.fr\/actu\/wp-content\/uploads\/2013\/02\/vignette-scaled500.jpg?resize=200%2C130&#038;ssl=1\" width=\"200\" \/><\/div><\/p>\n","protected":false},"excerpt":{"rendered":"<p>Toujours la m??me adresse : www.enviroscop.fr<\/p>\n","protected":false},"author":1,"featured_media":0,"comment_status":"open","ping_status":"open","sticky":false,"template":"","format":"standard","meta":{"jetpack_post_was_ever_published":false,"_jetpack_newsletter_access":"","_jetpack_dont_email_post_to_subs":false,"_jetpack_newsletter_tier_id":0,"_jetpack_memberships_contains_paywalled_content":false,"_jetpack_memberships_contains_paid_content":false,"footnotes":"","jetpack_publicize_message":"","jetpack_publicize_feature_enabled":true,"jetpack_social_post_already_shared":false,"jetpack_social_options":{"image_generator_settings":{"template":"highway","default_image_id":0,"font":"","enabled":false},"version":2}},"categories":[25],"tags":[],"class_list":["post-18","post","type-post","status-publish","format-standard","hentry","category-enviroscop","item-wrap"],"jetpack_publicize_connections":[],"jetpack_featured_media_url":"","jetpack_shortlink":"https:\/\/wp.me\/p3rXAp-i","jetpack_likes_enabled":true,"jetpack-related-posts":[{"id":295,"url":"https:\/\/www.enviroscop.fr\/actu\/2011\/11\/etalement-urbain-propositions-et-analyse\/","url_meta":{"origin":18,"position":0},"title":"Etalement urbain, propositions et analyse","author":"Enviroscop","date":"18 novembre 2011","format":false,"excerpt":"Les villes grignotent toujours un peu plus d???espace. Cet ??talement urbain a ??t?? rendu possible par le d??veloppement de l???automobile et il est favoris?? par la pr??dilection des fran??ais pour la maison individuelle. Pourquoi en sommes-nous...","rel":"","context":"Dans &quot;urbanisation&quot;","block_context":{"text":"urbanisation","link":"https:\/\/www.enviroscop.fr\/actu\/category\/amenagement\/urbanisme\/urbanisation\/"},"img":{"alt_text":"","src":"","width":0,"height":0},"classes":[]},{"id":106,"url":"https:\/\/www.enviroscop.fr\/actu\/2011\/01\/donnees-ign-le-referentiel-grande-echelle-gra\/","url_meta":{"origin":18,"position":1},"title":"Donn??es IGN : le r??f??rentiel \u00ab\u00a0grande ??chelle\u00a0\u00bb gratuit pour les collectivit??s","author":"Enviroscop","date":"10 janvier 2011","format":false,"excerpt":"La mise en oeuvre de cette d??cision sera effective au 1er janvier 2011 sans effet r??troactif et concernera le seul r??f??rentiel grande ??chelle avec ses quatre composantes ??? BD ORTHO, BD TOPO, BD Adresse et BD Parcellaire. La mise dispo...","rel":"","context":"Dans &quot;SIG&quot;","block_context":{"text":"SIG","link":"https:\/\/www.enviroscop.fr\/actu\/category\/sig\/"},"img":{"alt_text":"","src":"","width":0,"height":0},"classes":[]},{"id":1969,"url":"https:\/\/www.enviroscop.fr\/actu\/2014\/06\/transition-energetique-le-texte-definitif-du-projet-de-loi-et-son-expose-des-motifs\/","url_meta":{"origin":18,"position":2},"title":"Transition \u00e9nerg\u00e9tique : le texte d\u00e9finitif du projet de loi et son expos\u00e9 des motifs","author":"Enviroscop","date":"19 juin 2014","format":false,"excerpt":"Dans son blog, Arnaud gossement vous propose de t\u00e9l\u00e9charger le texte d\u00e9finitif du projet de loi de programmation pour la transition \u00e9nerg\u00e9tique qui a \u00e9t\u00e9 adress\u00e9 hier soir au Conseil national de la transition \u00e9nerg\u00e9tique. Vous pouvez t\u00e9l\u00e9charger ci-apr\u00e8s : le texte du projet de loi de programmation pour la\u2026","rel":"","context":"Dans &quot;Energie&quot;","block_context":{"text":"Energie","link":"https:\/\/www.enviroscop.fr\/actu\/category\/energie\/"},"img":{"alt_text":"","src":"","width":0,"height":0},"classes":[]},{"id":269,"url":"https:\/\/www.enviroscop.fr\/actu\/2010\/12\/eoliennes-et-chauves-souris\/","url_meta":{"origin":18,"position":3},"title":"Eoliennes et chauves-souris","author":"Enviroscop","date":"2 d\u00e9cembre 2010","format":false,"excerpt":"Eoliennes et chauves-souris ne font pas toujours bon m??nage. Notre confr??re Biotope a mis au point un syst??me qui limite les impacts n??gatifs de plus de moiti??, pour une tr??s faible perte de production. Partant du principe que les chauves-so...","rel":"","context":"Dans &quot;biodiversit\u00e9&quot;","block_context":{"text":"biodiversit\u00e9","link":"https:\/\/www.enviroscop.fr\/actu\/category\/nature\/biodiversite\/"},"img":{"alt_text":"","src":"","width":0,"height":0},"classes":[]},{"id":239,"url":"https:\/\/www.enviroscop.fr\/actu\/2011\/09\/llinvestissement-citoyen-enfin-possible-facil\/","url_meta":{"origin":18,"position":4},"title":"L&rsquo;investissement citoyen enfin possible facilement","author":"Enviroscop","date":"28 septembre 2011","format":false,"excerpt":"Vis?? par l'AMF (n 11-417) la premi??re souscription citoyenne pour le d??veloppement des ??nergies renouvelables et des ??conomies d'??nergie est lanc??e en France. Plus d'info sur le site Energie-partagee.org","rel":"","context":"Dans &quot;Energie&quot;","block_context":{"text":"Energie","link":"https:\/\/www.enviroscop.fr\/actu\/category\/energie\/"},"img":{"alt_text":"","src":"","width":0,"height":0},"classes":[]},{"id":2659,"url":"https:\/\/www.enviroscop.fr\/actu\/2016\/09\/1re-edition-des-rencontres-normandes-du-developpement-durable-rndd\/","url_meta":{"origin":18,"position":5},"title":"1re \u00e9dition des Rencontres Normandes du D\u00e9veloppement Durable (RNDD)","author":"Enviroscop","date":"7 septembre 2016","format":false,"excerpt":"Cette ann\u00e9e, dans le cadre de la r\u00e9unification des Normandie, la R\u00e9gion s\u2019associe \u00e0 l\u2019Agence R\u00e9gionale de l\u2019Environnement de Normandie pour organiser cet \u00e9v\u00e9nement. Il s\u2019agira avant tout de poursuivre et d\u2019amplifier l\u2019interconnaissance entre les acteurs des 2 anciennes Normandie afin de favoriser l\u2019\u00e9mergence de nouveaux projets. Alors, prenez vite\u2026","rel":"","context":"Dans &quot;durable&quot;","block_context":{"text":"durable","link":"https:\/\/www.enviroscop.fr\/actu\/category\/durable\/"},"img":{"alt_text":"","src":"","width":0,"height":0},"classes":[]}],"jetpack_sharing_enabled":true,"_links":{"self":[{"href":"https:\/\/www.enviroscop.fr\/actu\/wp-json\/wp\/v2\/posts\/18","targetHints":{"allow":["GET"]}}],"collection":[{"href":"https:\/\/www.enviroscop.fr\/actu\/wp-json\/wp\/v2\/posts"}],"about":[{"href":"https:\/\/www.enviroscop.fr\/actu\/wp-json\/wp\/v2\/types\/post"}],"author":[{"embeddable":true,"href":"https:\/\/www.enviroscop.fr\/actu\/wp-json\/wp\/v2\/users\/1"}],"replies":[{"embeddable":true,"href":"https:\/\/www.enviroscop.fr\/actu\/wp-json\/wp\/v2\/comments?post=18"}],"version-history":[{"count":0,"href":"https:\/\/www.enviroscop.fr\/actu\/wp-json\/wp\/v2\/posts\/18\/revisions"}],"wp:attachment":[{"href":"https:\/\/www.enviroscop.fr\/actu\/wp-json\/wp\/v2\/media?parent=18"}],"wp:term":[{"taxonomy":"category","embeddable":true,"href":"https:\/\/www.enviroscop.fr\/actu\/wp-json\/wp\/v2\/categories?post=18"},{"taxonomy":"post_tag","embeddable":true,"href":"https:\/\/www.enviroscop.fr\/actu\/wp-json\/wp\/v2\/tags?post=18"}],"curies":[{"name":"wp","href":"https:\/\/api.w.org\/{rel}","templated":true}]}}