{"id":1837,"date":"2014-03-10T09:46:12","date_gmt":"2014-03-10T08:46:12","guid":{"rendered":"http:\/\/www.enviroscop.fr\/actu\/?p=1837"},"modified":"2014-03-10T09:46:12","modified_gmt":"2014-03-10T08:46:12","slug":"le-conseil-detat-transmet-une-question-prioritaire-de-constitutionnalite-sur-les-schemas-regionaux-du-climat-de-lair-et-de-lenergie","status":"publish","type":"post","link":"https:\/\/www.enviroscop.fr\/actu\/2014\/03\/le-conseil-detat-transmet-une-question-prioritaire-de-constitutionnalite-sur-les-schemas-regionaux-du-climat-de-lair-et-de-lenergie\/","title":{"rendered":"Le Conseil d&rsquo;Etat transmet une question prioritaire de constitutionnalit\u00e9 sur les sch\u00e9mas r\u00e9gionaux du climat, de l&rsquo;air et de l&rsquo;\u00e9nergie"},"content":{"rendered":"<p>Voici une d\u00e9cision d&rsquo;une particuli\u00e8re importance dont les cons\u00e9quences peuvent \u00eatre importantes pour le d\u00e9veloppement des \u00e9nergies renouvelables et, \u00e9ventuellement, pour la r\u00e9daction du projet de loi sur la transition \u00e9nerg\u00e9tique. Ce 7 mars 2014, le Conseil d&rsquo;Etat a en effet transmis au Conseil constitutionnel une \u00ab\u00a0question prioritaire de constitutionnalit\u00e9\u00a0\u00bb relative \u00e0 la conformit\u00e9 \u00e0 la Charte de l&rsquo;environnement des articles du code de l&rsquo;environnement qui organisent l&rsquo;\u00e9laboration des Sch\u00e9mas r\u00e9gionaux du climat, de l&rsquo;air et de l&rsquo;\u00e9nergie.<\/p>\n<p>L&rsquo;int\u00e9gralit\u00e9 de l&rsquo;analyse sur le blog d&rsquo;Arnaud Gossement : \u00a0<a href=\"http:\/\/www.arnaudgossement.com\/archive\/2014\/03\/10\/important-le-conseil-d-etat-transmet-une-question-prioritai-5318635.html\">[Important] Le Conseil d&rsquo;Etat transmet une question prioritaire de constitutionnalit\u00e9 sur les sch\u00e9mas r\u00e9gionaux du climat, de l&rsquo;air et de l&rsquo;\u00e9nergie : Arnaud Gossement &#8211; Avocat<\/a>.<\/p>\n","protected":false},"excerpt":{"rendered":"<p>Voici une d\u00e9cision d&rsquo;une particuli\u00e8re importance dont les cons\u00e9quences peuvent \u00eatre importantes pour le d\u00e9veloppement des \u00e9nergies renouvelables et, \u00e9ventuellement, pour la r\u00e9daction du projet de loi sur la transition \u00e9nerg\u00e9tique. Ce 7 mars 2014, le Conseil d&rsquo;Etat a en effet transmis au Conseil constitutionnel une \u00ab\u00a0question prioritaire de constitutionnalit\u00e9\u00a0\u00bb relative \u00e0 la conformit\u00e9 \u00e0 &hellip; <\/p>\n<p><a class=\"more-link btn\" href=\"https:\/\/www.enviroscop.fr\/actu\/2014\/03\/le-conseil-detat-transmet-une-question-prioritaire-de-constitutionnalite-sur-les-schemas-regionaux-du-climat-de-lair-et-de-lenergie\/\">Lire la suite<\/a><\/p>\n","protected":false},"author":1,"featured_media":0,"comment_status":"open","ping_status":"open","sticky":false,"template":"","format":"standard","meta":{"jetpack_post_was_ever_published":false,"_jetpack_newsletter_access":"","_jetpack_dont_email_post_to_subs":false,"_jetpack_newsletter_tier_id":0,"_jetpack_memberships_contains_paywalled_content":false,"_jetpack_memberships_contains_paid_content":false,"footnotes":"","jetpack_publicize_message":"","jetpack_publicize_feature_enabled":true,"jetpack_social_post_already_shared":true,"jetpack_social_options":{"image_generator_settings":{"template":"highway","default_image_id":0,"font":"","enabled":false},"version":2}},"categories":[15,63,66,7,8,28,34],"tags":[],"class_list":["post-1837","post","type-post","status-publish","format-standard","hentry","category-climat","category-conseil-constitutionnel","category-droit","category-energie","category-eolien","category-ges","category-jurisprudence","item-wrap"],"jetpack_publicize_connections":[],"jetpack_featured_media_url":"","jetpack_shortlink":"https:\/\/wp.me\/p3rXAp-tD","jetpack_likes_enabled":true,"jetpack-related-posts":[{"id":1928,"url":"https:\/\/www.enviroscop.fr\/actu\/2014\/05\/schemas-regionaux-du-climat-de-lair-et-de-lenergie-declaration-dinconstitutionnalite-du-conseil-constitutionnel\/","url_meta":{"origin":1837,"position":0},"title":"Sch\u00e9mas r\u00e9gionaux du climat, de l&rsquo;air et de l&rsquo;\u00e9nergie : d\u00e9claration d&rsquo;inconstitutionnalit\u00e9 du Conseil constitutionnel","author":"Enviroscop","date":"12 mai 2014","format":false,"excerpt":"Par une d\u00e9cision n\u00b02014-395 QPC du 7 mai 2014, le Conseil constitutionnel a d\u00e9clar\u00e9 contraire \u00e0 l'article 7 de la Charte de l'environnement, les dispositions l\u00e9gislatives cr\u00e9ant les sch\u00e9mas r\u00e9gionaux du climat, de l'air et de l'\u00e9nergie.Dans cette affaire, plusieurs associations oppos\u00e9es au d\u00e9veloppement de l'\u00e9olien terrestre, avaient saisi le\u2026","rel":"","context":"Dans &quot;Air&quot;","block_context":{"text":"Air","link":"https:\/\/www.enviroscop.fr\/actu\/category\/compartiments\/air\/"},"img":{"alt_text":"","src":"","width":0,"height":0},"classes":[]},{"id":4761,"url":"https:\/\/www.enviroscop.fr\/actu\/2022\/05\/moulins-a-eau-le-conseil-constitutionnel-valide-lexemption-de-continuite-ecologique-pour-la-production-dhydroelectricite\/","url_meta":{"origin":1837,"position":1},"title":"Moulins \u00e0 eau : le Conseil constitutionnel valide l\u2019exemption de continuit\u00e9 \u00e9cologique pour la production d\u2019hydro\u00e9lectricit\u00e9","author":"Enviroscop","date":"17 mai 2022","format":false,"excerpt":"Dans une\u00a0d\u00e9cision QPC (question prioritaire de constitutionnalit\u00e9)\u00a0rendue ce 13 mai, le Conseil constitutionnel a jug\u00e9 conformes les dispositions contest\u00e9es de l'article L. 214-18-1 du code de l\u2019environnement, qui pr\u00e9voient un r\u00e9gime d\u2019exclusion des obligations de continuit\u00e9 \u00e9cologique des cours d\u2019eau pos\u00e9es \u00e0 l'article L. 214-17 pour certains anciens moulins \u00e0\u2026","rel":"","context":"Dans &quot;Eau&quot;","block_context":{"text":"Eau","link":"https:\/\/www.enviroscop.fr\/actu\/category\/compartiments\/eau\/"},"img":{"alt_text":"","src":"https:\/\/lh3.googleusercontent.com\/wZUITkM9j710DnZsczDCmXvW7-3eZZP7WSFrZ_tRS0AZxH5KboMxLKaRZIbqnsO_UdwYrfxKDrWb0K40U2HWp_o7ySFrdC8lw2cPmzQX7oqZLOdb0vTUmwYN0irQ5np2UJdBcJcav8CyhSOXkq4B-nTlxuB8RkpsNi9YSwpez92Ndy_R0lHhq0bQArARNTJoPX603HIMVOjACOGSLmY8XoLSeDq4TIOAugClbjYTQ5FW6yKFtbxPH_HkYVxtua7DhteB3sAbMsuMisPbbxKWhC0__zA83h1tNOwp6vpTXVJtpGCvo7YavBm5edZuIn6yBUOUJM6Emv8UOm_dKQY3PEKoJkmwgSkztd0_92tOcDxXHp4ylVHiwLORhPDJRdRGkmRJ77fKvuE5rlezNHrvxkVmo6y-SrIoHcH_O29cksBUYb5IabckHeHSeCND-bc9AkUzYA3uPsQ9oZECsOJ2KYghuBA8WOlnZ4GRecArC6VcqjvQGjQnjz--3Jz2_z9LvD684QMnYAKYRYrJB06wPZ48Pq3in7cQwG0ZggTfp8oad8BisoP_3AxcC_cpr2kJfVUBGyKtCoK6mvnNubkyOOezi8dK2oEtnSj1M5PSDEjxYME7N-Ou-KGpZ6k2QK_ta-FcL_CjJA8GbpuvGT0Xh2yM9krPqplzUfyxTXsUk3eVhjOcd59DBM3WiP1TbYZPa64uerTrtgUu3Ni9FEEnJhgEnWfAg22WfXU2Q2pB4Fux0Xs7_7XIc6Ny3c_v3Yo=w517-h918-no?authuser=0","width":350,"height":200},"classes":[]},{"id":1227,"url":"https:\/\/www.enviroscop.fr\/actu\/2013\/07\/eolien-les-arretes-definissant-les-zde-etaient-ils-soumis-a-la-participation-du-public\/","url_meta":{"origin":1837,"position":2},"title":"Eolien : les arr\u00eat\u00e9s d\u00e9finissant les ZDE \u00e9taient-ils soumis \u00e0 la participation du public ?","author":"Enviroscop","date":"2 juillet 2013","format":false,"excerpt":"Les arr\u00eat\u00e9s pr\u00e9fectoraux d\u00e9finissant les ZDE n'\u00e9taient pas soumis au principe de participation du public tel qu'\u00e9nonc\u00e9 par le code de l'environnement. C'est ce que vient de trancher le Conseil d'Etat, non sans cons\u00e9quences. Par\u00a0une d\u00e9cision du 26 juin 2013, le Conseil d'Etat s'est prononc\u00e9 sur la question de savoir\u2026","rel":"","context":"Dans &quot;Concertation&quot;","block_context":{"text":"Concertation","link":"https:\/\/www.enviroscop.fr\/actu\/category\/concertation\/"},"img":{"alt_text":"Eolien : les arr\u00eat\u00e9s d\u00e9finissant les ZDE \u00e9taient-ils soumis \u00e0 la participation du public ?","src":"https:\/\/i0.wp.com\/www.actu-environnement.com\/images\/illustrations\/news\/18899_une.jpg?resize=350%2C200","width":350,"height":200},"classes":[]},{"id":1527,"url":"https:\/\/www.enviroscop.fr\/actu\/2013\/10\/gaz-de-schiste-le-conseil-constitutionnel-valide-la-loi\/","url_meta":{"origin":1837,"position":3},"title":"Gaz de schiste : le Conseil constitutionnel valide la loi","author":"Enviroscop","date":"11 octobre 2013","format":false,"excerpt":"La loi Jacob de 2011 interdisant la fracturation hydraulique est conforme \u00e0 la Constitution, jugent les sages. Ni l'\u00e9galit\u00e9 devant la loi, ni la libert\u00e9 d'entreprendre ne sont bafou\u00e9es. Pas plus que le droit de propri\u00e9t\u00e9. Le Conseil constitutionnel a rendu publique ce matin sa d\u00e9cision relative \u00e0 la question\u2026","rel":"","context":"Dans &quot;Conseil Constitutionnel&quot;","block_context":{"text":"Conseil Constitutionnel","link":"https:\/\/www.enviroscop.fr\/actu\/category\/juridique\/conseil-constitutionnel\/"},"img":{"alt_text":"","src":"","width":0,"height":0},"classes":[]},{"id":166,"url":"https:\/\/www.enviroscop.fr\/actu\/2012\/09\/projet-de-loi-relatif-a-la-mise-en-oeuvre-du\/","url_meta":{"origin":1837,"position":4},"title":"Projet de Loi relatif \u00e0 la mise en oeuvre du principe de participation du public","author":"Enviroscop","date":"13 septembre 2012","format":false,"excerpt":"L'entr??e en vigueur de l'article 7, et la reconnaissance par les juridictions de sa pleine valeur constitutionnelle, ont rendu n??cessaire une adaptation de la l??gislation qui s???est traduite par la cr??ation de proc??dures particuli??res ce...","rel":"","context":"Dans &quot;Concertation&quot;","block_context":{"text":"Concertation","link":"https:\/\/www.enviroscop.fr\/actu\/category\/concertation\/"},"img":{"alt_text":"","src":"","width":0,"height":0},"classes":[]},{"id":3027,"url":"https:\/\/www.enviroscop.fr\/actu\/2018\/05\/levaluation-environnementale-dun-plan-peut-etre-requise-meme-sans-texte-reglementaire-conseil-detat\/","url_meta":{"origin":1837,"position":5},"title":"L\u2019\u00e9valuation environnementale d\u2019un plan peut \u00eatre requise m\u00eame sans texte r\u00e9glementaire (Conseil d\u2019Etat)","author":"Enviroscop","date":"31 mai 2018","format":false,"excerpt":"Par une\u00a0d\u00e9cision n\u00b0408887 en date du 16 mai 2018, le Conseil d\u2019Etat a jug\u00e9 que l'\u00e9valuation\u00a0 environnementale d'un plan ou d'un programme peut \u00eatre requise sur le seul fondement de l\u2019article L. 122-4 de l\u2019environnement . En cons\u00e9quence, le Conseil d\u2019Etat a pr\u00e9cis\u00e9 que le sch\u00e9ma r\u00e9gional du climat, de\u2026","rel":"","context":"Dans &quot;Etude d'impact&quot;","block_context":{"text":"Etude d'impact","link":"https:\/\/www.enviroscop.fr\/actu\/category\/evaluation\/etude-dimpact\/"},"img":{"alt_text":"","src":"","width":0,"height":0},"classes":[]}],"jetpack_sharing_enabled":true,"_links":{"self":[{"href":"https:\/\/www.enviroscop.fr\/actu\/wp-json\/wp\/v2\/posts\/1837","targetHints":{"allow":["GET"]}}],"collection":[{"href":"https:\/\/www.enviroscop.fr\/actu\/wp-json\/wp\/v2\/posts"}],"about":[{"href":"https:\/\/www.enviroscop.fr\/actu\/wp-json\/wp\/v2\/types\/post"}],"author":[{"embeddable":true,"href":"https:\/\/www.enviroscop.fr\/actu\/wp-json\/wp\/v2\/users\/1"}],"replies":[{"embeddable":true,"href":"https:\/\/www.enviroscop.fr\/actu\/wp-json\/wp\/v2\/comments?post=1837"}],"version-history":[{"count":0,"href":"https:\/\/www.enviroscop.fr\/actu\/wp-json\/wp\/v2\/posts\/1837\/revisions"}],"wp:attachment":[{"href":"https:\/\/www.enviroscop.fr\/actu\/wp-json\/wp\/v2\/media?parent=1837"}],"wp:term":[{"taxonomy":"category","embeddable":true,"href":"https:\/\/www.enviroscop.fr\/actu\/wp-json\/wp\/v2\/categories?post=1837"},{"taxonomy":"post_tag","embeddable":true,"href":"https:\/\/www.enviroscop.fr\/actu\/wp-json\/wp\/v2\/tags?post=1837"}],"curies":[{"name":"wp","href":"https:\/\/api.w.org\/{rel}","templated":true}]}}