{"id":184,"date":"2011-12-28T10:11:00","date_gmt":"2011-12-28T10:11:00","guid":{"rendered":"http:\/\/actu.enviroscop.com\/votre-blog-en-2011"},"modified":"2013-05-01T13:20:51","modified_gmt":"2013-05-01T12:20:51","slug":"votre-blog-en-2011","status":"publish","type":"post","link":"https:\/\/www.enviroscop.fr\/actu\/2011\/12\/votre-blog-en-2011\/","title":{"rendered":"Votre blog en 2011"},"content":{"rendered":"<p>102 articles, 5289 pages vues en 4020 visites par 3516 visiteurs uniques.<\/p>\n<p>Les plus gros succ\u00e8s 2011 :<\/p>\n<p>&#8211; <a href=\"https:\/\/www.google.com\/analytics\/reporting\/dashboard?id=34979544&amp;pdr=20101227-20111227&amp;cmp=average&amp;trows=10&amp;gdfmt=nth_day\" target=\"_blank\">le passage des \u00e9oliennes en ICPE<\/a> : 560 visites<\/p>\n<p>&#8211; <a href=\"https:\/\/www.google.com\/analytics\/reporting\/dashboard?id=34979544&amp;pdr=20101227-20111227&amp;cmp=average&amp;trows=10&amp;gdfmt=nth_day\" target=\"_blank\">la loi du 05 janvier 2011<\/a> : 283 visites<\/p>\n<p>&#8211; <a href=\"https:\/\/www.google.com\/analytics\/reporting\/top_content?id=34979544&amp;pdr=20101227-20111227&amp;cmp=average&amp;trows=10&amp;gdfmt=nth_day#\">SCoT et trames verte et bleue<\/a> : 138 visites<\/p>\n<p>La page la plus longue : ZDE et sch\u00e9ma r\u00e9gional \u00e9olien avec 11 minutes de moyenne pour 79 visites !<\/p>\n<p>Le jour le plus actif : 63 visites le 29 juin.<\/p>\n<p>Une bonne r\u00e9partition g\u00e9ographique sur tout le territoire (sauf nos amis corses ??).<\/p>\n<div class=\"p_embed p_image_embed\"><img data-recalc-dims=\"1\" loading=\"lazy\" decoding=\"async\" alt=\"Nouveau-1\" src=\"https:\/\/i0.wp.com\/www.enviroscop.fr\/actu\/wp-content\/uploads\/2013\/02\/nouveau-1-scaled500.jpg?resize=442%2C413&#038;ssl=1\" width=\"442\" height=\"413\" \/><\/div>\n<p>Un petit nouveau dans la famille des blogs, celui de la <a href=\"http:\/\/tvb-picardie.fr\/\">trame verte et bleue picarde<\/a> qui d\u00e9marre bien avec plus de 1000 visites depuis le 07 novembre dernier et 1900 pages vues.<\/p>\n<p>Merci \u00e0 vous pour votre suivi !<\/p>\n","protected":false},"excerpt":{"rendered":"<p>102 articles, 5289 pages vues en 4020 visites par 3516 visiteurs uniques. Les plus gros succ??s 2011 : &#8211; le passage des ??oliennes en ICPE : 560 visites &#8211; la loi du 05 janvier 2011 : 283 visites &#8211; SCoT et trames verte et bleue : 138 visites La pag&#8230;<\/p>\n","protected":false},"author":1,"featured_media":0,"comment_status":"open","ping_status":"open","sticky":false,"template":"","format":"standard","meta":{"jetpack_post_was_ever_published":false,"_jetpack_newsletter_access":"","_jetpack_dont_email_post_to_subs":false,"_jetpack_newsletter_tier_id":0,"_jetpack_memberships_contains_paywalled_content":false,"_jetpack_memberships_contains_paid_content":false,"footnotes":"","jetpack_publicize_message":"","jetpack_publicize_feature_enabled":true,"jetpack_social_post_already_shared":false,"jetpack_social_options":{"image_generator_settings":{"template":"highway","default_image_id":0,"font":"","enabled":false},"version":2}},"categories":[25],"tags":[],"class_list":["post-184","post","type-post","status-publish","format-standard","hentry","category-enviroscop","item-wrap"],"jetpack_publicize_connections":[],"jetpack_featured_media_url":"","jetpack_shortlink":"https:\/\/wp.me\/p3rXAp-2Y","jetpack_likes_enabled":true,"jetpack-related-posts":[{"id":1454,"url":"https:\/\/www.enviroscop.fr\/actu\/2013\/09\/20000-visites\/","url_meta":{"origin":184,"position":0},"title":"20000 visites","author":"Enviroscop","date":"18 septembre 2013","format":false,"excerpt":"Merci de nous suivre ! En un peu plus de 2 ans, nous venons de d\u00e9passer le cap de 20123 visites avec pr\u00e8s de 29000 pages visit\u00e9es et 10404 visiteurs uniques (donc quelques-uns reviennent...). \u00a0","rel":"","context":"Dans &quot;Enviroscop&quot;","block_context":{"text":"Enviroscop","link":"https:\/\/www.enviroscop.fr\/actu\/category\/non-classe\/"},"img":{"alt_text":"header.jpg","src":"https:\/\/i0.wp.com\/www.enviroscop.fr\/actu\/wp-content\/uploads\/2013\/03\/header-300x55.jpg?resize=350%2C200","width":350,"height":200},"classes":[]},{"id":4105,"url":"https:\/\/www.enviroscop.fr\/actu\/2021\/02\/100-000\/","url_meta":{"origin":184,"position":1},"title":"100 000 !","author":"Enviroscop","date":"15 f\u00e9vrier 2021","format":false,"excerpt":"Et oui, notre site internet a d\u00e9pass\u00e9 hier les 100 000 visites, depuis sa r\u00e9organisation en 2013. Ca ne semble pas beaucoup par rapport \u00e0 vos sites d'information pr\u00e9f\u00e9r\u00e9s, mais pour nous, c'est le signe que nos activit\u00e9s communes sont p\u00e9rennes ! Parmi les pages statiques, la page \"l'\u00e9quipe\" est\u2026","rel":"","context":"Dans &quot;Enviroscop&quot;","block_context":{"text":"Enviroscop","link":"https:\/\/www.enviroscop.fr\/actu\/category\/non-classe\/"},"img":{"alt_text":"","src":"https:\/\/i0.wp.com\/www.enviroscop.fr\/actu\/wp-content\/uploads\/2021\/02\/Capture-decran-2021-02-15-154559.jpg?resize=350%2C200","width":350,"height":200,"srcset":"https:\/\/i0.wp.com\/www.enviroscop.fr\/actu\/wp-content\/uploads\/2021\/02\/Capture-decran-2021-02-15-154559.jpg?resize=350%2C200 1x, https:\/\/i0.wp.com\/www.enviroscop.fr\/actu\/wp-content\/uploads\/2021\/02\/Capture-decran-2021-02-15-154559.jpg?resize=525%2C300 1.5x, https:\/\/i0.wp.com\/www.enviroscop.fr\/actu\/wp-content\/uploads\/2021\/02\/Capture-decran-2021-02-15-154559.jpg?resize=700%2C400 2x"},"classes":[]},{"id":19,"url":"https:\/\/www.enviroscop.fr\/actu\/2010\/05\/les-documents-durbanisme-soumis-au-respect-des-trames-verte-et-bleue-vote-de-lassemble-nationale\/","url_meta":{"origin":184,"position":2},"title":"Les documents d&rsquo;urbanisme soumis au respect des trames verte et bleue (vote de l&rsquo;assembl??e nationale)","author":"Enviroscop","date":"12 mai 2010","format":false,"excerpt":"L'article 45 du texte de loi dit Grenelle 2 pr??voit des comit??s r??gionaux \" trame verte et bleue \", en charge de la r??alisation des sch??mas r??gionaux de coh??rence ??cologique qui guideront l'??laboration ou la r??vision des documents d'am??...","rel":"","context":"Dans &quot;SCOT&quot;","block_context":{"text":"SCOT","link":"https:\/\/www.enviroscop.fr\/actu\/category\/amenagement\/urbanisme\/scot\/"},"img":{"alt_text":"","src":"","width":0,"height":0},"classes":[]},{"id":1263,"url":"https:\/\/www.enviroscop.fr\/actu\/2013\/07\/400-articles\/","url_meta":{"origin":184,"position":3},"title":"400 articles !","author":"Enviroscop","date":"12 juillet 2013","format":false,"excerpt":"[warning]Depuis l'ouverture de notre blog (avril 2010), 400 articles vous ont \u00e9t\u00e9 propos\u00e9s.[\/warning] Nous avons chang\u00e9 de plateforme, de charte graphique, mais vous \u00eates toujours fid\u00e8les avec plus de 25 visites par jour en moyenne. Ce blog est principalement suivi par des professionnels (presque aucune visite les samedis et dimanches),\u2026","rel":"","context":"Dans &quot;Enviroscop&quot;","block_context":{"text":"Enviroscop","link":"https:\/\/www.enviroscop.fr\/actu\/category\/non-classe\/"},"img":{"alt_text":"","src":"","width":0,"height":0},"classes":[]},{"id":253,"url":"https:\/\/www.enviroscop.fr\/actu\/2010\/05\/scot-et-trame-verte-et-bleue\/","url_meta":{"origin":184,"position":4},"title":"SCoT et Trame verte et bleue","author":"Enviroscop","date":"12 mai 2010","format":false,"excerpt":"dans le cadre de l'amendement l'art 9, du Grenelle II, adopt?? le 11 mai 2010, Le pr??sent projet de loi pr??voit actuellement que le pr??fet pourra retarder la date laquelle la d??lib??ration approuvant le sch??ma de coh??rence territoriale...","rel":"","context":"Dans &quot;SCOT&quot;","block_context":{"text":"SCOT","link":"https:\/\/www.enviroscop.fr\/actu\/category\/amenagement\/urbanisme\/scot\/"},"img":{"alt_text":"","src":"","width":0,"height":0},"classes":[]},{"id":224,"url":"https:\/\/www.enviroscop.fr\/actu\/2011\/06\/comites-regionaux-trames-verte-et-bleue\/","url_meta":{"origin":184,"position":5},"title":"Comit??s r??gionaux \u00ab\u00a0trames verte et bleue\u00a0\u00bb","author":"Enviroscop","date":"29 juin 2011","format":false,"excerpt":"Le d??cret sur la composition du Comit?? r??gional vient de para??tre. Vous pouvez le consulter ici","rel":"","context":"Dans &quot;biodiversit\u00e9&quot;","block_context":{"text":"biodiversit\u00e9","link":"https:\/\/www.enviroscop.fr\/actu\/category\/nature\/biodiversite\/"},"img":{"alt_text":"","src":"","width":0,"height":0},"classes":[]}],"jetpack_sharing_enabled":true,"_links":{"self":[{"href":"https:\/\/www.enviroscop.fr\/actu\/wp-json\/wp\/v2\/posts\/184","targetHints":{"allow":["GET"]}}],"collection":[{"href":"https:\/\/www.enviroscop.fr\/actu\/wp-json\/wp\/v2\/posts"}],"about":[{"href":"https:\/\/www.enviroscop.fr\/actu\/wp-json\/wp\/v2\/types\/post"}],"author":[{"embeddable":true,"href":"https:\/\/www.enviroscop.fr\/actu\/wp-json\/wp\/v2\/users\/1"}],"replies":[{"embeddable":true,"href":"https:\/\/www.enviroscop.fr\/actu\/wp-json\/wp\/v2\/comments?post=184"}],"version-history":[{"count":0,"href":"https:\/\/www.enviroscop.fr\/actu\/wp-json\/wp\/v2\/posts\/184\/revisions"}],"wp:attachment":[{"href":"https:\/\/www.enviroscop.fr\/actu\/wp-json\/wp\/v2\/media?parent=184"}],"wp:term":[{"taxonomy":"category","embeddable":true,"href":"https:\/\/www.enviroscop.fr\/actu\/wp-json\/wp\/v2\/categories?post=184"},{"taxonomy":"post_tag","embeddable":true,"href":"https:\/\/www.enviroscop.fr\/actu\/wp-json\/wp\/v2\/tags?post=184"}],"curies":[{"name":"wp","href":"https:\/\/api.w.org\/{rel}","templated":true}]}}