{"id":189,"date":"2013-01-17T14:29:00","date_gmt":"2013-01-17T13:29:00","guid":{"rendered":"http:\/\/actu.enviroscop.com\/et-la-plaquette-paree-pour-limpression"},"modified":"2013-05-01T13:04:42","modified_gmt":"2013-05-01T12:04:42","slug":"et-la-plaquette-paree-pour-limpression","status":"publish","type":"post","link":"https:\/\/www.enviroscop.fr\/actu\/2013\/01\/et-la-plaquette-paree-pour-limpression\/","title":{"rendered":"Et la plaquette, par\u00e9e pour l&rsquo;impression&#8230;"},"content":{"rendered":"<p>La version \u00ab\u00a0&eacute;cran\u00a0\u00bb est <a href=\"https:\/\/www.dropbox.com\/s\/zd3rzo4hk8hpb5h\/Plaquette2013LectureEcran.pdf\" title=\"Plaquette 2013\" target=\"_blank\">disponible ICI<\/a><\/p>\n","protected":false},"excerpt":{"rendered":"<p>La version \u00ab\u00a0??cran\u00a0\u00bb est disponible ICI<\/p>\n","protected":false},"author":1,"featured_media":0,"comment_status":"open","ping_status":"open","sticky":false,"template":"","format":"standard","meta":{"jetpack_post_was_ever_published":false,"_jetpack_newsletter_access":"","_jetpack_dont_email_post_to_subs":false,"_jetpack_newsletter_tier_id":0,"_jetpack_memberships_contains_paywalled_content":false,"_jetpack_memberships_contains_paid_content":false,"footnotes":"","jetpack_publicize_message":"","jetpack_publicize_feature_enabled":true,"jetpack_social_post_already_shared":false,"jetpack_social_options":{"image_generator_settings":{"template":"highway","default_image_id":0,"font":"","enabled":false},"version":2}},"categories":[25,48],"tags":[],"class_list":["post-189","post","type-post","status-publish","format-standard","hentry","category-enviroscop","category-scop","item-wrap"],"jetpack_publicize_connections":[],"jetpack_featured_media_url":"","jetpack_shortlink":"https:\/\/wp.me\/p3rXAp-33","jetpack_likes_enabled":true,"jetpack-related-posts":[{"id":2682,"url":"https:\/\/www.enviroscop.fr\/actu\/2016\/10\/nouveau-guide-pour-une-gestion-ecologique-des-espaces-verts-franciliens\/","url_meta":{"origin":189,"position":0},"title":"Un nouveau guide pour une gestion \u00e9cologique des espaces verts franciliens","author":"Enviroscop","date":"17 octobre 2016","format":false,"excerpt":"Natureparif, l\u2019Agence r\u00e9gionale pour la nature et la biodiversit\u00e9 en \u00cele-de-France, encourage les gestionnaires d\u2019espaces verts d\u2019\u00cele-de-France \u00e0 faire \u00e9voluer leurs pratiques pour une meilleure prise en compte de l\u2019environnement en mettant \u00e0 leur disposition un nouveau guide pratique de gestion \u00e9cologique. Le \"Guide de gestion \u00e9cologique des espaces collectifs\u2026","rel":"","context":"Dans &quot;Enviroscop&quot;","block_context":{"text":"Enviroscop","link":"https:\/\/www.enviroscop.fr\/actu\/category\/non-classe\/"},"img":{"alt_text":"","src":"","width":0,"height":0},"classes":[]},{"id":3926,"url":"https:\/\/www.enviroscop.fr\/actu\/2020\/11\/etude-dimpact-pour-leolien-nouvelle-version-du-guide\/","url_meta":{"origin":189,"position":1},"title":"Etude d&rsquo;impact pour l&rsquo;\u00e9olien : nouvelle version du guide","author":"Enviroscop","date":"9 novembre 2020","format":false,"excerpt":"La version mise \u00e0 jour du guide relatif \u00e0 l'\u00e9laboration des \u00e9tudes d'impacts des projets de parcs \u00e9oliens est disponible sur le site du Minist\u00e8re ! Vous pouvez le t\u00e9l\u00e9charger ICI. Bonne lecture !","rel":"","context":"Dans &quot;biodiversit\u00e9&quot;","block_context":{"text":"biodiversit\u00e9","link":"https:\/\/www.enviroscop.fr\/actu\/category\/nature\/biodiversite\/"},"img":{"alt_text":"","src":"https:\/\/i0.wp.com\/www.enviroscop.fr\/actu\/wp-content\/uploads\/2020\/11\/couvguide-228x300.jpg?resize=350%2C200","width":350,"height":200},"classes":[]},{"id":2558,"url":"https:\/\/www.enviroscop.fr\/actu\/2016\/02\/barometre-des-energies-renouvelables\/","url_meta":{"origin":189,"position":2},"title":"Barom\u00e8tre des \u00e9nergies renouvelables","author":"Enviroscop","date":"19 f\u00e9vrier 2016","format":false,"excerpt":"Pour la sixi\u00e8me ann\u00e9e, Observ\u2019ER r\u00e9alise son barom\u00e8tre des \u00e9nergies renouvelables \u00e9lectriques en France. Toutes les fili\u00e8res de production sont analys\u00e9es \u00e0 travers un ensemble d\u2019indicateurs \u00e9nerg\u00e9tiques, socio-\u00e9conomiques et industriels. Pour chacun des secteurs \u00e9tudi\u00e9s, ce barom\u00e8tre propose une lecture dynamique de leur d\u00e9veloppement r\u00e9cent \u00e0 la lumi\u00e8re des objectifs\u2026","rel":"","context":"Dans &quot;Energie&quot;","block_context":{"text":"Energie","link":"https:\/\/www.enviroscop.fr\/actu\/category\/energie\/"},"img":{"alt_text":"","src":"","width":0,"height":0},"classes":[]},{"id":2732,"url":"https:\/\/www.enviroscop.fr\/actu\/2017\/01\/barometre-des-energies-renouvelables-2\/","url_meta":{"origin":189,"position":3},"title":"Barom\u00e8tre des \u00e9nergies renouvelables","author":"Enviroscop","date":"12 janvier 2017","format":false,"excerpt":"Pour la septi\u00e8me ann\u00e9e, Observ\u2019ER r\u00e9alise son barom\u00e8tre des \u00e9nergies renouvelables \u00e9lectriques en France. Toutes les fili\u00e8res renouvelables de production \u00e9lectrique sont analys\u00e9es \u00e0 travers un ensemble d\u2019indicateurs et d\u2019informations \u00e9nerg\u00e9tiques, socio-\u00e9conomiques et industriels. Pour chacun des secteurs \u00e9tudi\u00e9s, ce barom\u00e8tre propose une lecture dynamique de son d\u00e9veloppement r\u00e9cent \u00e0\u2026","rel":"","context":"Dans &quot;Energie&quot;","block_context":{"text":"Energie","link":"https:\/\/www.enviroscop.fr\/actu\/category\/energie\/"},"img":{"alt_text":"","src":"","width":0,"height":0},"classes":[]},{"id":2981,"url":"https:\/\/www.enviroscop.fr\/actu\/2018\/01\/parution-du-barometre-2017-des-enr-en-france\/","url_meta":{"origin":189,"position":4},"title":"Parution du barom\u00e8tre 2017 des ENR en France","author":"Enviroscop","date":"11 janvier 2018","format":false,"excerpt":"Pour la huiti\u00e8me ann\u00e9e, Observ\u2019ER\u00a0r\u00e9alise son \u201cBarom\u00e8tre des \u00e9nergies\u00a0renouvelables \u00e9lectriques en\u00a0 France\u201d. Toutes les fili\u00e8res renouvelables de\u00a0production \u00e9lectrique sont analys\u00e9es \u00e0\u00a0travers un ensemble d\u2019informations et\u00a0d\u2019indicateurs \u00e9nerg\u00e9tiques, socio-\u00e9conomiques\u00a0et industriels. Pour chacun des secteurs \u00e9tudi\u00e9s, ce barom\u00e8tre\u00a0propose une lecture dynamique du\u00a0d\u00e9veloppement r\u00e9cent \u00e0 la lumi\u00e8re des\u00a0objectifs de puissance et\/ou de production\u00a0suppl\u00e9mentaire \u00e0\u2026","rel":"","context":"Dans &quot;ADEME&quot;","block_context":{"text":"ADEME","link":"https:\/\/www.enviroscop.fr\/actu\/category\/source\/ademe\/"},"img":{"alt_text":"","src":"","width":0,"height":0},"classes":[]},{"id":4311,"url":"https:\/\/www.enviroscop.fr\/actu\/2021\/06\/78-des-salaries-choisiraient-de-rejoindre-une-entreprise-engagee-pour-la-transition-ecologique\/","url_meta":{"origin":189,"position":5},"title":"78% des salari\u00e9s choisiraient de rejoindre une entreprise engag\u00e9e pour la transition \u00e9cologique","author":"Enviroscop","date":"24 juin 2021","format":false,"excerpt":"Si en plus, elle est en SCOP... LinkedIn et l\u2019ADEME pr\u00e9sentent ce jour une nouvelle \u00e9tude r\u00e9alis\u00e9e avec l\u2019Institut CSA afin d\u2019\u00e9valuer le regard que portent les salari\u00e9s sur la transition \u00e9cologique au sein de leur entreprise ou organisation en France.\u00a0Cette \u00e9tude r\u00e9v\u00e8le que les salari\u00e9s, soucieux des enjeux environnementaux,\u2026","rel":"","context":"Dans &quot;ADEME&quot;","block_context":{"text":"ADEME","link":"https:\/\/www.enviroscop.fr\/actu\/category\/source\/ademe\/"},"img":{"alt_text":"","src":"https:\/\/i0.wp.com\/www.enviroscop.fr\/actu\/wp-content\/uploads\/2021\/06\/equipe.jpg?resize=350%2C200","width":350,"height":200,"srcset":"https:\/\/i0.wp.com\/www.enviroscop.fr\/actu\/wp-content\/uploads\/2021\/06\/equipe.jpg?resize=350%2C200 1x, https:\/\/i0.wp.com\/www.enviroscop.fr\/actu\/wp-content\/uploads\/2021\/06\/equipe.jpg?resize=525%2C300 1.5x, https:\/\/i0.wp.com\/www.enviroscop.fr\/actu\/wp-content\/uploads\/2021\/06\/equipe.jpg?resize=700%2C400 2x, https:\/\/i0.wp.com\/www.enviroscop.fr\/actu\/wp-content\/uploads\/2021\/06\/equipe.jpg?resize=1050%2C600 3x, https:\/\/i0.wp.com\/www.enviroscop.fr\/actu\/wp-content\/uploads\/2021\/06\/equipe.jpg?resize=1400%2C800 4x"},"classes":[]}],"jetpack_sharing_enabled":true,"_links":{"self":[{"href":"https:\/\/www.enviroscop.fr\/actu\/wp-json\/wp\/v2\/posts\/189","targetHints":{"allow":["GET"]}}],"collection":[{"href":"https:\/\/www.enviroscop.fr\/actu\/wp-json\/wp\/v2\/posts"}],"about":[{"href":"https:\/\/www.enviroscop.fr\/actu\/wp-json\/wp\/v2\/types\/post"}],"author":[{"embeddable":true,"href":"https:\/\/www.enviroscop.fr\/actu\/wp-json\/wp\/v2\/users\/1"}],"replies":[{"embeddable":true,"href":"https:\/\/www.enviroscop.fr\/actu\/wp-json\/wp\/v2\/comments?post=189"}],"version-history":[{"count":0,"href":"https:\/\/www.enviroscop.fr\/actu\/wp-json\/wp\/v2\/posts\/189\/revisions"}],"wp:attachment":[{"href":"https:\/\/www.enviroscop.fr\/actu\/wp-json\/wp\/v2\/media?parent=189"}],"wp:term":[{"taxonomy":"category","embeddable":true,"href":"https:\/\/www.enviroscop.fr\/actu\/wp-json\/wp\/v2\/categories?post=189"},{"taxonomy":"post_tag","embeddable":true,"href":"https:\/\/www.enviroscop.fr\/actu\/wp-json\/wp\/v2\/tags?post=189"}],"curies":[{"name":"wp","href":"https:\/\/api.w.org\/{rel}","templated":true}]}}