{"id":1920,"date":"2014-05-05T09:57:59","date_gmt":"2014-05-05T08:57:59","guid":{"rendered":"http:\/\/www.enviroscop.fr\/actu\/?p=1920"},"modified":"2014-05-05T09:57:59","modified_gmt":"2014-05-05T08:57:59","slug":"parcs-eoliens-terrestres-especes-protegees","status":"publish","type":"post","link":"https:\/\/www.enviroscop.fr\/actu\/2014\/05\/parcs-eoliens-terrestres-especes-protegees\/","title":{"rendered":"Parcs \u00e9oliens terrestres et esp\u00e8ces prot\u00e9g\u00e9es"},"content":{"rendered":"<p>Parution du guide du Minist\u00e8re sur l&rsquo;application des dispositions de protection stricte des esp\u00e8ces dans ce secteur d\u2019activit\u00e9s au regard des effets sp\u00e9cifiques que les installations de production d\u2019\u00e9lectricit\u00e9 peuvent pr\u00e9senter et \u00a0les interpr\u00e9tations qu\u2019il convient de donner \u00e0 certaines exigences r\u00e9glementaires applicables \u00e0 la protection stricte des esp\u00e8ces potentiellement impact\u00e9es par les parcs \u00e9oliens. Il s\u2019attache \u00e0 pr\u00e9ciser les conditions d\u2019une bonne articulation entre les diff\u00e9rents dispositifs r\u00e9glementaires, en soulignant la n\u00e9cessit\u00e9 d\u2019une prise en consid\u00e9ration, en amont des projets, des effets ind\u00e9sirables sur les esp\u00e8ces de mani\u00e8re, autant que faire se peut et \u00e0 un co\u00fbt \u00e9conomiquement acceptable, \u00e0 les \u00e9viter et \u00e0 les r\u00e9duire.<\/p>\n<p><a href=\"http:\/\/www.developpement-durable.gouv.fr\/IMG\/pdf\/Guide_Eolien_especes_protegees-2.pdf\" target=\"_blank\">A lire ICI<\/a><\/p>\n<p>&nbsp;<\/p>\n","protected":false},"excerpt":{"rendered":"<p>Parution du guide du Minist\u00e8re sur l&rsquo;application des dispositions de protection stricte des esp\u00e8ces dans ce secteur d\u2019activit\u00e9s au regard des effets sp\u00e9cifiques que les installations de production d\u2019\u00e9lectricit\u00e9 peuvent pr\u00e9senter et \u00a0les interpr\u00e9tations qu\u2019il convient de donner \u00e0 certaines exigences r\u00e9glementaires applicables \u00e0 la protection stricte des esp\u00e8ces potentiellement impact\u00e9es par les parcs \u00e9oliens. &hellip; <\/p>\n<p><a class=\"more-link btn\" href=\"https:\/\/www.enviroscop.fr\/actu\/2014\/05\/parcs-eoliens-terrestres-especes-protegees\/\">Lire la suite<\/a><\/p>\n","protected":false},"author":1,"featured_media":0,"comment_status":"open","ping_status":"open","sticky":false,"template":"","format":"standard","meta":{"jetpack_post_was_ever_published":false,"_jetpack_newsletter_access":"","_jetpack_dont_email_post_to_subs":false,"_jetpack_newsletter_tier_id":0,"_jetpack_memberships_contains_paywalled_content":false,"_jetpack_memberships_contains_paid_content":false,"footnotes":"","jetpack_publicize_message":"","jetpack_publicize_feature_enabled":true,"jetpack_social_post_already_shared":true,"jetpack_social_options":{"image_generator_settings":{"template":"highway","default_image_id":0,"font":"","enabled":false},"version":2}},"categories":[6,8,10,30,38,67],"tags":[],"class_list":["post-1920","post","type-post","status-publish","format-standard","hentry","category-ecologie","category-eolien","category-evaluation","category-guide","category-ministere","category-nature","item-wrap"],"jetpack_publicize_connections":[],"jetpack_featured_media_url":"","jetpack_shortlink":"https:\/\/wp.me\/p3rXAp-uY","jetpack_likes_enabled":true,"jetpack-related-posts":[{"id":172,"url":"https:\/\/www.enviroscop.fr\/actu\/2010\/11\/leurope-natura-2000-et-les-eoliennes\/","url_meta":{"origin":1920,"position":0},"title":"L&rsquo;Europe, Natura 2000 et les \u00e9oliennes","author":"Enviroscop","date":"9 novembre 2010","format":false,"excerpt":"Un rapport vient d'??tre publi?? sur les potentialit??s de d??veloppement de parcs ??oliens en zone Natura 2000 R??dig?? en anglais, vous pouvez le t??l??charger ici. Les parcs ??oliens bien con??us ne sont pas une menace pour la biodiversit??. Malheureusemen...","rel":"","context":"Dans &quot;Eolien&quot;","block_context":{"text":"Eolien","link":"https:\/\/www.enviroscop.fr\/actu\/category\/energie\/renouvelable\/eolien\/"},"img":{"alt_text":"","src":"","width":0,"height":0},"classes":[]},{"id":2834,"url":"https:\/\/www.enviroscop.fr\/actu\/2017\/06\/le-parc-eolien-francais-ses-impacts-sur-lavifaune-etude-des-suivis-de-mortalite-realises-en-france-de-1997-a-2015-par-la-lpo\/","url_meta":{"origin":1920,"position":1},"title":"Le parc \u00e9olien fran\u00e7ais et ses impacts sur l\u2019avifaune. Etude des suivis de mortalit\u00e9 r\u00e9alis\u00e9s en France de 1997 \u00e0 2015 par la LPO","author":"Enviroscop","date":"22 juin 2017","format":false,"excerpt":"La mortalit\u00e9 r\u00e9elle due aux \u00e9oliennes n\u2019est estim\u00e9e que pour tr\u00e8s peu de parcs,\u00a0souvent localis\u00e9s dans des ZPS ou pr\u00e9sentant de fortes sensibilit\u00e9s avifaunistiques. Pour les huit\u00a0parcs concern\u00e9s, qui repr\u00e9sentent 1,38 % des \u00e9oliennes fran\u00e7aises, la mortalit\u00e9 r\u00e9elle estim\u00e9e\u00a0varie de 0,3 \u00e0 18,3 oiseaux tu\u00e9s par \u00e9olienne et par an,\u2026","rel":"","context":"Dans &quot;biodiversit\u00e9&quot;","block_context":{"text":"biodiversit\u00e9","link":"https:\/\/www.enviroscop.fr\/actu\/category\/nature\/biodiversite\/"},"img":{"alt_text":"","src":"https:\/\/i0.wp.com\/www.enviroscop.fr\/actu\/wp-content\/uploads\/2017\/06\/LPO201706-209x300.jpg?resize=350%2C200","width":350,"height":200},"classes":[]},{"id":2787,"url":"https:\/\/www.enviroscop.fr\/actu\/2017\/04\/exposition-aux-basses-frequences-infrasons-des-parcs-eoliens-renforcer-linformation-des-riverains-la-surveillance-de-lexposition-aux-bruits\/","url_meta":{"origin":1920,"position":2},"title":"Exposition aux basses fr\u00e9quences et infrasons des parcs \u00e9oliens : renforcer l\u2019information des riverains et la surveillance de l\u2019exposition aux bruits","author":"Enviroscop","date":"3 avril 2017","format":false,"excerpt":"L\u2019Anses publie ce jour les r\u00e9sultats de son \u00e9valuation des effets sanitaires li\u00e9s aux basses fr\u00e9quences sonores (20\u00a0Hz \u00e0 200\u00a0Hz) et infrasons (inf\u00e9rieurs \u00e0 20\u00a0Hz) \u00e9mis par les parcs \u00e9oliens. L\u2019expertise men\u00e9e par l\u2019Agence a permis d\u2019une part de mesurer et caract\u00e9riser en situation r\u00e9elle les infrasons \u00e9mis par des\u2026","rel":"","context":"Dans &quot;Energie&quot;","block_context":{"text":"Energie","link":"https:\/\/www.enviroscop.fr\/actu\/category\/energie\/"},"img":{"alt_text":"","src":"https:\/\/i0.wp.com\/www.enviroscop.fr\/actu\/wp-content\/uploads\/2015\/07\/20150702_121207_img0014-150x150.jpg?resize=350%2C200","width":350,"height":200},"classes":[]},{"id":905,"url":"https:\/\/www.enviroscop.fr\/actu\/2013\/04\/les-parcs-eoliens-en-mer-un-nouvel-habitat-pour-les-homards\/","url_meta":{"origin":1920,"position":3},"title":"Les parcs \u00e9oliens en mer, un nouvel habitat pour les homards ?","author":"Enviroscop","date":"29 avril 2013","format":false,"excerpt":"http:\/\/www.bulletins-electroniques.com\/actualites\/72893.htm Des chercheurs de l'Institut Alfred Wegener (AWI) pour la recherche polaire et marine de Bremerhaven (Br\u00eame), membre de la Communaut\u00e9 Helmholtz, d\u00e9veloppent un projet pilote ayant pour but d'implanter une population de homards europ\u00e9ens dans le parc \u00e9olien en mer allemand \"Riffgat\". Les scientifiques commencent actuellement l'\u00e9levage de 3.000\u2026","rel":"","context":"Dans &quot;biodiversit\u00e9&quot;","block_context":{"text":"biodiversit\u00e9","link":"https:\/\/www.enviroscop.fr\/actu\/category\/nature\/biodiversite\/"},"img":{"alt_text":"","src":"","width":0,"height":0},"classes":[]},{"id":2237,"url":"https:\/\/www.enviroscop.fr\/actu\/2015\/01\/identifier-et-lutter-contre-les-especes-exotiques-et-envahissantes-dans-les-carrieres\/","url_meta":{"origin":1920,"position":4},"title":"Identifier et lutter contre les esp\u00e8ces exotiques et envahissantes dans les carri\u00e8res","author":"Enviroscop","date":"28 janvier 2015","format":false,"excerpt":"L\u2019UNPG accompagne ses adh\u00e9rents dans la lutte contre les esp\u00e8ces invasives en mettant \u00e0 leur disposition un guide pratique pour identifier et agir contre celles fr\u00e9quemment observ\u00e9es en carri\u00e8res. Structur\u00e9 autour de quatre chapitres pr\u00e9c\u00e9d\u00e9s d\u2019un contexte g\u00e9n\u00e9ral, ce guide explique la notion d\u2019esp\u00e8ce invasive, le m\u00e9canisme du ph\u00e9nom\u00e8ne d\u2019invasion\u2026","rel":"","context":"Dans &quot;biodiversit\u00e9&quot;","block_context":{"text":"biodiversit\u00e9","link":"https:\/\/www.enviroscop.fr\/actu\/category\/nature\/biodiversite\/"},"img":{"alt_text":"","src":"","width":0,"height":0},"classes":[]},{"id":2210,"url":"https:\/\/www.enviroscop.fr\/actu\/2015\/01\/biodiversite-rare-ou-menacee-22-des-habitats-et-28-des-especes-dans-un-etat-favorable\/","url_meta":{"origin":1920,"position":5},"title":"Biodiversit\u00e9 rare ou menac\u00e9e : 22 % des habitats et 28 % des esp\u00e8ces dans un \u00e9tat favorable","author":"Enviroscop","date":"14 janvier 2015","format":false,"excerpt":"La deuxi\u00e8me \u00e9valuation de l\u2019\u00e9tat de conservation des habitats et esp\u00e8ces parmi les plus rares ou menac\u00e9s d\u2019Europe a \u00e9t\u00e9 r\u00e9alis\u00e9e par les \u00c9tats membres dans le cadre de la mise en \u0153uvre de la directive \u00ab Habitats \u00bb. Couvrant la p\u00e9riode 2007-2012, elle confirme les conclusions de la pr\u00e9c\u00e9dente\u2026","rel":"","context":"Dans &quot;biodiversit\u00e9&quot;","block_context":{"text":"biodiversit\u00e9","link":"https:\/\/www.enviroscop.fr\/actu\/category\/nature\/biodiversite\/"},"img":{"alt_text":"","src":"","width":0,"height":0},"classes":[]}],"jetpack_sharing_enabled":true,"_links":{"self":[{"href":"https:\/\/www.enviroscop.fr\/actu\/wp-json\/wp\/v2\/posts\/1920","targetHints":{"allow":["GET"]}}],"collection":[{"href":"https:\/\/www.enviroscop.fr\/actu\/wp-json\/wp\/v2\/posts"}],"about":[{"href":"https:\/\/www.enviroscop.fr\/actu\/wp-json\/wp\/v2\/types\/post"}],"author":[{"embeddable":true,"href":"https:\/\/www.enviroscop.fr\/actu\/wp-json\/wp\/v2\/users\/1"}],"replies":[{"embeddable":true,"href":"https:\/\/www.enviroscop.fr\/actu\/wp-json\/wp\/v2\/comments?post=1920"}],"version-history":[{"count":0,"href":"https:\/\/www.enviroscop.fr\/actu\/wp-json\/wp\/v2\/posts\/1920\/revisions"}],"wp:attachment":[{"href":"https:\/\/www.enviroscop.fr\/actu\/wp-json\/wp\/v2\/media?parent=1920"}],"wp:term":[{"taxonomy":"category","embeddable":true,"href":"https:\/\/www.enviroscop.fr\/actu\/wp-json\/wp\/v2\/categories?post=1920"},{"taxonomy":"post_tag","embeddable":true,"href":"https:\/\/www.enviroscop.fr\/actu\/wp-json\/wp\/v2\/tags?post=1920"}],"curies":[{"name":"wp","href":"https:\/\/api.w.org\/{rel}","templated":true}]}}