{"id":1945,"date":"2014-06-02T08:12:49","date_gmt":"2014-06-02T07:12:49","guid":{"rendered":"http:\/\/www.enviroscop.fr\/actu\/?p=1945"},"modified":"2014-06-02T08:12:49","modified_gmt":"2014-06-02T07:12:49","slug":"enquete-publique-sur-le-schema-regional-de-coherence-ecologique-internet-dreal-haute-normandie","status":"publish","type":"post","link":"https:\/\/www.enviroscop.fr\/actu\/2014\/06\/enquete-publique-sur-le-schema-regional-de-coherence-ecologique-internet-dreal-haute-normandie\/","title":{"rendered":"Enqu\u00eate publique sur le sch\u00e9ma r\u00e9gional de coh\u00e9rence \u00e9cologique &#8211; internet DREAL Haute-Normandie"},"content":{"rendered":"<p>L\u2019enqu\u00eate publique sur le projet de SRCE est prescrite du jeudi 22 mai 2014 au lundi 23 juin 2014.<\/p>\n<p>Conform\u00e9ment \u00e0 l\u2019article L.371-3 du code de l\u2019environnement, le projet de SRCE fait l\u2019objet d\u2019une enqu\u00eate publique sous l\u2019autorit\u00e9 du Pr\u00e9fet de la r\u00e9gion Haute Normandie, sur tout le territoire de la Haute Normandie.<\/p>\n<p>Tous les d\u00e9tails et documents sur : <a href=\"http:\/\/www.haute-normandie.developpement-durable.gouv.fr\/enquete-publique-sur-le-schema-a1491.html\">Enqu\u00eate publique sur le sch\u00e9ma r\u00e9gional de coh\u00e9rence \u00e9cologique &#8211; internet DREAL Haute-Normandie<\/a>.<\/p>\n","protected":false},"excerpt":{"rendered":"<p>L\u2019enqu\u00eate publique sur le projet de SRCE est prescrite du jeudi 22 mai 2014 au lundi 23 juin 2014. Conform\u00e9ment \u00e0 l\u2019article L.371-3 du code de l\u2019environnement, le projet de SRCE fait l\u2019objet d\u2019une enqu\u00eate publique sous l\u2019autorit\u00e9 du Pr\u00e9fet de la r\u00e9gion Haute Normandie, sur tout le territoire de la Haute Normandie. Tous les &hellip; <\/p>\n<p><a class=\"more-link btn\" href=\"https:\/\/www.enviroscop.fr\/actu\/2014\/06\/enquete-publique-sur-le-schema-regional-de-coherence-ecologique-internet-dreal-haute-normandie\/\">Lire la suite<\/a><\/p>\n","protected":false},"author":1,"featured_media":0,"comment_status":"open","ping_status":"open","sticky":false,"template":"","format":"standard","meta":{"jetpack_post_was_ever_published":false,"_jetpack_newsletter_access":"","_jetpack_dont_email_post_to_subs":false,"_jetpack_newsletter_tier_id":0,"_jetpack_memberships_contains_paywalled_content":false,"_jetpack_memberships_contains_paid_content":false,"footnotes":"","jetpack_publicize_message":"","jetpack_publicize_feature_enabled":true,"jetpack_social_post_already_shared":true,"jetpack_social_options":{"image_generator_settings":{"template":"highway","default_image_id":0,"font":"","enabled":false},"version":2}},"categories":[11,19,6,24,31,67],"tags":[],"class_list":["post-1945","post","type-post","status-publish","format-standard","hentry","category-biodiversite","category-dreal","category-ecologie","category-enquete-publique","category-haute-normandie","category-nature","item-wrap"],"jetpack_publicize_connections":[],"jetpack_featured_media_url":"","jetpack_shortlink":"https:\/\/wp.me\/p3rXAp-vn","jetpack_likes_enabled":true,"jetpack-related-posts":[{"id":1619,"url":"https:\/\/www.enviroscop.fr\/actu\/2013\/11\/projet-de-schema-regional-de-coherence-ecologique\/","url_meta":{"origin":1945,"position":0},"title":"Projet de sch\u00e9ma r\u00e9gional de coh\u00e9rence \u00e9cologique","author":"Enviroscop","date":"27 novembre 2013","format":false,"excerpt":"Le projet de sch\u00e9ma r\u00e9gional de coh\u00e9rence \u00e9cologique, arr\u00eat\u00e9 le 21 novembre 2013 par arr\u00eat\u00e9 conjoint pr\u00e9fecture-r\u00e9gion, comprend conform\u00e9ment \u00e0 l\u2019article L.371-3\u00a0: un diagnostic du territoire r\u00e9gional et une pr\u00e9sentation des enjeux relatifs \u00e0 la pr\u00e9servation et \u00e0 la remise en bon \u00e9tat des continuit\u00e9s \u00e9cologiques \u00e0 l\u2019\u00e9chelle r\u00e9gionale, avec\u2026","rel":"","context":"Dans &quot;biodiversit\u00e9&quot;","block_context":{"text":"biodiversit\u00e9","link":"https:\/\/www.enviroscop.fr\/actu\/category\/nature\/biodiversite\/"},"img":{"alt_text":"","src":"","width":0,"height":0},"classes":[]},{"id":2190,"url":"https:\/\/www.enviroscop.fr\/actu\/2015\/01\/quelles-strategies-et-actions-foncieres-en-faveur-de-la-biodiversite-les-actions-region-haute-normandie\/","url_meta":{"origin":1945,"position":1},"title":"Quelles strat\u00e9gies et actions fonci\u00e8res en faveur de la biodiversit\u00e9 ? &#8211; LES ACTIONS &#8211; R\u00e9gion Haute Normandie","author":"Enviroscop","date":"3 janvier 2015","format":false,"excerpt":"\u00a0 Apr\u00e8s l'approbation du Sch\u00e9ma R\u00e9gional de Coh\u00e9rence Ecologique (SRCE), il s'agit maintenant de d\u00e9cliner localement les pr\u00e9conisations du SRCE. Pour ce faire, le Club Foncier Haut-Normand propose un \u00e9clairage sur les bonnes pratiques fonci\u00e8res, tant en termes de planification que d'action, au cours d'un colloque qui aura lieu\u00a0le mercredi\u2026","rel":"","context":"Dans &quot;Am\u00e9nagement&quot;","block_context":{"text":"Am\u00e9nagement","link":"https:\/\/www.enviroscop.fr\/actu\/category\/amenagement\/"},"img":{"alt_text":"","src":"https:\/\/i0.wp.com\/www.hautenormandie.fr\/var\/rhn\/storage\/images\/mediatheque\/environnement-transports\/environnement\/images\/trame-verte-et-bleue\/608608-1-fre-FR\/Trame-verte-et-bleue_medium.jpg?resize=350%2C200","width":350,"height":200},"classes":[]},{"id":1020,"url":"https:\/\/www.enviroscop.fr\/actu\/2013\/05\/le-plan-de-gestion-de-la-reserve-naturelle-nationale-de-lestuaire-de-la-seine-a-lenquete\/","url_meta":{"origin":1945,"position":2},"title":"Le plan de gestion de la R\u00e9serve naturelle nationale de l&rsquo;estuaire de la Seine \u00e0 l&rsquo;enqu\u00eate","author":"Enviroscop","date":"7 mai 2013","format":false,"excerpt":"L'enqu\u00eate publique relative au 3e plan de gestion de la r\u00e9serve naturelle de l'estuaire de la Seine se d\u00e9roulera du 6 mai au 6 juin 20130. Les documents sont consultables sur le site internet de la Dreal Haute-Normandie ou aupr\u00e8s des pr\u00e9fectures de Rouen, Evreux, Caen et des sous-pr\u00e9fectures du\u2026","rel":"","context":"Dans &quot;biodiversit\u00e9&quot;","block_context":{"text":"biodiversit\u00e9","link":"https:\/\/www.enviroscop.fr\/actu\/category\/nature\/biodiversite\/"},"img":{"alt_text":"reserve-seine","src":"https:\/\/i0.wp.com\/www.enviroscop.fr\/actu\/wp-content\/uploads\/2013\/05\/reserve-seine-300x136.jpg?resize=350%2C200","width":350,"height":200},"classes":[]},{"id":1995,"url":"https:\/\/www.enviroscop.fr\/actu\/2014\/07\/avis-de-mise-a-disposition-du-public-du-projet-de-schema-regional-de-raccordement-au-reseau-des-energies-renouvelables-internet-dreal-haute-normandie\/","url_meta":{"origin":1945,"position":3},"title":"Avis de mise \u00e0 disposition du public du projet de Sch\u00e9ma R\u00e9gional de Raccordement au R\u00e9seau des Energies Renouvelables &#8211; internet DREAL Haute-Normandie","author":"Enviroscop","date":"7 juillet 2014","format":false,"excerpt":"Conform\u00e9ment au d\u00e9cret n\u00b02012-533 du 20 avril 2012 et \u00e0 l\u2019article L 321-7 du code de l\u2019\u00c9nergie, le S3REnR d\u00e9termine les conditions d\u2019accueil des \u00e9nergies renouvelables \u00e0 l\u2019horizon 2020 par le r\u00e9seau \u00e9lectrique, selon les objectifs d\u00e9finis par le Sch\u00e9ma R\u00e9gional Climat Air \u00c9nergie. via :\u00a0Avis de mise \u00e0 disposition\u2026","rel":"","context":"Dans &quot;Air&quot;","block_context":{"text":"Air","link":"https:\/\/www.enviroscop.fr\/actu\/category\/compartiments\/air\/"},"img":{"alt_text":"","src":"","width":0,"height":0},"classes":[]},{"id":1947,"url":"https:\/\/www.enviroscop.fr\/actu\/2014\/06\/haute-normandie-approbation-du-s3renr\/","url_meta":{"origin":1945,"position":4},"title":"Haute-Normandie : Approbation du S3REnR","author":"Enviroscop","date":"2 juin 2014","format":false,"excerpt":"A la suite de l\u2019adoption le 21 mars dernier du Sch\u00e9ma R\u00e9gional du Climat de l\u2019Air et de l\u2019\u00c9nergie (SRCAE), RTE, gestionnaire du r\u00e9seau de transport d\u2019\u00e9lectricit\u00e9, vient d\u2019\u00e9tablir le projet de Sch\u00e9ma R\u00e9gional de Raccordement au R\u00e9seau des \u00c9nergies Renouvelables (S3REnR) aff\u00e9rent. Celui-ci franchit aujourd\u2019hui une \u00e9tape d\u00e9cisive avant\u2026","rel":"","context":"Dans &quot;Climat&quot;","block_context":{"text":"Climat","link":"https:\/\/www.enviroscop.fr\/actu\/category\/climat\/"},"img":{"alt_text":"","src":"","width":0,"height":0},"classes":[]},{"id":1666,"url":"https:\/\/www.enviroscop.fr\/actu\/2013\/12\/consultation-du-public-schema-departemental-des-carrieres-de-la-seine-maritime\/","url_meta":{"origin":1945,"position":5},"title":"Consultation du public &#8211; sch\u00e9ma d\u00e9partemental des carri\u00e8res de la Seine-Maritime","author":"Enviroscop","date":"17 d\u00e9cembre 2013","format":false,"excerpt":"Il est port\u00e9 \u00e0 la connaissance du public que dans le cadre de l\u2019\u00e9laboration du sch\u00e9ma d\u00e9partemental des carri\u00e8res de la Seine-Maritime, une consultation du public est organis\u00e9edu lundi 16 d\u00e9cembre 2013 au lundi 17 f\u00e9vrier 2014 inclus. Le projet de sch\u00e9ma pourra \u00eatre consult\u00e9 aux jours et heures habituels\u2026","rel":"","context":"Dans &quot;Carri\u00e8res&quot;","block_context":{"text":"Carri\u00e8res","link":"https:\/\/www.enviroscop.fr\/actu\/category\/icpe\/carrieres\/"},"img":{"alt_text":"","src":"","width":0,"height":0},"classes":[]}],"jetpack_sharing_enabled":true,"_links":{"self":[{"href":"https:\/\/www.enviroscop.fr\/actu\/wp-json\/wp\/v2\/posts\/1945","targetHints":{"allow":["GET"]}}],"collection":[{"href":"https:\/\/www.enviroscop.fr\/actu\/wp-json\/wp\/v2\/posts"}],"about":[{"href":"https:\/\/www.enviroscop.fr\/actu\/wp-json\/wp\/v2\/types\/post"}],"author":[{"embeddable":true,"href":"https:\/\/www.enviroscop.fr\/actu\/wp-json\/wp\/v2\/users\/1"}],"replies":[{"embeddable":true,"href":"https:\/\/www.enviroscop.fr\/actu\/wp-json\/wp\/v2\/comments?post=1945"}],"version-history":[{"count":0,"href":"https:\/\/www.enviroscop.fr\/actu\/wp-json\/wp\/v2\/posts\/1945\/revisions"}],"wp:attachment":[{"href":"https:\/\/www.enviroscop.fr\/actu\/wp-json\/wp\/v2\/media?parent=1945"}],"wp:term":[{"taxonomy":"category","embeddable":true,"href":"https:\/\/www.enviroscop.fr\/actu\/wp-json\/wp\/v2\/categories?post=1945"},{"taxonomy":"post_tag","embeddable":true,"href":"https:\/\/www.enviroscop.fr\/actu\/wp-json\/wp\/v2\/tags?post=1945"}],"curies":[{"name":"wp","href":"https:\/\/api.w.org\/{rel}","templated":true}]}}