{"id":1951,"date":"2014-06-05T07:24:13","date_gmt":"2014-06-05T06:24:13","guid":{"rendered":"http:\/\/www.enviroscop.fr\/actu\/?p=1951"},"modified":"2014-06-05T07:24:13","modified_gmt":"2014-06-05T06:24:13","slug":"eolien-le-projet-darrete-tarifaire-valide-par-le-cse","status":"publish","type":"post","link":"https:\/\/www.enviroscop.fr\/actu\/2014\/06\/eolien-le-projet-darrete-tarifaire-valide-par-le-cse\/","title":{"rendered":"Eolien : le projet d&rsquo;arr\u00eat\u00e9 tarifaire valid\u00e9 par le CSE"},"content":{"rendered":"<p>Le Conseil Sup\u00e9rieur de l\u2019Energie (CSE) a approuv\u00e9, ce 4 juin 2014, le projet d\u2019arr\u00eat\u00e9 tarifaire \u00e9olien dont la publication est attendue dans les tout prochains jours. Le Syndicat des \u00e9nergies renouvelables se satisfait d&rsquo;une stabilit\u00e9 \u00e9conomique bient\u00f4t retrouv\u00e9e pour la fili\u00e8re.<\/p>\n<p>&nbsp;<\/p>\n","protected":false},"excerpt":{"rendered":"<p>Le Conseil Sup\u00e9rieur de l\u2019Energie (CSE) a approuv\u00e9, ce 4 juin 2014, le projet d\u2019arr\u00eat\u00e9 tarifaire \u00e9olien dont la publication est attendue dans les tout prochains jours. Le Syndicat des \u00e9nergies renouvelables se satisfait d&rsquo;une stabilit\u00e9 \u00e9conomique bient\u00f4t retrouv\u00e9e pour la fili\u00e8re. &nbsp;<\/p>\n","protected":false},"author":1,"featured_media":0,"comment_status":"open","ping_status":"open","sticky":false,"template":"","format":"standard","meta":{"jetpack_post_was_ever_published":false,"_jetpack_newsletter_access":"","_jetpack_dont_email_post_to_subs":false,"_jetpack_newsletter_tier_id":0,"_jetpack_memberships_contains_paywalled_content":false,"_jetpack_memberships_contains_paid_content":false,"footnotes":"","jetpack_publicize_message":"","jetpack_publicize_feature_enabled":true,"jetpack_social_post_already_shared":true,"jetpack_social_options":{"image_generator_settings":{"template":"highway","default_image_id":0,"font":"","enabled":false},"version":2}},"categories":[22,8],"tags":[],"class_list":["post-1951","post","type-post","status-publish","format-standard","hentry","category-economie","category-eolien","item-wrap"],"jetpack_publicize_connections":[],"jetpack_featured_media_url":"","jetpack_shortlink":"https:\/\/wp.me\/p3rXAp-vt","jetpack_likes_enabled":true,"jetpack-related-posts":[{"id":5247,"url":"https:\/\/www.enviroscop.fr\/actu\/2023\/06\/projet-darrete-modifiant-larrete-du-26-aout-2011-relatif-aux-installations-de-production-delectricite-utilisant-lenergie-mecanique-du-vent\/","url_meta":{"origin":1951,"position":0},"title":"Projet d\u2019arr\u00eat\u00e9 modifiant l\u2019arr\u00eat\u00e9 du 26 ao\u00fbt 2011 relatif aux installations de production d\u2019\u00e9lectricit\u00e9 utilisant l\u2019\u00e9nergie m\u00e9canique du vent","author":"Enviroscop","date":"5 juin 2023","format":false,"excerpt":"Projet d\u2019arr\u00eat\u00e9 modifiant l\u2019arr\u00eat\u00e9 du 26 ao\u00fbt 2011 relatif aux installations de production d\u2019\u00e9lectricit\u00e9 utilisant l\u2019\u00e9nergie m\u00e9canique du vent au sein d\u2019une installation soumise \u00e0 autorisation au titre de la rubrique 2980 de la l\u00e9gislation des installations class\u00e9es pour la protection de l\u2019environnement Consultation du 24\/05\/2023 au 13\/06\/2023 - aucune\u2026","rel":"","context":"Dans &quot;Arnaud Gossement&quot;","block_context":{"text":"Arnaud Gossement","link":"https:\/\/www.enviroscop.fr\/actu\/category\/source\/arnaud-gossement\/"},"img":{"alt_text":"","src":"https:\/\/i0.wp.com\/www.enviroscop.fr\/actu\/wp-content\/uploads\/2013\/05\/17141_une.jpg?resize=350%2C200&ssl=1","width":350,"height":200},"classes":[]},{"id":316,"url":"https:\/\/www.enviroscop.fr\/actu\/2011\/08\/eolien-febrilite-de-la-filiere\/","url_meta":{"origin":1951,"position":1},"title":"Eolien, f??brilit?? de la fili??re","author":"Enviroscop","date":"25 ao\u00fbt 2011","format":false,"excerpt":"Trois textes doivent prochainement para??tre : 1 le projet de d??cret d'entr??e en nomenclature des ??oliennes ; 2 le projet d'arr??t?? fixant les prescriptions g??n??rales applicables aux ??oliennes ; 3 le projet de d??cret relatif la ta...","rel":"","context":"Dans &quot;Circulaire&quot;","block_context":{"text":"Circulaire","link":"https:\/\/www.enviroscop.fr\/actu\/category\/juridique\/circulaire\/"},"img":{"alt_text":"","src":"","width":0,"height":0},"classes":[]},{"id":274,"url":"https:\/\/www.enviroscop.fr\/actu\/2011\/01\/50-000-euros-pour-le-demontage-dune-eolienne\/","url_meta":{"origin":1951,"position":2},"title":"50 000 euros pour le d\u00e9montage d&rsquo;une \u00e9olienne","author":"Enviroscop","date":"25 janvier 2011","format":false,"excerpt":"Le Minist??re vient de sortir une nouvelle mouture du projet de modification du Code de l'Environnement et de l'arr??t?? l'accompagnant pour la d??fintion des garanties financi??res pour les ??oliennes Vous pouvez t??l??charger le projet \"pris pour applic...","rel":"","context":"Dans &quot;Eolien&quot;","block_context":{"text":"Eolien","link":"https:\/\/www.enviroscop.fr\/actu\/category\/energie\/renouvelable\/eolien\/"},"img":{"alt_text":"","src":"","width":0,"height":0},"classes":[]},{"id":798,"url":"https:\/\/www.enviroscop.fr\/actu\/2013\/04\/contrat-dachat-de-lenergie-eolienne\/","url_meta":{"origin":1951,"position":3},"title":"Contrat d&rsquo;achat de l&rsquo;\u00e9nergie \u00e9olienne","author":"Enviroscop","date":"1 avril 2013","format":false,"excerpt":"Le Minist\u00e8re de l'Ecologie vient de publier son nouveau mod\u00e8le de contrat de rachat d'\u00e9nergie d'origine \u00e9olienne. N\u00e9goci\u00e9 avec EDF, il permet de \"s\u00e9curiser\" la fili\u00e8re dans l'attente\u00a0de la validation de l'arr\u00eat\u00e9 tarifaire \u2013 suspendue \u00e0 une d\u00e9cision de la Cour de Justice de l'Union Europ\u00e9enne. Pr\u00e8s de 1600 MW\u2026","rel":"","context":"Dans &quot;Energie&quot;","block_context":{"text":"Energie","link":"https:\/\/www.enviroscop.fr\/actu\/category\/energie\/"},"img":{"alt_text":"","src":"","width":0,"height":0},"classes":[]},{"id":2092,"url":"https:\/\/www.enviroscop.fr\/actu\/2014\/10\/consultation-publique-modification-des-prescriptions-generales-applicables-aux-eoliennes\/","url_meta":{"origin":1951,"position":4},"title":"Consultation publique : modification des prescriptions g\u00e9n\u00e9rales applicables aux \u00e9oliennes","author":"Enviroscop","date":"10 octobre 2014","format":false,"excerpt":"La pr\u00e9sente consultation concerne le projet d\u2019arr\u00eat\u00e9 modifiant l\u2019arr\u00eat\u00e9 du 26 ao\u00fbt 2011 relatif aux installations de production d\u2019\u00e9lectricit\u00e9 utilisant l\u2019\u00e9nergie m\u00e9canique du vent au sein d\u2019une installation soumise \u00e0 autorisation au titre de la rubrique 2980 de la l\u00e9gislation des installations class\u00e9es pour la protection de l\u2019environnement et l\u2019arr\u00eat\u00e9\u2026","rel":"","context":"Dans &quot;Eolien&quot;","block_context":{"text":"Eolien","link":"https:\/\/www.enviroscop.fr\/actu\/category\/energie\/renouvelable\/eolien\/"},"img":{"alt_text":"","src":"","width":0,"height":0},"classes":[]},{"id":2148,"url":"https:\/\/www.enviroscop.fr\/actu\/2014\/11\/evaluation-environnementale-le-schema-regional-eolien-dile-de-france-annule-par-la-justice\/","url_meta":{"origin":1951,"position":5},"title":"Evaluation environnementale : le sch\u00e9ma r\u00e9gional \u00e9olien d\u2019Ile-de-France annul\u00e9 par la justice","author":"Enviroscop","date":"21 novembre 2014","format":false,"excerpt":"Le sch\u00e9ma r\u00e9gional \u00e9olien d'Ile-de-France, arr\u00eat\u00e9 le 28 septembre 2012 par le pr\u00e9fet de la r\u00e9gion d\u2019Ile-de-France, vient d'\u00eatre annul\u00e9 par le tribunal administratif de Paris car il n'avait pas \u00e9t\u00e9 soumis \u00e0 une \u00e9valuation environnementale. Tout n'est pas encore clair dans l'esprit de chacun sur le sens de cette\u2026","rel":"","context":"Dans &quot;Arr\u00eat\u00e9&quot;","block_context":{"text":"Arr\u00eat\u00e9","link":"https:\/\/www.enviroscop.fr\/actu\/category\/juridique\/arrete\/"},"img":{"alt_text":"","src":"","width":0,"height":0},"classes":[]}],"jetpack_sharing_enabled":true,"_links":{"self":[{"href":"https:\/\/www.enviroscop.fr\/actu\/wp-json\/wp\/v2\/posts\/1951","targetHints":{"allow":["GET"]}}],"collection":[{"href":"https:\/\/www.enviroscop.fr\/actu\/wp-json\/wp\/v2\/posts"}],"about":[{"href":"https:\/\/www.enviroscop.fr\/actu\/wp-json\/wp\/v2\/types\/post"}],"author":[{"embeddable":true,"href":"https:\/\/www.enviroscop.fr\/actu\/wp-json\/wp\/v2\/users\/1"}],"replies":[{"embeddable":true,"href":"https:\/\/www.enviroscop.fr\/actu\/wp-json\/wp\/v2\/comments?post=1951"}],"version-history":[{"count":0,"href":"https:\/\/www.enviroscop.fr\/actu\/wp-json\/wp\/v2\/posts\/1951\/revisions"}],"wp:attachment":[{"href":"https:\/\/www.enviroscop.fr\/actu\/wp-json\/wp\/v2\/media?parent=1951"}],"wp:term":[{"taxonomy":"category","embeddable":true,"href":"https:\/\/www.enviroscop.fr\/actu\/wp-json\/wp\/v2\/categories?post=1951"},{"taxonomy":"post_tag","embeddable":true,"href":"https:\/\/www.enviroscop.fr\/actu\/wp-json\/wp\/v2\/tags?post=1951"}],"curies":[{"name":"wp","href":"https:\/\/api.w.org\/{rel}","templated":true}]}}