{"id":1958,"date":"2014-06-07T10:10:56","date_gmt":"2014-06-07T09:10:56","guid":{"rendered":"http:\/\/www.enviroscop.fr\/actu\/?p=1958"},"modified":"2014-06-07T10:10:56","modified_gmt":"2014-06-07T09:10:56","slug":"parution-de-lannuaire-de-la-filiere-genie-ecologique","status":"publish","type":"post","link":"https:\/\/www.enviroscop.fr\/actu\/2014\/06\/parution-de-lannuaire-de-la-filiere-genie-ecologique\/","title":{"rendered":"Parution de l&rsquo;annuaire de la fili\u00e8re g\u00e9nie \u00e9cologique"},"content":{"rendered":"<p><a href=\"https:\/\/i0.wp.com\/www.enviroscop.fr\/actu\/wp-content\/uploads\/2014\/06\/annuaire.jpg?ssl=1\"><img data-recalc-dims=\"1\" loading=\"lazy\" decoding=\"async\" data-attachment-id=\"1959\" data-permalink=\"https:\/\/www.enviroscop.fr\/actu\/2014\/06\/parution-de-lannuaire-de-la-filiere-genie-ecologique\/annuaire\/\" data-orig-file=\"https:\/\/i0.wp.com\/www.enviroscop.fr\/actu\/wp-content\/uploads\/2014\/06\/annuaire.jpg?fit=419%2C592&amp;ssl=1\" data-orig-size=\"419,592\" data-comments-opened=\"1\" data-image-meta=\"{&quot;aperture&quot;:&quot;0&quot;,&quot;credit&quot;:&quot;&quot;,&quot;camera&quot;:&quot;&quot;,&quot;caption&quot;:&quot;&quot;,&quot;created_timestamp&quot;:&quot;0&quot;,&quot;copyright&quot;:&quot;&quot;,&quot;focal_length&quot;:&quot;0&quot;,&quot;iso&quot;:&quot;0&quot;,&quot;shutter_speed&quot;:&quot;0&quot;,&quot;title&quot;:&quot;&quot;}\" data-image-title=\"annuaire\" data-image-description=\"\" data-image-caption=\"\" data-large-file=\"https:\/\/i0.wp.com\/www.enviroscop.fr\/actu\/wp-content\/uploads\/2014\/06\/annuaire.jpg?fit=419%2C592&amp;ssl=1\" class=\"alignleft wp-image-1959 \" src=\"https:\/\/i0.wp.com\/www.enviroscop.fr\/actu\/wp-content\/uploads\/2014\/06\/annuaire.jpg?resize=187%2C265&#038;ssl=1\" alt=\"annuaire\" width=\"187\" height=\"265\" srcset=\"https:\/\/i0.wp.com\/www.enviroscop.fr\/actu\/wp-content\/uploads\/2014\/06\/annuaire.jpg?resize=212%2C300&amp;ssl=1 212w, https:\/\/i0.wp.com\/www.enviroscop.fr\/actu\/wp-content\/uploads\/2014\/06\/annuaire.jpg?w=419&amp;ssl=1 419w\" sizes=\"auto, (max-width: 187px) 100vw, 187px\" \/><\/a>Le Minist\u00e8re vient de faire para\u00eetre son premier annuaire de la fili\u00e8re.<\/p>\n<p>Bien \u00e9videmment, nous y figurons.<\/p>\n<p>Retrouver l&rsquo;int\u00e9gralit\u00e9 de l&rsquo;<a title=\"Annuaire de la fili\u00e8re g\u00e9nie \u00e9cologique\" href=\"http:\/\/www.developpement-durable.gouv.fr\/IMG\/pdf\/Annuaire-DEF_light.pdf\" target=\"_blank\">annuaire ICI<\/a>.<\/p>\n","protected":false},"excerpt":{"rendered":"<p>Le Minist\u00e8re vient de faire para\u00eetre son premier annuaire de la fili\u00e8re. Bien \u00e9videmment, nous y figurons. Retrouver l&rsquo;int\u00e9gralit\u00e9 de l&rsquo;annuaire ICI.<\/p>\n","protected":false},"author":1,"featured_media":0,"comment_status":"open","ping_status":"open","sticky":false,"template":"","format":"standard","meta":{"jetpack_post_was_ever_published":false,"_jetpack_newsletter_access":"","_jetpack_dont_email_post_to_subs":false,"_jetpack_newsletter_tier_id":0,"_jetpack_memberships_contains_paywalled_content":false,"_jetpack_memberships_contains_paid_content":false,"footnotes":"","jetpack_publicize_message":"","jetpack_publicize_feature_enabled":true,"jetpack_social_post_already_shared":true,"jetpack_social_options":{"image_generator_settings":{"template":"highway","default_image_id":0,"font":"","enabled":false},"version":2}},"categories":[20,6,1,25,68,38],"tags":[],"class_list":["post-1958","post","type-post","status-publish","format-standard","hentry","category-durable","category-ecologie","category-non-classe","category-enviroscop","category-france","category-ministere","item-wrap"],"jetpack_publicize_connections":[],"jetpack_featured_media_url":"","jetpack_shortlink":"https:\/\/wp.me\/p3rXAp-vA","jetpack_likes_enabled":true,"jetpack-related-posts":[{"id":798,"url":"https:\/\/www.enviroscop.fr\/actu\/2013\/04\/contrat-dachat-de-lenergie-eolienne\/","url_meta":{"origin":1958,"position":0},"title":"Contrat d&rsquo;achat de l&rsquo;\u00e9nergie \u00e9olienne","author":"Enviroscop","date":"1 avril 2013","format":false,"excerpt":"Le Minist\u00e8re de l'Ecologie vient de publier son nouveau mod\u00e8le de contrat de rachat d'\u00e9nergie d'origine \u00e9olienne. N\u00e9goci\u00e9 avec EDF, il permet de \"s\u00e9curiser\" la fili\u00e8re dans l'attente\u00a0de la validation de l'arr\u00eat\u00e9 tarifaire \u2013 suspendue \u00e0 une d\u00e9cision de la Cour de Justice de l'Union Europ\u00e9enne. Pr\u00e8s de 1600 MW\u2026","rel":"","context":"Dans &quot;Energie&quot;","block_context":{"text":"Energie","link":"https:\/\/www.enviroscop.fr\/actu\/category\/energie\/"},"img":{"alt_text":"","src":"","width":0,"height":0},"classes":[]},{"id":1250,"url":"https:\/\/www.enviroscop.fr\/actu\/2013\/07\/la-filiere-eolienne-volontaire-pour-limiter-la-hausse-des-couts-de-lelectricite-communiques-de-presse-espace-presse-accueil-france-energie-eolienne\/","url_meta":{"origin":1958,"position":1},"title":"La fili\u00e8re \u00e9olienne volontaire pour limiter la hausse des co\u00fbts de l\u2019\u00e9lectricit\u00e9 \/ Communiqu\u00e9s de Presse \/ Espace Presse \/ Accueil &#8211; France Energie Eolienne","author":"Enviroscop","date":"9 juillet 2013","format":false,"excerpt":"France Energie Eolienne (FEE) r\u00e9agit au communiqu\u00e9 du minist\u00e8re de l\u2019Ecologie annon\u00e7ant une hausse de la facture d\u2019\u00e9lectricit\u00e9 de 5% en 2013 puis en 2014. Cette hausse est due aux co\u00fbts de production et de commercialisation d\u2019EDF et en aucun cas aux co\u00fbts de production des \u00e9nergies renouvelables. T\u00e9l\u00e9charger le\u2026","rel":"","context":"Dans &quot;Energie&quot;","block_context":{"text":"Energie","link":"https:\/\/www.enviroscop.fr\/actu\/category\/energie\/"},"img":{"alt_text":"La fili\u00e8re \u00e9olienne volontaire pour limiter la hausse des co\u00fbts de l\u2019\u00e9lectricit\u00e9 \/ Communiqu\u00e9s de Presse \/ Espace Presse \/ Accueil - France Energie Eolienne","src":"https:\/\/i0.wp.com\/www.enviroscop.fr\/actu\/wp-content\/uploads\/2013\/07\/logo-a-la-une.jpg?resize=350%2C200","width":350,"height":200},"classes":[]},{"id":4438,"url":"https:\/\/www.enviroscop.fr\/actu\/2021\/10\/eolien-barbara-pompili-presente-de-nouvelles-mesures-pour-un-developpement-maitrise-et-responsable-de-la-filiere\/","url_meta":{"origin":1958,"position":2},"title":"Eolien : Barbara Pompili pr\u00e9sente de nouvelles mesures pour un d\u00e9veloppement \u00ab\u00a0ma\u00eetris\u00e9 et responsable\u00a0\u00bb de la fili\u00e8re","author":"Enviroscop","date":"6 octobre 2021","format":false,"excerpt":"A l'issue d'une rencontre avec les repr\u00e9sentants de la fili\u00e8re ce 5 octobre, la ministre de la Transition \u00e9cologique a pr\u00e9sent\u00e9 de nouvelles mesures pour favoriser l'essor \"ma\u00eetris\u00e9\" des parcs \u00e9oliens, dont le d\u00e9ploiement est jug\u00e9 n\u00e9cessaire pour tenir les objectifs \u00e9nerg\u00e9tiques et climatiques de la France. Pour apaiser les\u2026","rel":"","context":"Dans &quot;Air&quot;","block_context":{"text":"Air","link":"https:\/\/www.enviroscop.fr\/actu\/category\/compartiments\/air\/"},"img":{"alt_text":"","src":"https:\/\/i0.wp.com\/www.enviroscop.fr\/actu\/wp-content\/uploads\/2013\/03\/Graphique-1.png?resize=350%2C200","width":350,"height":200},"classes":[]},{"id":2296,"url":"https:\/\/www.enviroscop.fr\/actu\/2015\/04\/tableau-de-bord-eolien-photovoltaique-2014-marque-un-retour-a-la-hausse-ministere-du-developpement-durable\/","url_meta":{"origin":1958,"position":3},"title":"Tableau de bord \u00e9olien photovolta\u00efque : 2014 marque un retour \u00e0 la hausse &#8211; Minist\u00e8re du D\u00e9veloppement durable","author":"Enviroscop","date":"13 avril 2015","format":false,"excerpt":"2014 s\u2019inscrit respectivement pour l\u2019\u00e9olien et le photovolta\u00efque comme la quatri\u00e8me et la troisi\u00e8me meilleure ann\u00e9e en termes de puissance raccord\u00e9e. Les capacit\u00e9s des deux fili\u00e8res progressent au m\u00eame rythme, avec pr\u00e8s de 1 000 MW suppl\u00e9mentaires sur l\u2019ann\u00e9e. \u00c9olien\u00a0: hausse de 6\u00a0% de la production La fili\u00e8re \u00e9olienne, apr\u00e8s\u2026","rel":"","context":"Dans &quot;Energie&quot;","block_context":{"text":"Energie","link":"https:\/\/www.enviroscop.fr\/actu\/category\/energie\/"},"img":{"alt_text":"","src":"https:\/\/i0.wp.com\/www.developpement-durable.gouv.fr\/IMG\/png\/courbe_e-pv.png?resize=350%2C200","width":350,"height":200},"classes":[]},{"id":2355,"url":"https:\/\/www.enviroscop.fr\/actu\/2015\/06\/parution-du-tableau-de-bord-eolien-photovoltaique-juin-2015\/","url_meta":{"origin":1958,"position":4},"title":"Parution du Tableau de bord \u00e9olien-photovolta\u00efque, juin 2015","author":"Enviroscop","date":"3 juin 2015","format":false,"excerpt":"Le parc \u00e9olien fran\u00e7ais atteint une puissance install\u00e9e de 9 482 MW \u00e0 fin mars 2015. Sur l\u2019ensemble de l\u2019ann\u00e9e 2014, la puissance raccord\u00e9e a \u00e9t\u00e9 r\u00e9\u00e9valu\u00e9e \u00e0 la hausse, \u00e0 1 071 MW, soit un niveau in\u00e9gal\u00e9 depuis 2010. Par rapport \u00e0 2013, la puissance raccord\u00e9e en 2014 a\u2026","rel":"","context":"Dans &quot;Enviroscop&quot;","block_context":{"text":"Enviroscop","link":"https:\/\/www.enviroscop.fr\/actu\/category\/non-classe\/"},"img":{"alt_text":"","src":"","width":0,"height":0},"classes":[]},{"id":2883,"url":"https:\/\/www.enviroscop.fr\/actu\/2017\/09\/les-energies-renouvelables-en-france-en-2016\/","url_meta":{"origin":1958,"position":5},"title":"Les \u00e9nergies renouvelables en France en 2016","author":"Enviroscop","date":"12 septembre 2017","format":false,"excerpt":"Suivi de la directive 2009\/28\/CE relative \u00e0 la promotion de l'utilisation des \u00e9nergies renouvelables Publication du Minist\u00e8re : Datalab essentiel n\u00b0 118 - Septembre 2017 \u00a0 \u00a0 \u00a0 \u00a0 La part des \u00e9nergies renouvelables dans la consommation finale brute d\u2019\u00e9nergie en France s\u2019\u00e9l\u00e8ve \u00e0 15,7\u00a0% en\u00a02016, d\u2019apr\u00e8s des estimations provisoires,\u2026","rel":"","context":"Dans &quot;Energie&quot;","block_context":{"text":"Energie","link":"https:\/\/www.enviroscop.fr\/actu\/category\/energie\/"},"img":{"alt_text":"Les \u00e9nergies renouvelables en France en 2016 - Suivi de la directive 2009\/28\/CE relative \u00e0 la promotion de l'utilisation des \u00e9nergies renouvelables","src":"https:\/\/i0.wp.com\/www.statistiques.developpement-durable.gouv.fr\/uploads\/pics\/datalab-essentiel-118-energies-renouvelables-septembre2017.jpg?resize=350%2C200","width":350,"height":200},"classes":[]}],"jetpack_sharing_enabled":true,"_links":{"self":[{"href":"https:\/\/www.enviroscop.fr\/actu\/wp-json\/wp\/v2\/posts\/1958","targetHints":{"allow":["GET"]}}],"collection":[{"href":"https:\/\/www.enviroscop.fr\/actu\/wp-json\/wp\/v2\/posts"}],"about":[{"href":"https:\/\/www.enviroscop.fr\/actu\/wp-json\/wp\/v2\/types\/post"}],"author":[{"embeddable":true,"href":"https:\/\/www.enviroscop.fr\/actu\/wp-json\/wp\/v2\/users\/1"}],"replies":[{"embeddable":true,"href":"https:\/\/www.enviroscop.fr\/actu\/wp-json\/wp\/v2\/comments?post=1958"}],"version-history":[{"count":0,"href":"https:\/\/www.enviroscop.fr\/actu\/wp-json\/wp\/v2\/posts\/1958\/revisions"}],"wp:attachment":[{"href":"https:\/\/www.enviroscop.fr\/actu\/wp-json\/wp\/v2\/media?parent=1958"}],"wp:term":[{"taxonomy":"category","embeddable":true,"href":"https:\/\/www.enviroscop.fr\/actu\/wp-json\/wp\/v2\/categories?post=1958"},{"taxonomy":"post_tag","embeddable":true,"href":"https:\/\/www.enviroscop.fr\/actu\/wp-json\/wp\/v2\/tags?post=1958"}],"curies":[{"name":"wp","href":"https:\/\/api.w.org\/{rel}","templated":true}]}}