{"id":202,"date":"2013-01-31T09:42:00","date_gmt":"2013-01-31T09:42:00","guid":{"rendered":"http:\/\/actu.enviroscop.com\/restirction-de-leclairage-nocturne-des-batime"},"modified":"2013-03-01T21:51:23","modified_gmt":"2013-03-01T20:51:23","slug":"restirction-de-leclairage-nocturne-des-batime","status":"publish","type":"post","link":"https:\/\/www.enviroscop.fr\/actu\/2013\/01\/restirction-de-leclairage-nocturne-des-batime\/","title":{"rendered":"Restriction de l&rsquo;\u00e9clairage nocturne des b\u00e2timents non r\u00e9sidentiels"},"content":{"rendered":"<p>Publi\u00e9 ce 30 janvier au Journal officiel, un arr\u00eat\u00e9 de la ministre de l&rsquo;Ecologie restreint l&rsquo;\u00e9clairage des commerces et des bureaux la nuit \u00e0 partir du 1er juillet 2013. Le texte pr\u00e9voit toutefois plusieurs types de d\u00e9rogations, notamment dans \u00ab\u00a0les zones touristiques d&rsquo;affluence exceptionnelle ou d&rsquo;animation culturelle permanente\u00a0\u00bb.<\/p>\n<p>Cet arr\u00eat\u00e9 vient en compl\u00e9ment au d\u00e9cret du 30 janvier 2012, entr\u00e9 en application le 1er juillet 2012 et qui pr\u00e9voit l&rsquo;obligation d&rsquo;extinction des enseignes lumineuses commerciales entre 1h et 6h du matin.<\/p>\n<p>Pour plus de pr\u00e9cisions, voir sur <a href=\"http:\/\/www.localtis.info\/cs\/ContentServer?pagename=Localtis\/LOCActu\/ArticleActualite&amp;cid=1250264762833&amp;jid=1250264766103\" target=\"_blank\">Localtis<\/a>.<\/p>\n","protected":false},"excerpt":{"rendered":"<p>Publi?? ce 30 janvier au Journal officiel, un arr??t?? de la ministre de l&rsquo;Ecologie restreint l&rsquo;??clairage des commerces et des bureaux la nuit   partir du 1er juillet 2013. Le texte pr??voit toutefois plusieurs types de d??rogations, notamment d&#8230;<\/p>\n","protected":false},"author":1,"featured_media":0,"comment_status":"open","ping_status":"open","sticky":false,"template":"","format":"standard","meta":{"jetpack_post_was_ever_published":false,"_jetpack_newsletter_access":"","_jetpack_dont_email_post_to_subs":false,"_jetpack_newsletter_tier_id":0,"_jetpack_memberships_contains_paywalled_content":false,"_jetpack_memberships_contains_paid_content":false,"footnotes":"","jetpack_publicize_message":"","jetpack_publicize_feature_enabled":true,"jetpack_social_post_already_shared":false,"jetpack_social_options":{"image_generator_settings":{"template":"highway","default_image_id":0,"font":"","enabled":false},"version":2}},"categories":[7,35],"tags":[],"class_list":["post-202","post","type-post","status-publish","format-standard","hentry","category-energie","category-juridique","item-wrap"],"jetpack_publicize_connections":[],"jetpack_featured_media_url":"","jetpack_shortlink":"https:\/\/wp.me\/p3rXAp-3g","jetpack_likes_enabled":true,"jetpack-related-posts":[{"id":3216,"url":"https:\/\/www.enviroscop.fr\/actu\/2019\/01\/pollution-lumineuse\/","url_meta":{"origin":202,"position":0},"title":"Pollution lumineuse","author":"Enviroscop","date":"7 janvier 2019","format":false,"excerpt":"Arr\u00eat\u00e9 du\u00a027 d\u00e9cembre 2018\u00a0relatif \u00e0 la pr\u00e9vention, \u00e0 la r\u00e9duction et \u00e0 la limitation des nuisances lumineuses NOR:\u00a0TREP1831126AELI: https:\/\/www.legifrance.gouv.fr\/eli\/arrete\/2018\/12\/27\/TREP1831126A\/jo\/texte Publics concern\u00e9s : Etat, collectivit\u00e9s, entreprises, organisations.\u00a0Objet : fixation de prescriptions techniques concernant la conception et le fonctionnement des installations lumineuses vis\u00e9es \u00e0 l'article R. 583-2 du code de l'environnement\u00a0selon les\u2026","rel":"","context":"Dans &quot;Enviroscop&quot;","block_context":{"text":"Enviroscop","link":"https:\/\/www.enviroscop.fr\/actu\/category\/non-classe\/"},"img":{"alt_text":"","src":"","width":0,"height":0},"classes":[]},{"id":2678,"url":"https:\/\/www.enviroscop.fr\/actu\/2016\/10\/arrete-du-30-septembre-2016-modifiant-larrete-du-22-septembre-1994-relatif-aux-exploitations-de-carrieres-aux-installations-de-premier-traitement-des-materiaux-de-carrieres\/","url_meta":{"origin":202,"position":1},"title":"Arr\u00eat\u00e9 du 30 septembre 2016 modifiant l&rsquo;arr\u00eat\u00e9 du 22 septembre 1994 relatif aux exploitations de carri\u00e8res et aux installations de premier traitement des mat\u00e9riaux de carri\u00e8res","author":"Enviroscop","date":"12 octobre 2016","format":false,"excerpt":"Publics concern\u00e9s : exploitants de carri\u00e8res soumises au r\u00e9gime de l'autorisation au titre des installations class\u00e9es pour la protection de l'environnement. Objet : surveillance environnementale des poussi\u00e8res \u00e9mises par les exploitations de carri\u00e8res, remblayage des carri\u00e8res et profil des zones d'extraction. Abrogation de l'arr\u00eat\u00e9 du 23 f\u00e9vrier 1998 fixant les\u2026","rel":"","context":"Dans &quot;Carri\u00e8res&quot;","block_context":{"text":"Carri\u00e8res","link":"https:\/\/www.enviroscop.fr\/actu\/category\/icpe\/carrieres\/"},"img":{"alt_text":"17141_une","src":"https:\/\/i0.wp.com\/www.enviroscop.fr\/actu\/wp-content\/uploads\/2013\/05\/17141_une-300x152.jpg?resize=350%2C200","width":350,"height":200},"classes":[]},{"id":3966,"url":"https:\/\/www.enviroscop.fr\/actu\/2020\/12\/simplification-de-la-procedure-dautorisation-environnementale\/","url_meta":{"origin":202,"position":2},"title":"Simplification de la proc\u00e9dure d&rsquo;autorisation environnementale","author":"Enviroscop","date":"16 d\u00e9cembre 2020","format":false,"excerpt":"D\u00e9cret n\u00b0 2019-1352 du 12 d\u00e9cembre 2019 portant diverses dispositions de simplification de la proc\u00e9dure d'autorisation environnementale Publics concern\u00e9s : services de l'Etat, professionnels, particuliers, ma\u00eetres d'ouvrage, associations, bureaux d'\u00e9tudes. Objet : simplification de la proc\u00e9dure d'autorisation environnementale. Entr\u00e9e en vigueur : le texte entre en vigueur au lendemain de\u2026","rel":"","context":"Dans &quot;droit&quot;","block_context":{"text":"droit","link":"https:\/\/www.enviroscop.fr\/actu\/category\/juridique\/droit\/"},"img":{"alt_text":"","src":"https:\/\/i0.wp.com\/www.enviroscop.fr\/actu\/wp-content\/uploads\/2013\/05\/17141_une-300x152.jpg?resize=350%2C200","width":350,"height":200},"classes":[]},{"id":4899,"url":"https:\/\/www.enviroscop.fr\/actu\/2022\/08\/le-decret-pour-interdire-les-publicites-lumineuses-la-nuit-prevu-avant-la-fin-de-lete\/","url_meta":{"origin":202,"position":3},"title":"Le d\u00e9cret pour interdire les publicit\u00e9s lumineuses la nuit pr\u00e9vu avant la fin de l&rsquo;\u00e9t\u00e9","author":"Enviroscop","date":"23 ao\u00fbt 2022","format":false,"excerpt":"La France va d'ici \u00ab la fin de l'\u00e9t\u00e9 \u00bb unifier les r\u00e8gles d'interdiction des publicit\u00e9s lumineuses entre 1h et 6h du matin, et interdire au niveau national les portes ouvertes des commerces chauff\u00e9s ou climatis\u00e9s, a indiqu\u00e9 lundi le minist\u00e8re de la Transition \u00e9nerg\u00e9tique dans un nouveau calendrier. Les\u2026","rel":"","context":"Dans &quot;ADN.fr&quot;","block_context":{"text":"ADN.fr","link":"https:\/\/www.enviroscop.fr\/actu\/category\/source\/adnfr\/"},"img":{"alt_text":"","src":"https:\/\/i0.wp.com\/www.enviroscop.fr\/actu\/wp-content\/uploads\/2013\/06\/breve15891a.jpg?resize=350%2C200","width":350,"height":200},"classes":[]},{"id":30,"url":"https:\/\/www.enviroscop.fr\/actu\/2011\/01\/loi-du-5-janvier-2011-portant-diverses-dispos\/","url_meta":{"origin":202,"position":4},"title":"Loi du 5 janvier 2011 portant diverses dispositions d&rsquo;adaptation de la l??gislation au droit de l&rsquo;Union europ??enne","author":"Enviroscop","date":"7 janvier 2011","format":false,"excerpt":"Report de la mise en conformit?? des Scot et des PLU Deux articles modifient les dispositions de la loi du 12 juillet 2010 portant engagement national pour l???environnement, dite \"Grenelle 2\", dans le domaine de l???urbanisme : L???article 19 r??tablit l...","rel":"","context":"Dans &quot;Juridique&quot;","block_context":{"text":"Juridique","link":"https:\/\/www.enviroscop.fr\/actu\/category\/juridique\/"},"img":{"alt_text":"","src":"","width":0,"height":0},"classes":[]},{"id":4861,"url":"https:\/\/www.enviroscop.fr\/actu\/2022\/07\/arrete-du-4-juillet-2022-portant-delegation-de-pouvoir-du-ministre-de-linterieur-dans-les-situations-durgence-a-caractere-civil\/","url_meta":{"origin":202,"position":5},"title":"Arr\u00eat\u00e9 du 4 juillet 2022 portant d\u00e9l\u00e9gation de pouvoir du ministre de l&rsquo;int\u00e9rieur dans les situations d&rsquo;urgence \u00e0 caract\u00e8re civil","author":"Enviroscop","date":"6 juillet 2022","format":false,"excerpt":"En application des\u00a0dispositions de l'article R. 122-14 du code de l'environnement, et dans les conditions pr\u00e9cis\u00e9es au quatri\u00e8me alin\u00e9a de cet article, le ministre de l'int\u00e9rieur peut d\u00e9l\u00e9guer au pr\u00e9fet de d\u00e9partement son pouvoir de d\u00e9cision. Est d\u00e9l\u00e9gu\u00e9 le pouvoir d\u00e9volu au ministre de l'int\u00e9rieur de caract\u00e9riser une situation comme\u2026","rel":"","context":"Dans &quot;Arr\u00eat\u00e9&quot;","block_context":{"text":"Arr\u00eat\u00e9","link":"https:\/\/www.enviroscop.fr\/actu\/category\/juridique\/arrete\/"},"img":{"alt_text":"","src":"https:\/\/i0.wp.com\/www.enviroscop.fr\/actu\/wp-content\/uploads\/2013\/05\/17141_une.jpg?resize=350%2C200","width":350,"height":200},"classes":[]}],"jetpack_sharing_enabled":true,"_links":{"self":[{"href":"https:\/\/www.enviroscop.fr\/actu\/wp-json\/wp\/v2\/posts\/202","targetHints":{"allow":["GET"]}}],"collection":[{"href":"https:\/\/www.enviroscop.fr\/actu\/wp-json\/wp\/v2\/posts"}],"about":[{"href":"https:\/\/www.enviroscop.fr\/actu\/wp-json\/wp\/v2\/types\/post"}],"author":[{"embeddable":true,"href":"https:\/\/www.enviroscop.fr\/actu\/wp-json\/wp\/v2\/users\/1"}],"replies":[{"embeddable":true,"href":"https:\/\/www.enviroscop.fr\/actu\/wp-json\/wp\/v2\/comments?post=202"}],"version-history":[{"count":0,"href":"https:\/\/www.enviroscop.fr\/actu\/wp-json\/wp\/v2\/posts\/202\/revisions"}],"wp:attachment":[{"href":"https:\/\/www.enviroscop.fr\/actu\/wp-json\/wp\/v2\/media?parent=202"}],"wp:term":[{"taxonomy":"category","embeddable":true,"href":"https:\/\/www.enviroscop.fr\/actu\/wp-json\/wp\/v2\/categories?post=202"},{"taxonomy":"post_tag","embeddable":true,"href":"https:\/\/www.enviroscop.fr\/actu\/wp-json\/wp\/v2\/tags?post=202"}],"curies":[{"name":"wp","href":"https:\/\/api.w.org\/{rel}","templated":true}]}}