{"id":209,"date":"2010-04-07T11:31:00","date_gmt":"2010-04-07T11:31:00","guid":{"rendered":"http:\/\/actu.enviroscop.com\/le-parc-eolien-francais-gagne-en-puissance"},"modified":"2020-04-08T10:17:35","modified_gmt":"2020-04-08T09:17:35","slug":"le-parc-olien-franais-gagne-en-puissance","status":"publish","type":"post","link":"https:\/\/www.enviroscop.fr\/actu\/2010\/04\/le-parc-olien-franais-gagne-en-puissance\/","title":{"rendered":"Le parc \u00e9olien fran\u00e7ais gagne en puissance"},"content":{"rendered":"<p class=\"map_chapeauarticle\">La production d&rsquo;\u00e9nergie \u00e9olienne a continu\u00e9 d&rsquo;augmenter en France en 2009, \u00e0 mesure que se sont \u00e9toff\u00e9s les parcs et leur puissance install\u00e9e. La puissance \u00e9olienne raccord\u00e9e au r\u00e9seau \u00e9tait de 4.400 MW l&rsquo;an pass\u00e9, soit pr\u00e8s d&rsquo;un tiers de plus qu&rsquo;en 2008, selon une \u00e9tude du Syndicat des \u00e9nergies renouvelables. Mais les disparit\u00e9s restent importantes selon les r\u00e9gions. Etat des lieux.<!--more--><\/p>\n<p class=\"map_chapeauarticle\">Le parc \u00e9olien fran\u00e7ais continue de s&rsquo;\u00e9tendre sur le territoire. D&rsquo;apr\u00e8s les donn\u00e9es publi\u00e9es par le Syndicat des \u00e9nergies renouvelables (Ser), la puissance \u00e9olienne raccord\u00e9e au r\u00e9seau \u00e9tait de pr\u00e8s de 4.400 MW en France m\u00e9tropolitaine \u00e0 fin 2009. La puissance install\u00e9e a encore progress\u00e9 l&rsquo;an pass\u00e9, soit +30% par rapport \u00e0 2008. Une progression en l\u00e9ger repli par rapport \u00e0 l&rsquo;\u00e9volution constat\u00e9e entre 2007 et 2008 (+38%), mais compens\u00e9e par le facteur technologie. En effet, le Ser indique que les avanc\u00e9es technologiques <em>\u00ab\u00a0se sont traduites par une augmentation rapide et constante de la puissance unitaire des \u00e9oliennes install\u00e9es\u00a0\u00bb.<\/em> Si depuis 2007 le nombre moyen d&rsquo;\u00e9oliennes install\u00e9es s&rsquo;est stabilis\u00e9 autour de 500 unit\u00e9s par an, leur puissance a augment\u00e9 chaque ann\u00e9e de 20 kW par \u00e9oliennes, passant \u00e0 2,1 MW par \u00e9olienne en 2009.<\/p>\n<div class=\"p_embed p_image_embed\"><a href=\"https:\/\/i0.wp.com\/www.enviroscop.fr\/actu\/wp-content\/uploads\/2013\/02\/moz-screenshot.png?ssl=1\"><img data-recalc-dims=\"1\" loading=\"lazy\" decoding=\"async\" src=\"https:\/\/i0.wp.com\/www.enviroscop.fr\/actu\/wp-content\/uploads\/2013\/02\/moz-screenshot.png?resize=500%2C375&#038;ssl=1\" alt=\"Moz-screenshot\" width=\"500\" height=\"375\" \/><\/a><\/div>\n<p class=\"map_chapeauarticle\"><strong>Disparit\u00e9s r\u00e9gionales<\/strong><br \/>\nLe nombre et la taille des parcs diff\u00e8rent de mani\u00e8re importante selon les r\u00e9gions. C&rsquo;est en Bretagne que l&rsquo;on en trouve le plus (62 parcs, pour 314 \u00e9oliennes au total), suivies de la Picardie et de la Lorraine (respectivement 52 et 45). C&rsquo;est la Picardie qui poss\u00e8de la plus grande puissance install\u00e9e (633,3 MW pour 292 \u00e9oliennes). Viennent ensuite le Centre 481,4 MW pour seulement 146 \u00e9oliennes r\u00e9parties dans 30 parcs), puis la Bretagne (432 MW) et la Champagne-Ardenne (355,3 MW). \u00ab\u00a0Les r\u00e9gions pionni\u00e8res du d\u00e9veloppement \u00e9olien (Bretagne et Languedoc-Roussillon) ont connu un ralentissement de l&rsquo;accroissement du parc au cours des deux derni\u00e8res ann\u00e9es, en comparaison du Nord et du Nord-Est ainsi que de la r\u00e9gion Centre qui passent maintenant en t\u00eate\u00a0\u00bb, constate le Ser. <em>\u00ab\u00a0De plus, les dix premi\u00e8res r\u00e9gions affichant les plus fortes puissances install\u00e9es repr\u00e9sentent \u00e0 elles seules 81% du parc \u00e9olien fran\u00e7ais\u00a0\u00bb.<br \/>\n<\/em><\/p>\n<p class=\"map_chapeauarticle\"><strong>Moins de limitations r\u00e9glementaires<br \/>\n<\/strong>L&rsquo;augmentation constante de la puissance moyenne des parcs \u00e9oliens install\u00e9s est due, selon le Ser, aux \u00e9volutions de la r\u00e9glementation. Depuis 2005, <em>\u00ab\u00a0il n&rsquo;existe plus, en effet, de limite maximale de puissance pour les parcs \u00e9oliens mais seulement une limite maximale de puissance pour les Zones de d\u00e9veloppement de l&rsquo;\u00e9olien\u00a0\u00bb,<\/em> commente le syndicat des \u00e9nergies renouvelables. Ainsi, la puissance moyenne est pass\u00e9e de <em>\u00ab\u00a0quelques m\u00e9gawatts au d\u00e9but des ann\u00e9es 2000 \u00e0 plus de 16 MW fin 2009\u00a0\u00bb.<\/em> Une estimation, d&rsquo;apr\u00e8s les permis de construire accord\u00e9s, pr\u00e9voit que la puissance moyenne d&rsquo;un parc install\u00e9 en 2010 sera de 20 MW.<\/p>\n<p>La production d&rsquo;\u00e9nergie \u00e9olienne s&rsquo;est \u00e9lev\u00e9e \u00e0 7,8 TWh, ce qui repr\u00e9sente 1,6% de la consommation \u00e9lectrique fran\u00e7aise. Selon R\u00e9seau de transport d&rsquo;\u00e9lectricit\u00e9 (RTE), cette part a \u00e9t\u00e9 multipli\u00e9e par 20 en six ans. Par rapport \u00e0 2008, la production d&rsquo;\u00e9lectricit\u00e9 d&rsquo;origine \u00e9olienne a gagn\u00e9 plus de 2 TWh, soit la consommation domestique de 950.000 foyers fran\u00e7ais.<\/p>\n<p class=\"map_chapeauarticle\">Source : <a class=\"moz-txt-link-freetext\" href=\"http:\/\/www.batiactu.com\">http:\/\/www.batiactu.com<\/a><\/p>\n","protected":false},"excerpt":{"rendered":"<p>La production d?????nergie ??olienne a continu?? d???augmenter en France en 2009,   mesure que se sont ??toff??s les parcs et leur puissance install??e. La puissance ??olienne raccord??e au r??seau ??tait de 4.400 MW l???an pass??, soit pr??s d&#8230;<\/p>\n","protected":false},"author":1,"featured_media":0,"comment_status":"open","ping_status":"open","sticky":false,"template":"","format":"standard","meta":{"jetpack_post_was_ever_published":false,"_jetpack_newsletter_access":"","_jetpack_dont_email_post_to_subs":false,"_jetpack_newsletter_tier_id":0,"_jetpack_memberships_contains_paywalled_content":false,"_jetpack_memberships_contains_paid_content":false,"footnotes":"","jetpack_publicize_message":"","jetpack_publicize_feature_enabled":true,"jetpack_social_post_already_shared":false,"jetpack_social_options":{"image_generator_settings":{"template":"highway","default_image_id":0,"font":"","enabled":false},"version":2}},"categories":[8],"tags":[],"class_list":["post-209","post","type-post","status-publish","format-standard","hentry","category-eolien","item-wrap"],"jetpack_publicize_connections":[],"jetpack_featured_media_url":"","jetpack_shortlink":"https:\/\/wp.me\/p3rXAp-3n","jetpack_likes_enabled":true,"jetpack-related-posts":[{"id":3698,"url":"https:\/\/www.enviroscop.fr\/actu\/2020\/04\/cetait-il-y-a-dix-ans\/","url_meta":{"origin":209,"position":0},"title":"C&rsquo;\u00e9tait il y a dix ans !","author":"Enviroscop","date":"8 avril 2020","format":false,"excerpt":"En Avril 2009, nous refondions totalement notre site (statique) pour en faire un blog dynamique.Et le premier article paru nous parlait d'\u00e9olien. Vous pouvez, si vous \u00eates nostalgique, le relire ICI. Sinon, vous trouverez ci-apr\u00e8s sa mise \u00e0 jour. Bonne lecture ! Le parc \u00e9olien fran\u00e7ais continue de s'\u00e9tendre sur\u2026","rel":"","context":"Dans &quot;Energie&quot;","block_context":{"text":"Energie","link":"https:\/\/www.enviroscop.fr\/actu\/category\/energie\/"},"img":{"alt_text":"","src":"https:\/\/i0.wp.com\/www.enviroscop.fr\/actu\/wp-content\/uploads\/2020\/04\/image-1.png?resize=350%2C200&ssl=1","width":350,"height":200,"srcset":"https:\/\/i0.wp.com\/www.enviroscop.fr\/actu\/wp-content\/uploads\/2020\/04\/image-1.png?resize=350%2C200&ssl=1 1x, https:\/\/i0.wp.com\/www.enviroscop.fr\/actu\/wp-content\/uploads\/2020\/04\/image-1.png?resize=525%2C300&ssl=1 1.5x, https:\/\/i0.wp.com\/www.enviroscop.fr\/actu\/wp-content\/uploads\/2020\/04\/image-1.png?resize=700%2C400&ssl=1 2x, https:\/\/i0.wp.com\/www.enviroscop.fr\/actu\/wp-content\/uploads\/2020\/04\/image-1.png?resize=1050%2C600&ssl=1 3x"},"classes":[]},{"id":2355,"url":"https:\/\/www.enviroscop.fr\/actu\/2015\/06\/parution-du-tableau-de-bord-eolien-photovoltaique-juin-2015\/","url_meta":{"origin":209,"position":1},"title":"Parution du Tableau de bord \u00e9olien-photovolta\u00efque, juin 2015","author":"Enviroscop","date":"3 juin 2015","format":false,"excerpt":"Le parc \u00e9olien fran\u00e7ais atteint une puissance install\u00e9e de 9 482 MW \u00e0 fin mars 2015. Sur l\u2019ensemble de l\u2019ann\u00e9e 2014, la puissance raccord\u00e9e a \u00e9t\u00e9 r\u00e9\u00e9valu\u00e9e \u00e0 la hausse, \u00e0 1 071 MW, soit un niveau in\u00e9gal\u00e9 depuis 2010. Par rapport \u00e0 2013, la puissance raccord\u00e9e en 2014 a\u2026","rel":"","context":"Dans &quot;Enviroscop&quot;","block_context":{"text":"Enviroscop","link":"https:\/\/www.enviroscop.fr\/actu\/category\/non-classe\/"},"img":{"alt_text":"","src":"","width":0,"height":0},"classes":[]},{"id":2604,"url":"https:\/\/www.enviroscop.fr\/actu\/2016\/05\/tableau-de-bord-eolien-premier-trimestre-2016\/","url_meta":{"origin":209,"position":2},"title":"Tableau de bord : \u00e9olien &#8211; Premier trimestre 2016","author":"Enviroscop","date":"30 mai 2016","format":false,"excerpt":"Chiffres et statistiques n\u00b0 764 - mai 2016 La puissance du parc \u00e9olien fran\u00e7ais atteint 10 460 MW fin mars 2016. Le seuil de 10 GW a \u00e9t\u00e9 franchi courant 2015, ann\u00e9e qui, avec une puissance raccord\u00e9e de 944 MW, s\u2019inscrit en net retrait par rapport \u00e0 2014 (- 20\u2026","rel":"","context":"Dans &quot;Energie&quot;","block_context":{"text":"Energie","link":"https:\/\/www.enviroscop.fr\/actu\/category\/energie\/"},"img":{"alt_text":"","src":"https:\/\/i0.wp.com\/www.statistiques.developpement-durable.gouv.fr\/uploads\/pics\/cs764.jpg?resize=350%2C200","width":350,"height":200},"classes":[]},{"id":4781,"url":"https:\/\/www.enviroscop.fr\/actu\/2022\/05\/barometres-eoliens-et-photovoltaiques-eurobserver\/","url_meta":{"origin":209,"position":3},"title":"Barom\u00e8tres \u00e9oliens et photovolta\u00efques EurObserv&rsquo;ER","author":"Enviroscop","date":"25 mai 2022","format":false,"excerpt":"Barom\u00e8tre Photovolta\u00efque 2022 2022,\u00a0All Photovoltaic barometers,\u00a0Barometers in French 158 911,4 mw Capacit\u00e9 photovolta\u00efque cumul\u00e9e dans l\u2019Union europ\u00e9enne fin 2021 Le solaire photovolta\u00efque a durant l\u2019ann\u00e9e 2021 poursuivi son ascension, malgr\u00e9 un contexte mondial marqu\u00e9 par une augmentation des prix de l\u2019\u00e9nergie et des composants des syst\u00e8mes solaires. Selon l\u2019Agence internationale\u2026","rel":"","context":"Dans &quot;Economie&quot;","block_context":{"text":"Economie","link":"https:\/\/www.enviroscop.fr\/actu\/category\/activite\/economie\/"},"img":{"alt_text":"","src":"https:\/\/i0.wp.com\/www.eurobserv-er.org\/wp-content\/uploads\/photovoltaic-barometer-2022-fr-cover.png?resize=350%2C200&ssl=1","width":350,"height":200},"classes":[]},{"id":2160,"url":"https:\/\/www.enviroscop.fr\/actu\/2014\/12\/tableau-de-bord-eolien-photovoltaique-2\/","url_meta":{"origin":209,"position":4},"title":"Tableau de bord \u00e9olien-photovolta\u00efque","author":"Enviroscop","date":"1 d\u00e9cembre 2014","format":false,"excerpt":"La puissance du parc \u00e9olien fran\u00e7ais s\u2019\u00e9l\u00e8ve \u00e0 8\u00a0807\u00a0MW\u00a0fin septembre 2014. L\u2019ann\u00e9e 2014 sera meilleure que 2013 en termes de\u00a0puissance raccord\u00e9e pour l\u2019\u00e9olien. La puissance raccord\u00e9e de\u00a0janvier \u00e0 septembre 2014 atteint en effet pr\u00e8s de 600 MW\u00a0d\u2019apr\u00e8s des chiffres provisoires, contre 581 MW raccord\u00e9s\u00a0sur l\u2019ensemble de l\u2019ann\u00e9e 2013. La baisse\u2026","rel":"","context":"Dans &quot;Economie&quot;","block_context":{"text":"Economie","link":"https:\/\/www.enviroscop.fr\/actu\/category\/activite\/economie\/"},"img":{"alt_text":"","src":"","width":0,"height":0},"classes":[]},{"id":1394,"url":"https:\/\/www.enviroscop.fr\/actu\/2013\/09\/eolien-solaire-quelle-volonte-politique-pour-les-energies-renouvelables\/","url_meta":{"origin":209,"position":5},"title":"Eolien, solaire&#8230; quelle volont\u00e9 politique pour les \u00e9nergies renouvelables ?","author":"Enviroscop","date":"2 septembre 2013","format":false,"excerpt":"La derni\u00e8re \u00e9dition du Tableau de bord \u00e9olien-photovolta\u00efque publi\u00e9 par le Minist\u00e8re de l'\u00e9cologie est accablante: Pour l'\u00e9olien terrestre, Les nouvelles capacit\u00e9s raccord\u00e9es au premier semestre 2013 s\u2019\u00e9tablissent \u00e0 pr\u00e8s de 200\u00a0MW, soit une baisse de 26\u00a0% par rapport au premier semestre 2012 qui n'\u00e9tait pas brillant. Pour le solaire\u2026","rel":"","context":"Dans &quot;durable&quot;","block_context":{"text":"durable","link":"https:\/\/www.enviroscop.fr\/actu\/category\/durable\/"},"img":{"alt_text":"La fili\u00e8re \u00e9olienne volontaire pour limiter la hausse des co\u00fbts de l\u2019\u00e9lectricit\u00e9 \/ Communiqu\u00e9s de Presse \/ Espace Presse \/ Accueil - France Energie Eolienne","src":"https:\/\/i0.wp.com\/www.enviroscop.fr\/actu\/wp-content\/uploads\/2013\/07\/logo-a-la-une.jpg?resize=350%2C200","width":350,"height":200},"classes":[]}],"jetpack_sharing_enabled":true,"_links":{"self":[{"href":"https:\/\/www.enviroscop.fr\/actu\/wp-json\/wp\/v2\/posts\/209","targetHints":{"allow":["GET"]}}],"collection":[{"href":"https:\/\/www.enviroscop.fr\/actu\/wp-json\/wp\/v2\/posts"}],"about":[{"href":"https:\/\/www.enviroscop.fr\/actu\/wp-json\/wp\/v2\/types\/post"}],"author":[{"embeddable":true,"href":"https:\/\/www.enviroscop.fr\/actu\/wp-json\/wp\/v2\/users\/1"}],"replies":[{"embeddable":true,"href":"https:\/\/www.enviroscop.fr\/actu\/wp-json\/wp\/v2\/comments?post=209"}],"version-history":[{"count":1,"href":"https:\/\/www.enviroscop.fr\/actu\/wp-json\/wp\/v2\/posts\/209\/revisions"}],"predecessor-version":[{"id":3695,"href":"https:\/\/www.enviroscop.fr\/actu\/wp-json\/wp\/v2\/posts\/209\/revisions\/3695"}],"wp:attachment":[{"href":"https:\/\/www.enviroscop.fr\/actu\/wp-json\/wp\/v2\/media?parent=209"}],"wp:term":[{"taxonomy":"category","embeddable":true,"href":"https:\/\/www.enviroscop.fr\/actu\/wp-json\/wp\/v2\/categories?post=209"},{"taxonomy":"post_tag","embeddable":true,"href":"https:\/\/www.enviroscop.fr\/actu\/wp-json\/wp\/v2\/tags?post=209"}],"curies":[{"name":"wp","href":"https:\/\/api.w.org\/{rel}","templated":true}]}}