{"id":2092,"date":"2014-10-10T08:00:54","date_gmt":"2014-10-10T07:00:54","guid":{"rendered":"http:\/\/www.enviroscop.fr\/actu\/?p=2092"},"modified":"2014-10-10T08:00:54","modified_gmt":"2014-10-10T07:00:54","slug":"consultation-publique-modification-des-prescriptions-generales-applicables-aux-eoliennes","status":"publish","type":"post","link":"https:\/\/www.enviroscop.fr\/actu\/2014\/10\/consultation-publique-modification-des-prescriptions-generales-applicables-aux-eoliennes\/","title":{"rendered":"Consultation publique : modification des prescriptions g\u00e9n\u00e9rales applicables aux \u00e9oliennes"},"content":{"rendered":"<p>La pr\u00e9sente consultation concerne le projet d\u2019arr\u00eat\u00e9 modifiant l\u2019arr\u00eat\u00e9 du 26 ao\u00fbt 2011 relatif aux installations de production d\u2019\u00e9lectricit\u00e9 utilisant l\u2019\u00e9nergie m\u00e9canique du vent au sein d\u2019une installation soumise \u00e0 autorisation au titre de la rubrique 2980 de la l\u00e9gislation des installations class\u00e9es pour la protection de l\u2019environnement et l\u2019arr\u00eat\u00e9 du 26 ao\u00fbt 2011 relatif \u00e0 la remise en \u00e9tat et \u00e0 la constitution des garanties financi\u00e8res pour les installations de production d\u2019\u00e9lectricit\u00e9 utilisant l\u2019\u00e9nergie m\u00e9canique du vent.<\/p>\n<p>Vous pouvez consulter ce projet de texte et faire part de vos observations, en suivant le lien ci-dessous, du 9 au 30 octobre 2014 inclus.<\/p>\n<p><a href=\"http:\/\/www.consultations-publiques.developpement-durable.gouv.fr\/modification-des-prescriptions-a780.html\">Modification des prescriptions g\u00e9n\u00e9rales applicables aux \u00e9oliennes &#8211; Les consultations publiques du minist\u00e8re du D\u00e9veloppement durable<\/a>.<\/p>\n","protected":false},"excerpt":{"rendered":"<p>La pr\u00e9sente consultation concerne le projet d\u2019arr\u00eat\u00e9 modifiant l\u2019arr\u00eat\u00e9 du 26 ao\u00fbt 2011 relatif aux installations de production d\u2019\u00e9lectricit\u00e9 utilisant l\u2019\u00e9nergie m\u00e9canique du vent au sein d\u2019une installation soumise \u00e0 autorisation au titre de la rubrique 2980 de la l\u00e9gislation des installations class\u00e9es pour la protection de l\u2019environnement et l\u2019arr\u00eat\u00e9 du 26 ao\u00fbt 2011 relatif &hellip; <\/p>\n<p><a class=\"more-link btn\" href=\"https:\/\/www.enviroscop.fr\/actu\/2014\/10\/consultation-publique-modification-des-prescriptions-generales-applicables-aux-eoliennes\/\">Lire la suite<\/a><\/p>\n","protected":false},"author":1,"featured_media":0,"comment_status":"open","ping_status":"open","sticky":false,"template":"","format":"standard","meta":{"jetpack_post_was_ever_published":false,"_jetpack_newsletter_access":"","_jetpack_dont_email_post_to_subs":false,"_jetpack_newsletter_tier_id":0,"_jetpack_memberships_contains_paywalled_content":false,"_jetpack_memberships_contains_paid_content":false,"footnotes":"","jetpack_publicize_message":"","jetpack_publicize_feature_enabled":true,"jetpack_social_post_already_shared":true,"jetpack_social_options":{"image_generator_settings":{"template":"highway","default_image_id":0,"font":"","enabled":false},"version":2}},"categories":[8],"tags":[],"class_list":["post-2092","post","type-post","status-publish","format-standard","hentry","category-eolien","item-wrap"],"jetpack_publicize_connections":[],"jetpack_featured_media_url":"","jetpack_shortlink":"https:\/\/wp.me\/p3rXAp-xK","jetpack_likes_enabled":true,"jetpack-related-posts":[{"id":5285,"url":"https:\/\/www.enviroscop.fr\/actu\/2023\/07\/arrete-du-11-juillet-2023-modifiant-larrete-du-26-aout-2011-relatif-aux-installations-de-production-delectricite-utilisant-lenergie-mecanique-du-vent-au-sein-dune-installation-soumise-a-autori\/","url_meta":{"origin":2092,"position":0},"title":"Arr\u00eat\u00e9 du 11 juillet 2023 modifiant l&rsquo;arr\u00eat\u00e9 du 26 ao\u00fbt 2011 relatif aux installations de production d&rsquo;\u00e9lectricit\u00e9 utilisant l&rsquo;\u00e9nergie m\u00e9canique du vent au sein d&rsquo;une installation soumise \u00e0 autorisation au titre de la rubrique 2980 de la l\u00e9gislation des installations class\u00e9es pour la protection de l&rsquo;environnemen","author":"Enviroscop","date":"19 juillet 2023","format":false,"excerpt":"Publics concern\u00e9s : exploitants d'installations terrestres de production d'\u00e9lectricit\u00e9 utilisant l'\u00e9nergie m\u00e9canique du vent relevant du r\u00e9gime de l'autorisation. Objet : modification de l'arr\u00eat\u00e9 minist\u00e9riel du 26 ao\u00fbt 2011 relatif aux installations de production d'\u00e9lectricit\u00e9 utilisant l'\u00e9nergie m\u00e9canique du vent au sein d'une installation soumise \u00e0 autorisation au titre de\u2026","rel":"","context":"Dans &quot;Arr\u00eat\u00e9&quot;","block_context":{"text":"Arr\u00eat\u00e9","link":"https:\/\/www.enviroscop.fr\/actu\/category\/juridique\/arrete\/"},"img":{"alt_text":"","src":"https:\/\/i0.wp.com\/www.enviroscop.fr\/actu\/wp-content\/uploads\/2013\/05\/17141_une.jpg?resize=350%2C200&ssl=1","width":350,"height":200},"classes":[]},{"id":2152,"url":"https:\/\/www.enviroscop.fr\/actu\/2014\/11\/eolien-arrete-du-6-novembre-2014\/","url_meta":{"origin":2092,"position":1},"title":"Eolien : Arr\u00eat\u00e9 du 6 novembre 2014","author":"Enviroscop","date":"25 novembre 2014","format":false,"excerpt":"Arr\u00eat\u00e9 du 6 novembre 2014 modifiant l'arr\u00eat\u00e9 du 26 ao\u00fbt 2011 relatif aux installations de production d'\u00e9lectricit\u00e9 utilisant l'\u00e9nergie m\u00e9canique du vent au sein d'une installation soumise \u00e0 autorisation au titre de la rubrique 2980 de la l\u00e9gislation des installations class\u00e9es pour la protection de l'environnement et l'arr\u00eat\u00e9 du 26\u2026","rel":"","context":"Dans &quot;Energie&quot;","block_context":{"text":"Energie","link":"https:\/\/www.enviroscop.fr\/actu\/category\/energie\/"},"img":{"alt_text":"","src":"","width":0,"height":0},"classes":[]},{"id":5247,"url":"https:\/\/www.enviroscop.fr\/actu\/2023\/06\/projet-darrete-modifiant-larrete-du-26-aout-2011-relatif-aux-installations-de-production-delectricite-utilisant-lenergie-mecanique-du-vent\/","url_meta":{"origin":2092,"position":2},"title":"Projet d\u2019arr\u00eat\u00e9 modifiant l\u2019arr\u00eat\u00e9 du 26 ao\u00fbt 2011 relatif aux installations de production d\u2019\u00e9lectricit\u00e9 utilisant l\u2019\u00e9nergie m\u00e9canique du vent","author":"Enviroscop","date":"5 juin 2023","format":false,"excerpt":"Projet d\u2019arr\u00eat\u00e9 modifiant l\u2019arr\u00eat\u00e9 du 26 ao\u00fbt 2011 relatif aux installations de production d\u2019\u00e9lectricit\u00e9 utilisant l\u2019\u00e9nergie m\u00e9canique du vent au sein d\u2019une installation soumise \u00e0 autorisation au titre de la rubrique 2980 de la l\u00e9gislation des installations class\u00e9es pour la protection de l\u2019environnement Consultation du 24\/05\/2023 au 13\/06\/2023 - aucune\u2026","rel":"","context":"Dans &quot;Arnaud Gossement&quot;","block_context":{"text":"Arnaud Gossement","link":"https:\/\/www.enviroscop.fr\/actu\/category\/source\/arnaud-gossement\/"},"img":{"alt_text":"","src":"https:\/\/i0.wp.com\/www.enviroscop.fr\/actu\/wp-content\/uploads\/2013\/05\/17141_une.jpg?resize=350%2C200&ssl=1","width":350,"height":200},"classes":[]},{"id":3793,"url":"https:\/\/www.enviroscop.fr\/actu\/2020\/06\/arretes-du-22-juin-2020\/","url_meta":{"origin":2092,"position":3},"title":"Arr\u00eat\u00e9s du 22 juin 2020","author":"Enviroscop","date":"30 juin 2020","format":false,"excerpt":"Arr\u00eat\u00e9 du\u00a022 juin 2020\u00a0modifiant l'arr\u00eat\u00e9 du 26 ao\u00fbt 2011 relatif aux installations de production d'\u00e9lectricit\u00e9 utilisant l'\u00e9nergie m\u00e9canique du vent au sein d'une installation soumise \u00e0 d\u00e9claration au titre de la rubrique 2980 de la l\u00e9gislation des installations class\u00e9es pour la protection de l'environnement Arr\u00eat\u00e9 du\u00a022 juin 2020\u00a0portant modification des\u2026","rel":"","context":"Dans &quot;Energie&quot;","block_context":{"text":"Energie","link":"https:\/\/www.enviroscop.fr\/actu\/category\/energie\/"},"img":{"alt_text":"","src":"https:\/\/i0.wp.com\/www.enviroscop.fr\/actu\/wp-content\/uploads\/2013\/03\/Graphique-1-300x163.png?resize=350%2C200","width":350,"height":200},"classes":[]},{"id":290,"url":"https:\/\/www.enviroscop.fr\/actu\/2011\/08\/eolien-et-icpe-les-arretes-ministeriels\/","url_meta":{"origin":2092,"position":4},"title":"Eolien et ICPE, les Arr\u00eat\u00e9s Minist\u00e9riels","author":"Enviroscop","date":"27 ao\u00fbt 2011","format":false,"excerpt":"Trois Arr??t??s sont parus fixant les modalit??s d'implantation, de surveillance et de d??mant??lement des installations class??es sous la rubrique 2980 : Arr??t??s du 26 ao??t 2011 relatif aux installations de production d?????lectricit?? utilisa...","rel":"","context":"Dans &quot;Eolien&quot;","block_context":{"text":"Eolien","link":"https:\/\/www.enviroscop.fr\/actu\/category\/energie\/renouvelable\/eolien\/"},"img":{"alt_text":"","src":"","width":0,"height":0},"classes":[]},{"id":3115,"url":"https:\/\/www.enviroscop.fr\/actu\/2018\/06\/icpe-modification-des-rubriques-2710-2-2712-1\/","url_meta":{"origin":2092,"position":5},"title":"ICPE : modification des rubriques 2710-2 et 2712-1","author":"Enviroscop","date":"28 juin 2018","format":false,"excerpt":"Arr\u00eat\u00e9 du\u00a021 juin 2018\u00a0modifiant l'arr\u00eat\u00e9 du 26 mars 2012 relatif aux prescriptions g\u00e9n\u00e9rales applicables aux installations class\u00e9es relevant du r\u00e9gime de l'enregistrement au titre de la rubrique n\u00b0 2710-2 (installations de collecte de d\u00e9chets non dangereux apport\u00e9s par leur producteur initial) de la nomenclature des installations class\u00e9es pour la protection\u2026","rel":"","context":"Dans &quot;Arr\u00eat\u00e9&quot;","block_context":{"text":"Arr\u00eat\u00e9","link":"https:\/\/www.enviroscop.fr\/actu\/category\/juridique\/arrete\/"},"img":{"alt_text":"","src":"","width":0,"height":0},"classes":[]}],"jetpack_sharing_enabled":true,"_links":{"self":[{"href":"https:\/\/www.enviroscop.fr\/actu\/wp-json\/wp\/v2\/posts\/2092","targetHints":{"allow":["GET"]}}],"collection":[{"href":"https:\/\/www.enviroscop.fr\/actu\/wp-json\/wp\/v2\/posts"}],"about":[{"href":"https:\/\/www.enviroscop.fr\/actu\/wp-json\/wp\/v2\/types\/post"}],"author":[{"embeddable":true,"href":"https:\/\/www.enviroscop.fr\/actu\/wp-json\/wp\/v2\/users\/1"}],"replies":[{"embeddable":true,"href":"https:\/\/www.enviroscop.fr\/actu\/wp-json\/wp\/v2\/comments?post=2092"}],"version-history":[{"count":0,"href":"https:\/\/www.enviroscop.fr\/actu\/wp-json\/wp\/v2\/posts\/2092\/revisions"}],"wp:attachment":[{"href":"https:\/\/www.enviroscop.fr\/actu\/wp-json\/wp\/v2\/media?parent=2092"}],"wp:term":[{"taxonomy":"category","embeddable":true,"href":"https:\/\/www.enviroscop.fr\/actu\/wp-json\/wp\/v2\/categories?post=2092"},{"taxonomy":"post_tag","embeddable":true,"href":"https:\/\/www.enviroscop.fr\/actu\/wp-json\/wp\/v2\/tags?post=2092"}],"curies":[{"name":"wp","href":"https:\/\/api.w.org\/{rel}","templated":true}]}}