{"id":212,"date":"2013-02-08T07:42:00","date_gmt":"2013-02-08T07:42:00","guid":{"rendered":"http:\/\/actu.enviroscop.com\/qualite-de-lair-lurgence-est-declaree"},"modified":"2013-02-08T07:42:00","modified_gmt":"2013-02-08T07:42:00","slug":"qualite-de-lair-lurgence-est-declaree","status":"publish","type":"post","link":"https:\/\/www.enviroscop.fr\/actu\/2013\/02\/qualite-de-lair-lurgence-est-declaree\/","title":{"rendered":"Qualit\u00e9 de l&rsquo;air : l&rsquo;urgence est d\u00e9clar\u00e9e"},"content":{"rendered":"<p>08\/02\/2013<\/p>\n<p>Le plan d&rsquo;urgence pr\u00e9sent\u00e9 le 6 f\u00e9vrier par le gouvernement en vue d&rsquo;am\u00e9liorer la qualit\u00e9 de l&rsquo;air confirme l&rsquo;abandon du projet de zones d&rsquo;actions prioritaires pour l&rsquo;air (Zapa) et pr\u00e9voit plus d&rsquo;outils permettant aux collectivit\u00e9s d&rsquo;agir contre la pollution. Le gouvernement entend aussi achever d&rsquo;ici la fin de l&rsquo;ann\u00e9e la mise en place des plans de protection de l&rsquo;atmosph\u00e8re (PPA), esp\u00e9rant ainsi lever le contentieux avec la Commission europ\u00e9enne qui a encore tout r\u00e9cemment menac\u00e9 la France d&rsquo;une nouvelle mise en demeure.<\/p>\n<p>La suite sur <a href=\"http:\/\/www.localtis.info\/cs\/ContentServer?pagename=Localtis\/LOCActu\/ArticleActualite&amp;jid=1250264811275&amp;cid=1250264806046\" target=\"_blank\">Localtis.info<\/a><\/p>\n","protected":false},"excerpt":{"rendered":"<p>08\/02\/2013 Le plan d&rsquo;urgence pr??sent?? le 6 f??vrier par le gouvernement en vue d&rsquo;am??liorer la qualit?? de l&rsquo;air confirme l&rsquo;abandon du projet de zones d&rsquo;actions prioritaires pour l&rsquo;air (Zapa) et pr??voit plus d&rsquo;outils permettant aux collectivit??s d&rsquo;ag&#8230;<\/p>\n","protected":false},"author":1,"featured_media":0,"comment_status":"open","ping_status":"open","sticky":false,"template":"","format":"standard","meta":{"jetpack_post_was_ever_published":false,"_jetpack_newsletter_access":"","_jetpack_dont_email_post_to_subs":false,"_jetpack_newsletter_tier_id":0,"_jetpack_memberships_contains_paywalled_content":false,"_jetpack_memberships_contains_paid_content":false,"footnotes":"","jetpack_publicize_message":"","jetpack_publicize_feature_enabled":true,"jetpack_social_post_already_shared":false,"jetpack_social_options":{"image_generator_settings":{"template":"highway","default_image_id":0,"font":"","enabled":false},"version":2}},"categories":[4],"tags":[],"class_list":["post-212","post","type-post","status-publish","format-standard","hentry","category-air","item-wrap"],"jetpack_publicize_connections":[],"jetpack_featured_media_url":"","jetpack_shortlink":"https:\/\/wp.me\/p3rXAp-3q","jetpack_likes_enabled":true,"jetpack-related-posts":[{"id":5251,"url":"https:\/\/www.enviroscop.fr\/actu\/2023\/06\/eolien-en-mer-la-concertation-est-lancee-en-vue-de-la-planification-par-facade-maritime\/","url_meta":{"origin":212,"position":0},"title":"\u00c9olien en mer : la concertation est lanc\u00e9e en vue de la planification par fa\u00e7ade maritime","author":"Enviroscop","date":"9 juin 2023","format":false,"excerpt":"Le Gouvernement demande aux pr\u00e9fets de lancer la concertation par fa\u00e7ade maritime en vue d'identifier des zones de d\u00e9veloppement de l'\u00e9olien offshore. Objectif\u00a0: lancer 18 GW de projets d'ici \u00e0 2035 et 14 GW suppl\u00e9mentaires d'ici 2050. Le Gouvernement a demand\u00e9 ce 7 juin, par circulaire, aux pr\u00e9fets de lancer\u2026","rel":"","context":"Dans &quot;Am\u00e9nagement&quot;","block_context":{"text":"Am\u00e9nagement","link":"https:\/\/www.enviroscop.fr\/actu\/category\/amenagement\/"},"img":{"alt_text":"","src":"","width":0,"height":0},"classes":[]},{"id":2747,"url":"https:\/\/www.enviroscop.fr\/actu\/2017\/02\/decret-n-2017-176-du-13-fevrier-2017-relatif-aux-zones-prioritaires-pour-la-biodiversite\/","url_meta":{"origin":212,"position":1},"title":"D\u00e9cret n\u00b0 2017-176 du 13 f\u00e9vrier 2017 relatif aux zones prioritaires pour la biodiversit\u00e9","author":"Enviroscop","date":"15 f\u00e9vrier 2017","format":false,"excerpt":"D\u00e9cret n\u00b0 2017-176 du 13 f\u00e9vrier 2017 relatif aux zones prioritaires pour la biodiversit\u00e9 NOR: DEVL1630438D ELI: Publics concern\u00e9s : Etat et \u00e9tablissements publics, collectivit\u00e9s territoriales et groupements, organismes du monde socio-professionnel, associations de protection de la nature, scientifiques. Objet : mise en \u0153uvre des zones prioritaires pour la biodiversit\u00e9\u2026","rel":"","context":"Dans &quot;biodiversit\u00e9&quot;","block_context":{"text":"biodiversit\u00e9","link":"https:\/\/www.enviroscop.fr\/actu\/category\/nature\/biodiversite\/"},"img":{"alt_text":"","src":"","width":0,"height":0},"classes":[]},{"id":2488,"url":"https:\/\/www.enviroscop.fr\/actu\/2015\/09\/rouen-ville-respirable\/","url_meta":{"origin":212,"position":2},"title":"Rouen, ville respirable","author":"Enviroscop","date":"29 septembre 2015","format":false,"excerpt":"S\u00e9gol\u00e8ne Royal a d\u00e9voil\u00e9, \u00e0 l'occasion de la journ\u00e9e nationale de la qualit\u00e9 de l'air, les 25 territoires laur\u00e9ats de l'appel \u00e0 projets \"Villes respirables\". Le dossier de Rouen a \u00e9t\u00e9 retenu ! \u00a0 \"Faire \u00e9merger des mesures exemplaires pour l'am\u00e9lioration de la qualit\u00e9 de l'air afin de garantir, dans\u2026","rel":"","context":"Dans &quot;Air&quot;","block_context":{"text":"Air","link":"https:\/\/www.enviroscop.fr\/actu\/category\/compartiments\/air\/"},"img":{"alt_text":"","src":"https:\/\/i0.wp.com\/www.developpement-durable.gouv.fr\/IMG\/png\/Vignette_TW_QualiteAir_AppelProjet1_880x440.png?resize=350%2C200","width":350,"height":200,"srcset":"https:\/\/i0.wp.com\/www.developpement-durable.gouv.fr\/IMG\/png\/Vignette_TW_QualiteAir_AppelProjet1_880x440.png?resize=350%2C200 1x, https:\/\/i0.wp.com\/www.developpement-durable.gouv.fr\/IMG\/png\/Vignette_TW_QualiteAir_AppelProjet1_880x440.png?resize=525%2C300 1.5x, https:\/\/i0.wp.com\/www.developpement-durable.gouv.fr\/IMG\/png\/Vignette_TW_QualiteAir_AppelProjet1_880x440.png?resize=700%2C400 2x"},"classes":[]},{"id":5053,"url":"https:\/\/www.enviroscop.fr\/actu\/2022\/11\/energies-renouvelables-exit-le-droit-de-veto-des-maires-sur-limplantation-des-projets-place-a-la-planification-par-zones\/","url_meta":{"origin":212,"position":3},"title":"\u00c9nergies renouvelables : exit le \u00ab\u00a0droit de veto\u00a0\u00bb des maires sur l&rsquo;implantation des projets, place \u00e0 la planification par zones","author":"Enviroscop","date":"7 novembre 2022","format":false,"excerpt":"Lors de la premi\u00e8re journ\u00e9e d'examen en s\u00e9ance du projet de loi d'acc\u00e9l\u00e9ration des \u00e9nergies renouvelables (EnR), ce 3 novembre, un compromis a \u00e9t\u00e9 trouv\u00e9 entre les s\u00e9nateurs et le gouvernement sur la question du droit de \"veto\" des maires sur l'implantation des projets, qui avait \u00e9t\u00e9 introduite en commission.\u2026","rel":"","context":"Dans &quot;Am\u00e9nagement&quot;","block_context":{"text":"Am\u00e9nagement","link":"https:\/\/www.enviroscop.fr\/actu\/category\/amenagement\/"},"img":{"alt_text":"acc\u00e9l\u00e9ration des \u00e9nergies renouvelables","src":"https:\/\/i0.wp.com\/www.banquedesterritoires.fr\/sites\/default\/files\/styles\/landscape_auto_crop\/public\/2022-11\/Cap%C3%BBioyuiotyiutyiutyiuuuuuuuuture.JPG.jpg?resize=350%2C200&ssl=1","width":350,"height":200,"srcset":"https:\/\/i0.wp.com\/www.banquedesterritoires.fr\/sites\/default\/files\/styles\/landscape_auto_crop\/public\/2022-11\/Cap%C3%BBioyuiotyiutyiutyiuuuuuuuuture.JPG.jpg?resize=350%2C200&ssl=1 1x, https:\/\/i0.wp.com\/www.banquedesterritoires.fr\/sites\/default\/files\/styles\/landscape_auto_crop\/public\/2022-11\/Cap%C3%BBioyuiotyiutyiutyiuuuuuuuuture.JPG.jpg?resize=525%2C300&ssl=1 1.5x, https:\/\/i0.wp.com\/www.banquedesterritoires.fr\/sites\/default\/files\/styles\/landscape_auto_crop\/public\/2022-11\/Cap%C3%BBioyuiotyiutyiutyiuuuuuuuuture.JPG.jpg?resize=700%2C400&ssl=1 2x"},"classes":[]},{"id":1189,"url":"https:\/\/www.enviroscop.fr\/actu\/2013\/06\/projet-de-loi-duflot-pour-lacces-au-logement-urbanisme-renove\/","url_meta":{"origin":212,"position":4},"title":"Projet de loi Duflot pour l&rsquo;acc\u00e8s au logement et un urbanisme r\u00e9nov\u00e9","author":"Enviroscop","date":"20 juin 2013","format":false,"excerpt":"Le Titre IV nous int\u00e9resse particuli\u00e8rement, puisqu'il traite de la modernisation des documents d'urbanisme. Ce projet de loi propose des mesures en mati\u00e8re d'urbanisme visant \u00e0 accro\u00eetre l'effort\u00a0de construction de logements, tout en freinant l'artificialisation des sols et en luttant contre\u00a0l'\u00e9talement urbain. Il existe plusieurs leviers v\u00e9ritablement efficaces pour concilier\u2026","rel":"","context":"Dans &quot;Am\u00e9nagement&quot;","block_context":{"text":"Am\u00e9nagement","link":"https:\/\/www.enviroscop.fr\/actu\/category\/amenagement\/"},"img":{"alt_text":"enviroscop urbanisme","src":"https:\/\/i0.wp.com\/www.enviroscop.fr\/actu\/wp-content\/uploads\/2013\/04\/ZAhabitat-300x224.jpg?resize=350%2C200","width":350,"height":200},"classes":[]},{"id":1555,"url":"https:\/\/www.enviroscop.fr\/actu\/2013\/10\/lavis-de-lademe-sur-le-bois-energie-et-la-qualite-de-lair\/","url_meta":{"origin":212,"position":5},"title":"L&rsquo;avis de l&rsquo;ADEME sur le bois \u00e9nergie et la qualit\u00e9 de l&rsquo;air","author":"Enviroscop","date":"30 octobre 2013","format":false,"excerpt":"L\u2019ADEME encourage le d\u00e9veloppement du bois comme source d\u2019\u00e9nergie pour la production de chaleur tout en veillant \u00e0 l'utilisation de combustibles appropri\u00e9s et de techniques efficaces \u00e0 haute performance environnementale. En effet, en raison de la pr\u00e9sence importante dans le parc domestique d'appareils anciens (avant 2002) et de foyers ouverts,\u2026","rel":"","context":"Dans &quot;ADEME&quot;","block_context":{"text":"ADEME","link":"https:\/\/www.enviroscop.fr\/actu\/category\/source\/ademe\/"},"img":{"alt_text":"","src":"","width":0,"height":0},"classes":[]}],"jetpack_sharing_enabled":true,"_links":{"self":[{"href":"https:\/\/www.enviroscop.fr\/actu\/wp-json\/wp\/v2\/posts\/212","targetHints":{"allow":["GET"]}}],"collection":[{"href":"https:\/\/www.enviroscop.fr\/actu\/wp-json\/wp\/v2\/posts"}],"about":[{"href":"https:\/\/www.enviroscop.fr\/actu\/wp-json\/wp\/v2\/types\/post"}],"author":[{"embeddable":true,"href":"https:\/\/www.enviroscop.fr\/actu\/wp-json\/wp\/v2\/users\/1"}],"replies":[{"embeddable":true,"href":"https:\/\/www.enviroscop.fr\/actu\/wp-json\/wp\/v2\/comments?post=212"}],"version-history":[{"count":0,"href":"https:\/\/www.enviroscop.fr\/actu\/wp-json\/wp\/v2\/posts\/212\/revisions"}],"wp:attachment":[{"href":"https:\/\/www.enviroscop.fr\/actu\/wp-json\/wp\/v2\/media?parent=212"}],"wp:term":[{"taxonomy":"category","embeddable":true,"href":"https:\/\/www.enviroscop.fr\/actu\/wp-json\/wp\/v2\/categories?post=212"},{"taxonomy":"post_tag","embeddable":true,"href":"https:\/\/www.enviroscop.fr\/actu\/wp-json\/wp\/v2\/tags?post=212"}],"curies":[{"name":"wp","href":"https:\/\/api.w.org\/{rel}","templated":true}]}}