{"id":214,"date":"2011-09-07T06:45:00","date_gmt":"2011-09-07T05:45:00","guid":{"rendered":"http:\/\/actu.enviroscop.com\/le-guide-pratique-biodiversite-tourisme-de-no"},"modified":"2013-04-26T12:47:20","modified_gmt":"2013-04-26T11:47:20","slug":"le-guide-pratique-biodiversite-tourisme-de-no","status":"publish","type":"post","link":"https:\/\/www.enviroscop.fr\/actu\/2011\/09\/le-guide-pratique-biodiversite-tourisme-de-no\/","title":{"rendered":"Le guide pratique \u00ab\u00a0Biodiversit\u00e9 &#038; Tourisme, de nouvelles opportunit\u00e9s pour les entreprises et les destinations ?\u00a0\u00bb"},"content":{"rendered":"<p>R&eacute;alis&eacute; par le Minist&egrave;re de l&rsquo;Economise des Finances et de l&rsquo;Industrie, ce guide est l&rsquo;un des outils qui permettent de d&eacute;cliner efficacement,  dans la r&eacute;alit&eacute; concr&egrave;te et quotidienne des entreprises et destinations  touristiques, la Strat&eacute;gie nationale pour la biodiversit&eacute;.<\/p>\n<p>Publi&eacute; en ao&ucirc;t 2011, son propos est d&rsquo;apporter des clefs aux  gestionnaires d&rsquo;entreprises et de destinations touristiques pour &agrave; la  fois stimuler l&rsquo;&eacute;conomie touristique et p&eacute;renniser notre patrimoine  naturel.<\/p>\n<p>Tous les acteurs du tourisme, publics et priv&eacute;s, sont concern&eacute;s par  cette publication. Elle vise en particulier les dirigeants et les  principaux responsables au sein de chaque structure, ainsi que tous les  collaborateurs, chacun peut s&rsquo;impliquer en faveur de la biodiversit&eacute;.<\/p>\n<p><a href=\"http:\/\/www.tourisme.gouv.fr\/territoires\/dev-durable\/guide-biodiversite.php\" target=\"_blank\">Lien vers le communiqu&eacute; de presse et la zone de t&eacute;l&eacute;chargement<\/a><\/p>\n","protected":false},"excerpt":{"rendered":"<p>R??alis?? par le Minist??re de l&rsquo;Economise des Finances et de l&rsquo;Industrie, ce guide est l???un des outils qui permettent de d??cliner efficacement, dans la r??alit?? concr??te et quotidienne des entreprises et destinations touristiques, la Strat??&#8230;<\/p>\n","protected":false},"author":1,"featured_media":0,"comment_status":"open","ping_status":"open","sticky":false,"template":"","format":"standard","meta":{"jetpack_post_was_ever_published":false,"_jetpack_newsletter_access":"","_jetpack_dont_email_post_to_subs":false,"_jetpack_newsletter_tier_id":0,"_jetpack_memberships_contains_paywalled_content":false,"_jetpack_memberships_contains_paid_content":false,"footnotes":"","jetpack_publicize_message":"","jetpack_publicize_feature_enabled":true,"jetpack_social_post_already_shared":false,"jetpack_social_options":{"image_generator_settings":{"template":"highway","default_image_id":0,"font":"","enabled":false},"version":2}},"categories":[11,22],"tags":[],"class_list":["post-214","post","type-post","status-publish","format-standard","hentry","category-biodiversite","category-economie","item-wrap"],"jetpack_publicize_connections":[],"jetpack_featured_media_url":"","jetpack_shortlink":"https:\/\/wp.me\/p3rXAp-3s","jetpack_likes_enabled":true,"jetpack-related-posts":[{"id":1320,"url":"https:\/\/www.enviroscop.fr\/actu\/2013\/07\/prix-entreprises-et-environnement-2013-appel-a-candidatures\/","url_meta":{"origin":214,"position":0},"title":"Prix Entreprises et Environnement 2013 : appel \u00e0 candidatures","author":"Enviroscop","date":"30 juillet 2013","format":false,"excerpt":"Le minist\u00e8re de l\u2019\u00c9cologie, du D\u00e9veloppement durable et de l\u2019\u00c9nergie lance, en partenariat avec l\u2019ADEME, l\u2019\u00e9dition 2013 des Prix Entreprises et Environnement. Pour cette nouvelle \u00e9dition, une cat\u00e9gorie \u00ab\u00a0\u00c9conomie circulaire\u00a0\u00bb\u00a0voit le jour afin d\u2019encourager la production des biens et des services limitant la consommation et le gaspillage des mati\u00e8res premi\u00e8res,\u2026","rel":"","context":"Dans &quot;durable&quot;","block_context":{"text":"durable","link":"https:\/\/www.enviroscop.fr\/actu\/category\/durable\/"},"img":{"alt_text":"","src":"","width":0,"height":0},"classes":[]},{"id":117,"url":"https:\/\/www.enviroscop.fr\/actu\/2013\/01\/conference-debat-entreprises-et-biodiversite\/","url_meta":{"origin":214,"position":1},"title":"Conf\u00e9rence-d\u00e9bat Entreprises et Biodiversit\u00e9 : Comprendre et Agir","author":"Enviroscop","date":"22 janvier 2013","format":false,"excerpt":"22\/01\/13 La Conf??rence Environnementale a plac?? la biodiversit?? au rang des priorit??s et pr??vu qu'une loi-cadre sur la biodiversit?? serait discut??e au Parlement. En quoi les entreprises sont-elles concern??es ? Quels risques, quelles opport...","rel":"","context":"Dans &quot;biodiversit\u00e9&quot;","block_context":{"text":"biodiversit\u00e9","link":"https:\/\/www.enviroscop.fr\/actu\/category\/nature\/biodiversite\/"},"img":{"alt_text":"","src":"","width":0,"height":0},"classes":[]},{"id":5296,"url":"https:\/\/www.enviroscop.fr\/actu\/2023\/07\/loffice-francais-de-la-biodiversite-devoile-80-leviers-dactions-pour-une-meilleure-integration-de-la-biodiversite-dans-les-projets-den\/","url_meta":{"origin":214,"position":2},"title":"L\u2019Office fran\u00e7ais de la biodiversit\u00e9 d\u00e9voile 80 leviers d\u2019actions pour une meilleure int\u00e9gration de la biodiversit\u00e9 dans les projets d\u2019En","author":"Enviroscop","date":"25 juillet 2023","format":false,"excerpt":"A l\u2019heure o\u00f9 le d\u00e9ploiement territorial des \u00e9nergies renouvelables (EnR) s\u2019acc\u00e9l\u00e8re, l\u2019Office fran\u00e7ais de la biodiversit\u00e9 (OFB) publie une \u00e9tude, men\u00e9e en partenariat avec le cabinet de conseil PwC, visant \u00e0 identifier et valoriser les leviers d\u00e9velopp\u00e9s \u00e0 l\u2019international, d\u2019int\u00e9gration de la biodiversit\u00e9 dans les projets de parcs solaires photovolta\u00efques\u2026","rel":"","context":"Dans &quot;Am\u00e9nagement&quot;","block_context":{"text":"Am\u00e9nagement","link":"https:\/\/www.enviroscop.fr\/actu\/category\/amenagement\/"},"img":{"alt_text":"","src":"","width":0,"height":0},"classes":[]},{"id":4080,"url":"https:\/\/www.enviroscop.fr\/actu\/2021\/01\/arrete-du-31-decembre-2020-approuvant-le-schema-national-des-donnees-sur-la-biodiversite\/","url_meta":{"origin":214,"position":3},"title":"Arr\u00eat\u00e9 du 31 d\u00e9cembre 2020 approuvant le sch\u00e9ma national des donn\u00e9es sur la biodiversit\u00e9","author":"Enviroscop","date":"25 janvier 2021","format":false,"excerpt":"Publics concern\u00e9s : Etat et ses \u00e9tablissements publics, collectivit\u00e9s territoriales, entreprises, bureaux d'\u00e9tudes, associations. Objet : publication du sch\u00e9ma national des donn\u00e9es sur la biodiversit\u00e9 en application de l'article R. 131-34 du code de l'environnement. Entr\u00e9e en vigueur : ce texte entre en vigueur le lendemain de sa publication. Notice\u2026","rel":"","context":"Dans &quot;Arr\u00eat\u00e9&quot;","block_context":{"text":"Arr\u00eat\u00e9","link":"https:\/\/www.enviroscop.fr\/actu\/category\/juridique\/arrete\/"},"img":{"alt_text":"","src":"https:\/\/i0.wp.com\/www.enviroscop.fr\/actu\/wp-content\/uploads\/2013\/05\/17141_une.jpg?resize=350%2C200","width":350,"height":200},"classes":[]},{"id":2526,"url":"https:\/\/www.enviroscop.fr\/actu\/2015\/12\/plan-batiment-durable-20-propositions-dactions-pour-la-biodiversite\/","url_meta":{"origin":214,"position":4},"title":"Plan b\u00e2timent durable, 20 propositions d&rsquo;actions pour la biodiversit\u00e9","author":"Enviroscop","date":"16 d\u00e9cembre 2015","format":false,"excerpt":"La transition \u00e9cologique conduit \u00e0 faire \u00e9merger la biodiversit\u00e9 comme un sujet \u00e0 part enti\u00e8re participant \u00e0 l\u2019\u00e9laboration du b\u00e2timent de demain et \u00e0 plus grande qualit\u00e9 de vie urbaine. De nombreux travaux et initiatives sur ce th\u00e8me sont d\u00e9j\u00e0 entrepris mais tr\u00e8s divers et \u00e9pars, ils sont trop souvent\u2026","rel":"","context":"Dans &quot;biodiversit\u00e9&quot;","block_context":{"text":"biodiversit\u00e9","link":"https:\/\/www.enviroscop.fr\/actu\/category\/nature\/biodiversite\/"},"img":{"alt_text":"","src":"","width":0,"height":0},"classes":[]},{"id":4199,"url":"https:\/\/www.enviroscop.fr\/actu\/2021\/05\/objectif-zan-zero-artificialisation-nette-dans-les-territoires-le-guide-de-cdc-biodiversite\/","url_meta":{"origin":214,"position":5},"title":"Objectif ZAN (z\u00e9ro artificialisation nette) dans les territoires : le guide de CDC biodiversit\u00e9","author":"Enviroscop","date":"4 mai 2021","format":false,"excerpt":"CDC Biodiversit\u00e9 et Humanit\u00e9 et Biodiversit\u00e9 viennent de publier une \u00e9tude visant la mise en \u0153uvre de l'objectif de z\u00e9ro artificialisation nette dans les territoires. Elle propose des pistes pour \u00e0 la fois limiter la consommation d'espace et mieux ins\u00e9rer la biodiversit\u00e9 au sein des espaces artificialis\u00e9s. C\u2019est un d\u00e9fi\u2026","rel":"","context":"Dans &quot;Agriculture&quot;","block_context":{"text":"Agriculture","link":"https:\/\/www.enviroscop.fr\/actu\/category\/activite\/agriculture\/"},"img":{"alt_text":"","src":"","width":0,"height":0},"classes":[]}],"jetpack_sharing_enabled":true,"_links":{"self":[{"href":"https:\/\/www.enviroscop.fr\/actu\/wp-json\/wp\/v2\/posts\/214","targetHints":{"allow":["GET"]}}],"collection":[{"href":"https:\/\/www.enviroscop.fr\/actu\/wp-json\/wp\/v2\/posts"}],"about":[{"href":"https:\/\/www.enviroscop.fr\/actu\/wp-json\/wp\/v2\/types\/post"}],"author":[{"embeddable":true,"href":"https:\/\/www.enviroscop.fr\/actu\/wp-json\/wp\/v2\/users\/1"}],"replies":[{"embeddable":true,"href":"https:\/\/www.enviroscop.fr\/actu\/wp-json\/wp\/v2\/comments?post=214"}],"version-history":[{"count":0,"href":"https:\/\/www.enviroscop.fr\/actu\/wp-json\/wp\/v2\/posts\/214\/revisions"}],"wp:attachment":[{"href":"https:\/\/www.enviroscop.fr\/actu\/wp-json\/wp\/v2\/media?parent=214"}],"wp:term":[{"taxonomy":"category","embeddable":true,"href":"https:\/\/www.enviroscop.fr\/actu\/wp-json\/wp\/v2\/categories?post=214"},{"taxonomy":"post_tag","embeddable":true,"href":"https:\/\/www.enviroscop.fr\/actu\/wp-json\/wp\/v2\/tags?post=214"}],"curies":[{"name":"wp","href":"https:\/\/api.w.org\/{rel}","templated":true}]}}