{"id":2190,"date":"2015-01-03T15:11:20","date_gmt":"2015-01-03T14:11:20","guid":{"rendered":"http:\/\/www.enviroscop.fr\/actu\/?p=2190"},"modified":"2015-01-03T15:11:20","modified_gmt":"2015-01-03T14:11:20","slug":"quelles-strategies-et-actions-foncieres-en-faveur-de-la-biodiversite-les-actions-region-haute-normandie","status":"publish","type":"post","link":"https:\/\/www.enviroscop.fr\/actu\/2015\/01\/quelles-strategies-et-actions-foncieres-en-faveur-de-la-biodiversite-les-actions-region-haute-normandie\/","title":{"rendered":"Quelles strat\u00e9gies et actions fonci\u00e8res en faveur de la biodiversit\u00e9 ? &#8211; LES ACTIONS &#8211; R\u00e9gion Haute Normandie"},"content":{"rendered":"<h1 style=\"margin-top: 0px; margin-bottom: 10px; font-family: 'Times New Roman', Times, serif; font-size: 2em; color: #4f7093;\"><\/h1>\n<div class=\"object-left\" style=\"padding: 0px; margin: 0px 10px 0px 0px; float: left; color: #33383d; font-family: 'trebuchet ms', arial, helvetica, sans-serif; font-size: 11px; line-height: normal;\">\n<div class=\"image\" style=\"padding: 0px; margin: 0px 0px 6px;\"><img data-recalc-dims=\"1\" loading=\"lazy\" decoding=\"async\" style=\"margin: 0px 0px 1px; vertical-align: top;\" src=\"https:\/\/i0.wp.com\/www.hautenormandie.fr\/var\/rhn\/storage\/images\/mediatheque\/environnement-transports\/environnement\/images\/trame-verte-et-bleue\/608608-1-fre-FR\/Trame-verte-et-bleue_medium.jpg?resize=200%2C180\" alt=\"\" width=\"200\" height=\"180\" \/><\/p>\n<p style=\"padding-top: 1px; padding-bottom: 1px; margin-top: 0px; color: #ffffff; width: 200px; background: #4f7093;\"><span style=\"padding: 0px 5px; margin: 0px auto; display: block;\">\u00a0<\/span><\/p>\n<\/div>\n<\/div>\n<p class=\"introduction\" style=\"padding-bottom: 10px; margin-top: 0px; line-height: 1.7em; font-weight: bold; color: #33383d; font-family: 'trebuchet ms', arial, helvetica, sans-serif; font-size: 11px;\">Apr\u00e8s l&rsquo;approbation du Sch\u00e9ma R\u00e9gional de Coh\u00e9rence Ecologique (SRCE), il s&rsquo;agit maintenant de d\u00e9cliner localement les pr\u00e9conisations du SRCE.<\/p>\n<p style=\"padding-bottom: 10px; margin-top: 0px; line-height: 1.7em; color: #33383d; font-family: 'trebuchet ms', arial, helvetica, sans-serif; font-size: 11px;\">Pour ce faire, le Club Foncier Haut-Normand propose un \u00e9clairage sur les bonnes pratiques fonci\u00e8res, tant en termes de planification que d&rsquo;action, au cours d&rsquo;un colloque qui aura lieu\u00a0<strong style=\"padding: 0px; margin: 0px;\">le mercredi 21 janvier 2015<\/strong>\u00a0apr\u00e8s-midi \u00e0 la R\u00e9gion Haute-Normandie sur le th\u00e8me\u00a0<strong style=\"padding: 0px; margin: 0px;\">\u00ab\u00a0Quelles strat\u00e9gies et actions fonci\u00e8res en faveur de la biodiversit\u00e9 ?\u00a0\u00bb<\/strong><\/p>\n<div class=\"\" style=\"padding: 0px; margin: 0px; color: #33383d; font-family: 'trebuchet ms', arial, helvetica, sans-serif; font-size: 11px; line-height: normal;\">\n<p style=\"padding-bottom: 10px; line-height: 1.7em;\"><a class=\"fichier pdf\" style=\"padding: 1px 0px 1px 22px; margin: 0px; color: #4f7093; text-decoration: underline; background-image: url('http:\/\/www.hautenormandie.fr\/extension\/rhn\/design\/rhn\/images\/background\/pdf.gif'); background-position: 0% 0%; background-repeat: no-repeat;\" href=\"http:\/\/www.hautenormandie.fr\/content\/download\/43459\/608567\/file\/programme.pdf\">Programme Colloque foncier 2015\u00a0<span style=\"padding: 0px; margin: 0px; font-size: 0.9em; color: #666666;\">(pdf &#8211; 2,83 Mo)<\/span><\/a><\/p>\n<\/div>\n<div class=\"\" style=\"padding: 0px; margin: 0px; color: #33383d; font-family: 'trebuchet ms', arial, helvetica, sans-serif; font-size: 11px; line-height: normal;\">\n<p style=\"padding-bottom: 10px; line-height: 1.7em;\"><a class=\"fichier pdf\" style=\"padding: 1px 0px 1px 22px; margin: 0px; color: #4f7093; text-decoration: underline; background-image: url('http:\/\/www.hautenormandie.fr\/extension\/rhn\/design\/rhn\/images\/background\/pdf.gif'); background-position: 0% 0%; background-repeat: no-repeat;\" href=\"http:\/\/www.hautenormandie.fr\/content\/download\/43467\/608687\/file\/coupon+r%C3%A9ponse.pdf\">Coupon r\u00e9ponse colloque foncier 2015\u00a0<span style=\"padding: 0px; margin: 0px; font-size: 0.9em; color: #666666;\">(pdf &#8211; 355,74 ko)<\/span><\/a><\/p>\n<\/div>\n","protected":false},"excerpt":{"rendered":"<p>\u00a0 Apr\u00e8s l&rsquo;approbation du Sch\u00e9ma R\u00e9gional de Coh\u00e9rence Ecologique (SRCE), il s&rsquo;agit maintenant de d\u00e9cliner localement les pr\u00e9conisations du SRCE. Pour ce faire, le Club Foncier Haut-Normand propose un \u00e9clairage sur les bonnes pratiques fonci\u00e8res, tant en termes de planification que d&rsquo;action, au cours d&rsquo;un colloque qui aura lieu\u00a0le mercredi 21 janvier 2015\u00a0apr\u00e8s-midi \u00e0 la &hellip; <\/p>\n<p><a class=\"more-link btn\" href=\"https:\/\/www.enviroscop.fr\/actu\/2015\/01\/quelles-strategies-et-actions-foncieres-en-faveur-de-la-biodiversite-les-actions-region-haute-normandie\/\">Lire la suite<\/a><\/p>\n","protected":false},"author":1,"featured_media":0,"comment_status":"open","ping_status":"open","sticky":false,"template":"","format":"standard","meta":{"jetpack_post_was_ever_published":false,"_jetpack_newsletter_access":"","_jetpack_dont_email_post_to_subs":false,"_jetpack_newsletter_tier_id":0,"_jetpack_memberships_contains_paywalled_content":false,"_jetpack_memberships_contains_paid_content":false,"footnotes":"","jetpack_publicize_message":"","jetpack_publicize_feature_enabled":true,"jetpack_social_post_already_shared":true,"jetpack_social_options":{"image_generator_settings":{"template":"highway","default_image_id":0,"font":"","enabled":false},"version":2}},"categories":[5,16,19,20,6,31,67,44,47,49,53],"tags":[],"class_list":["post-2190","post","type-post","status-publish","format-standard","hentry","category-amenagement","category-concertation","category-dreal","category-durable","category-ecologie","category-haute-normandie","category-nature","category-plu","category-ruralite","category-scot","category-trames-verte-et-bleue","item-wrap"],"jetpack_publicize_connections":[],"jetpack_featured_media_url":"","jetpack_shortlink":"https:\/\/wp.me\/p3rXAp-zk","jetpack_likes_enabled":true,"jetpack-related-posts":[{"id":2427,"url":"https:\/\/www.enviroscop.fr\/actu\/2015\/07\/appel-a-projets-biodiversite-2015-environnement-transport-territoires-les-actions-region-haute-normandie\/","url_meta":{"origin":2190,"position":0},"title":"Appel \u00e0 projets Biodiversit\u00e9 2015 &#8211; Environnement &#8211; Transport &#8211; Territoires &#8211; LES ACTIONS &#8211; R\u00e9gion Haute Normandie","author":"Enviroscop","date":"25 juillet 2015","format":false,"excerpt":"Dans le cadre de la Strat\u00e9gie R\u00e9gionale de la Biodiversit\u00e9, initi\u00e9e en partenariat avec l\u2019Etat, le Sch\u00e9ma R\u00e9gional de Coh\u00e9rence Ecologique a \u00e9t\u00e9 adopt\u00e9 le 18 novembre 2014. Ce sch\u00e9ma d\u00e9finit la Trame Verte et Bleue r\u00e9gionale qui doit d\u00e9sormais \u00eatre d\u00e9clin\u00e9e \u00e0 l\u2019\u00e9chelle locale.Pour mettre en application les pr\u00e9conisations\u2026","rel":"","context":"Dans &quot;biodiversit\u00e9&quot;","block_context":{"text":"biodiversit\u00e9","link":"https:\/\/www.enviroscop.fr\/actu\/category\/nature\/biodiversite\/"},"img":{"alt_text":"","src":"","width":0,"height":0},"classes":[]},{"id":1924,"url":"https:\/\/www.enviroscop.fr\/actu\/2014\/05\/programme-operationnel-federfse-et-programme-de-developpement-rural-2014-2020-deposes-a-la-commission-europeenne-europe-solidarite-internationale-les-actions-region-haute-normandie\/","url_meta":{"origin":2190,"position":1},"title":"Programme Op\u00e9rationnel FEDER\/FSE et Programme de D\u00e9veloppement Rural 2014-2020 d\u00e9pos\u00e9s \u00e0 la Commission europ\u00e9enne","author":"Enviroscop","date":"7 mai 2014","format":false,"excerpt":"Programme Op\u00e9rationnel FEDER\/FSE et Programme de D\u00e9veloppement Rural 2014-2020 d\u00e9pos\u00e9s \u00e0 la Commission europ\u00e9enne www.europe-haute-normandie.fr Apr\u00e8s une longue phase de pr\u00e9paration avec notamment l\u2019\u00e9laboration d\u2019un diagnostic territorial strat\u00e9gique et une phase de concertation avec les acteurs du territoire : l\u2019assembl\u00e9e pl\u00e9ni\u00e8re du Conseil R\u00e9gional de Haute Normandie a adopt\u00e9 les\u2026","rel":"","context":"Dans &quot;Agriculture&quot;","block_context":{"text":"Agriculture","link":"https:\/\/www.enviroscop.fr\/actu\/category\/activite\/agriculture\/"},"img":{"alt_text":"","src":"","width":0,"height":0},"classes":[]},{"id":1843,"url":"https:\/\/www.enviroscop.fr\/actu\/2014\/03\/plan-de-protection-de-latmosphere-haute-normandie\/","url_meta":{"origin":2190,"position":2},"title":"Plan de protection de l\u2019atmosph\u00e8re Haute-Normandie","author":"Enviroscop","date":"13 mars 2014","format":false,"excerpt":"Le Plan de Protection de l\u2019Atmosph\u00e8re (format pdf - 16 Mo - 03\/12\/2013) de la r\u00e9gion Haute-Normandie a \u00e9t\u00e9 approuv\u00e9 par arr\u00eat\u00e9 conjoint (format pdf - 234.3 ko - 19\/02\/2014) des deux pr\u00e9fets de d\u00e9partement le 30 janvier 2014. Il a pour objectif de maintenir ou ramener les concentrations de\u2026","rel":"","context":"Dans &quot;Air&quot;","block_context":{"text":"Air","link":"https:\/\/www.enviroscop.fr\/actu\/category\/compartiments\/air\/"},"img":{"alt_text":"","src":"","width":0,"height":0},"classes":[]},{"id":2430,"url":"https:\/\/www.enviroscop.fr\/actu\/2015\/07\/natura-2000-soutien-a-letablissementrevision-des-plans-de-gestion-aux-actions-de-sensibilisation-environnementale\/","url_meta":{"origin":2190,"position":3},"title":"Natura 2000 &#8211; Soutien \u00e0 l&rsquo;\u00e9tablissement\/r\u00e9vision des plans de gestion et aux actions de sensibilisation environnementale","author":"Enviroscop","date":"25 juillet 2015","format":false,"excerpt":"Ces dispositifs, mis en \u0153uvre par la R\u00e9gion dans le cadre des sous-mesures 7.1 et 7.6.1 du Programme de D\u00e9veloppement Rural R\u00e9gional (PDRR) 2014-2020,\u00a0permettent de soutenir l\u2019\u00e9laboration ou la r\u00e9vision des documents d\u2019objectifs des sites Natura 2000 (information, concertation, expertises scientifiques et techniques etc.) ainsi que les actions de sensibilisation\u2026","rel":"","context":"Dans &quot;ex Haute-Normandie&quot;","block_context":{"text":"ex Haute-Normandie","link":"https:\/\/www.enviroscop.fr\/actu\/category\/europe\/france\/regions\/normandie\/haute-normandie\/"},"img":{"alt_text":"","src":"","width":0,"height":0},"classes":[]},{"id":1441,"url":"https:\/\/www.enviroscop.fr\/actu\/2013\/09\/la-haute-normandie-atout-logistique-dans-lespace-paris-seine-normandie\/","url_meta":{"origin":2190,"position":4},"title":"La Haute-Normandie, atout logistique dans l&rsquo;espace Paris Seine Normandie","author":"Enviroscop","date":"18 septembre 2013","format":false,"excerpt":"Dans l'ensemble Paris Seine Normandie\u00ae, la r\u00e9gion Haute-Normandie b\u00e9n\u00e9ficie d'atouts ind\u00e9niables qui favorisent le d\u00e9veloppement des \u00e9changes commerciaux. \u00c0 proximit\u00e9 des centres de fret de premi\u00e8re importance tels que Roissy et Orly, elle dispose \u00e9galement de deux grands ports maritimes, Le Havre et Rouen, d'un grand port fluvial Ports de\u2026","rel":"","context":"Dans &quot;D\u00e9placements&quot;","block_context":{"text":"D\u00e9placements","link":"https:\/\/www.enviroscop.fr\/actu\/category\/activite\/transport\/deplacements\/"},"img":{"alt_text":"","src":"https:\/\/i0.wp.com\/www.enviroscop.fr\/actu\/wp-content\/uploads\/2013\/09\/ca_1396.png?resize=350%2C200","width":350,"height":200},"classes":[]},{"id":2019,"url":"https:\/\/www.enviroscop.fr\/actu\/2014\/08\/des-formations-et-des-metiers-dans-le-vent\/","url_meta":{"origin":2190,"position":5},"title":"Des formations et des m\u00e9tiers dans le vent","author":"Enviroscop","date":"11 ao\u00fbt 2014","format":false,"excerpt":"\u00a9\u00a0Fr\u00e9d\u00e9ric Carnuccini Premi\u00e8re r\u00e9gion \u00e9nerg\u00e9tique fran\u00e7aise en termes d'activit\u00e9 \u00e9conomique et d'effectifs salari\u00e9s, la R\u00e9gion Haute-Normandie s\u2019est fortement engag\u00e9e dans la transition \u00e9nerg\u00e9tique afin de devenir l'une des premi\u00e8res \u00e9co-r\u00e9gions de France. Cette volont\u00e9 porte ses fruits puisque notre r\u00e9gion va accueillir deux parcs \u00e9oliens off-shore avec, \u00e0 la clef,\u2026","rel":"","context":"Dans &quot;durable&quot;","block_context":{"text":"durable","link":"https:\/\/www.enviroscop.fr\/actu\/category\/durable\/"},"img":{"alt_text":"","src":"https:\/\/i0.wp.com\/www.hautenormandie.fr\/var\/rhn\/storage\/images\/mediatheque\/economie-recherche\/images\/eolien-lycee-fecamp\/561555-1-fre-FR\/eolien-lycee-fecamp_medium.jpg?resize=350%2C200","width":350,"height":200},"classes":[]}],"jetpack_sharing_enabled":true,"_links":{"self":[{"href":"https:\/\/www.enviroscop.fr\/actu\/wp-json\/wp\/v2\/posts\/2190","targetHints":{"allow":["GET"]}}],"collection":[{"href":"https:\/\/www.enviroscop.fr\/actu\/wp-json\/wp\/v2\/posts"}],"about":[{"href":"https:\/\/www.enviroscop.fr\/actu\/wp-json\/wp\/v2\/types\/post"}],"author":[{"embeddable":true,"href":"https:\/\/www.enviroscop.fr\/actu\/wp-json\/wp\/v2\/users\/1"}],"replies":[{"embeddable":true,"href":"https:\/\/www.enviroscop.fr\/actu\/wp-json\/wp\/v2\/comments?post=2190"}],"version-history":[{"count":0,"href":"https:\/\/www.enviroscop.fr\/actu\/wp-json\/wp\/v2\/posts\/2190\/revisions"}],"wp:attachment":[{"href":"https:\/\/www.enviroscop.fr\/actu\/wp-json\/wp\/v2\/media?parent=2190"}],"wp:term":[{"taxonomy":"category","embeddable":true,"href":"https:\/\/www.enviroscop.fr\/actu\/wp-json\/wp\/v2\/categories?post=2190"},{"taxonomy":"post_tag","embeddable":true,"href":"https:\/\/www.enviroscop.fr\/actu\/wp-json\/wp\/v2\/tags?post=2190"}],"curies":[{"name":"wp","href":"https:\/\/api.w.org\/{rel}","templated":true}]}}