{"id":22,"date":"2012-04-19T07:05:00","date_gmt":"2012-04-19T06:05:00","guid":{"rendered":"http:\/\/actu.enviroscop.com\/scic-les-collectivites-prennent-part-aux-coop"},"modified":"2013-05-01T13:12:04","modified_gmt":"2013-05-01T12:12:04","slug":"scic-les-collectivites-prennent-part-aux-coop","status":"publish","type":"post","link":"https:\/\/www.enviroscop.fr\/actu\/2012\/04\/scic-les-collectivites-prennent-part-aux-coop\/","title":{"rendered":"Scic : les collectivit\u00e9s prennent part aux coop\u00e9ratives"},"content":{"rendered":"<p><a href=\"http:\/\/www.localtis.info\/cs\/ContentServer?pagename=Localtis\/LOCActu\/ArticleActualite&amp;cid=1250263567551&amp;jid=1250263576513\" target=\"_blank\">Un article de Localtis sur les SCIC<\/a><\/p>\n","protected":false},"excerpt":{"rendered":"<p>Un article de Localtis sur les SCIC<\/p>\n","protected":false},"author":1,"featured_media":0,"comment_status":"open","ping_status":"open","sticky":false,"template":"","format":"standard","meta":{"jetpack_post_was_ever_published":false,"_jetpack_newsletter_access":"","_jetpack_dont_email_post_to_subs":false,"_jetpack_newsletter_tier_id":0,"_jetpack_memberships_contains_paywalled_content":false,"_jetpack_memberships_contains_paid_content":false,"footnotes":"","jetpack_publicize_message":"","jetpack_publicize_feature_enabled":true,"jetpack_social_post_already_shared":false,"jetpack_social_options":{"image_generator_settings":{"template":"highway","default_image_id":0,"font":"","enabled":false},"version":2}},"categories":[48],"tags":[],"class_list":["post-22","post","type-post","status-publish","format-standard","hentry","category-scop","item-wrap"],"jetpack_publicize_connections":[],"jetpack_featured_media_url":"","jetpack_shortlink":"https:\/\/wp.me\/p3rXAp-m","jetpack_likes_enabled":true,"jetpack-related-posts":[{"id":5408,"url":"https:\/\/www.enviroscop.fr\/actu\/2024\/02\/rapport-dactivite-2023-des-scop-et-des-scic\/","url_meta":{"origin":22,"position":0},"title":"Rapport d&rsquo;activit\u00e9 2023 des SCOP et des SCIC","author":"Enviroscop","date":"12 f\u00e9vrier 2024","format":false,"excerpt":"Une ann\u00e9e marqu\u00e9e par la r\u00e9sistance des Scop et des Scic et de bons r\u00e9sultats malgr\u00e9 une conjoncture \u00e9conomique en berne Des taux d\u2019int\u00e9r\u00eats \u00e0 4 %, une inflation \u00e0 4,9 %, une conjoncture \u00e9conomique incertaine avec une croissance de 0,9 %... L\u2019ann\u00e9e 2023 a montr\u00e9 \u00e0 nos coop\u00e9ratives les\u2026","rel":"","context":"Dans &quot;Activit\u00e9&quot;","block_context":{"text":"Activit\u00e9","link":"https:\/\/www.enviroscop.fr\/actu\/category\/activite\/"},"img":{"alt_text":"","src":"https:\/\/i0.wp.com\/www.enviroscop.fr\/actu\/wp-content\/uploads\/2024\/02\/Capture-decran-2024-02-12-145351.png?resize=350%2C200&ssl=1","width":350,"height":200,"srcset":"https:\/\/i0.wp.com\/www.enviroscop.fr\/actu\/wp-content\/uploads\/2024\/02\/Capture-decran-2024-02-12-145351.png?resize=350%2C200&ssl=1 1x, https:\/\/i0.wp.com\/www.enviroscop.fr\/actu\/wp-content\/uploads\/2024\/02\/Capture-decran-2024-02-12-145351.png?resize=525%2C300&ssl=1 1.5x, https:\/\/i0.wp.com\/www.enviroscop.fr\/actu\/wp-content\/uploads\/2024\/02\/Capture-decran-2024-02-12-145351.png?resize=700%2C400&ssl=1 2x, https:\/\/i0.wp.com\/www.enviroscop.fr\/actu\/wp-content\/uploads\/2024\/02\/Capture-decran-2024-02-12-145351.png?resize=1050%2C600&ssl=1 3x, https:\/\/i0.wp.com\/www.enviroscop.fr\/actu\/wp-content\/uploads\/2024\/02\/Capture-decran-2024-02-12-145351.png?resize=1400%2C800&ssl=1 4x"},"classes":[]},{"id":4673,"url":"https:\/\/www.enviroscop.fr\/actu\/2022\/03\/un-peu-dautosatisfaction-avec-plus-de-70-000-emplois-atteints-et-une-resilience-du-mouvement-a-la-crise-sanitaire-la-cg-scop-annonce-son-plan-dactions-pour-la-mandature-2022-2026\/","url_meta":{"origin":22,"position":1},"title":"Un peu d&rsquo;autosatisfaction : Avec plus de 70 000 emplois atteints et une r\u00e9silience du Mouvement \u00e0 la crise sanitaire, la CG Scop annonce son plan d\u2019actions pour la mandature 2022-2026","author":"Enviroscop","date":"30 mars 2022","format":false,"excerpt":"A l\u2019occasion du 37e Congr\u00e8s national des Soci\u00e9t\u00e9s coop\u00e9ratives \u00e0 Rennes, la Conf\u00e9d\u00e9ration g\u00e9n\u00e9rale des Scop dresse un bilan positif de la mandature 2017-2021 : l\u2019objectif des 70 000 emplois coop\u00e9ratifs est d\u00e9pass\u00e9. Outre l\u2019annonce de la r\u00e9\u00e9lection de Jacques Landriot comme pr\u00e9sident du Mouvement, la CG Scop revient sur\u2026","rel":"","context":"Dans &quot;Coop\u00e9rative&quot;","block_context":{"text":"Coop\u00e9rative","link":"https:\/\/www.enviroscop.fr\/actu\/category\/activite\/economie\/cooperative\/"},"img":{"alt_text":"","src":"https:\/\/i0.wp.com\/www.enviroscop.fr\/actu\/wp-content\/uploads\/2022\/03\/Capture-decran-2022-03-30-150428.jpg?resize=350%2C200","width":350,"height":200,"srcset":"https:\/\/i0.wp.com\/www.enviroscop.fr\/actu\/wp-content\/uploads\/2022\/03\/Capture-decran-2022-03-30-150428.jpg?resize=350%2C200 1x, https:\/\/i0.wp.com\/www.enviroscop.fr\/actu\/wp-content\/uploads\/2022\/03\/Capture-decran-2022-03-30-150428.jpg?resize=525%2C300 1.5x, https:\/\/i0.wp.com\/www.enviroscop.fr\/actu\/wp-content\/uploads\/2022\/03\/Capture-decran-2022-03-30-150428.jpg?resize=700%2C400 2x, https:\/\/i0.wp.com\/www.enviroscop.fr\/actu\/wp-content\/uploads\/2022\/03\/Capture-decran-2022-03-30-150428.jpg?resize=1050%2C600 3x, https:\/\/i0.wp.com\/www.enviroscop.fr\/actu\/wp-content\/uploads\/2022\/03\/Capture-decran-2022-03-30-150428.jpg?resize=1400%2C800 4x"},"classes":[]},{"id":4663,"url":"https:\/\/www.enviroscop.fr\/actu\/2022\/03\/congres-national-des-scic-et-scop\/","url_meta":{"origin":22,"position":2},"title":"Congr\u00e8s national des SCIC et SCOP","author":"Enviroscop","date":"16 mars 2022","format":false,"excerpt":"Enviroscop, au travers de 6 de ses collaborateurs (venez rencontrer Caroline, Elise, Etienne, Mathilde, Philippe et Yvonnick), a le plaisir de se rendre au 37e Congr\u00e8s national des Soci\u00e9t\u00e9s Coop\u00e9ratives, qui aura lieu les 16 (pour l'inauguration), 17 et 18 mars \u00e0 #Rennes. au couvent des Jacobins. C'est notre troisi\u00e8me\u2026","rel":"","context":"Dans &quot;Coop\u00e9rative&quot;","block_context":{"text":"Coop\u00e9rative","link":"https:\/\/www.enviroscop.fr\/actu\/category\/activite\/economie\/cooperative\/"},"img":{"alt_text":"","src":"","width":0,"height":0},"classes":[]},{"id":4712,"url":"https:\/\/www.enviroscop.fr\/actu\/2022\/04\/en-2022-pres-de-la-moitie-des-salaries-nont-jamais-ete-consultes-par-leur-entreprise-sur-les-decisions-operationnelles-ou-strategiques\/","url_meta":{"origin":22,"position":3},"title":"En 2022, pr\u00e8s de la moiti\u00e9 des salari\u00e9s n\u2019ont jamais \u00e9t\u00e9 consult\u00e9s par leur entreprise sur les d\u00e9cisions op\u00e9rationnelles ou strat\u00e9giques","author":"Enviroscop","date":"19 avril 2022","format":false,"excerpt":"2e Barom\u00e8tre de l\u2019entreprise de demain par la Conf\u00e9d\u00e9ration g\u00e9n\u00e9rale des Scop et des Scic avec OpinionWay Dans le contexte de l\u2019\u00e9lection pr\u00e9sidentielle, les enjeux de l\u2019emploi et de la transition \u00e9cologique et sociale sont centraux et exacerb\u00e9s par les crises \u00e9cologiques et \u00e9conomiques. Dans ce contexte, la Conf\u00e9d\u00e9ration g\u00e9n\u00e9rale\u2026","rel":"","context":"Dans &quot;Coop\u00e9rative&quot;","block_context":{"text":"Coop\u00e9rative","link":"https:\/\/www.enviroscop.fr\/actu\/category\/activite\/economie\/cooperative\/"},"img":{"alt_text":"Les attentes \u00e0 l'\u00e9gard des entreprises pour les ann\u00e9es \u00e0 venir","src":"https:\/\/i0.wp.com\/www.les-scop.coop\/system\/files\/inline-images\/baro2.PNG?resize=350%2C200&ssl=1","width":350,"height":200,"srcset":"https:\/\/i0.wp.com\/www.les-scop.coop\/system\/files\/inline-images\/baro2.PNG?resize=350%2C200&ssl=1 1x, https:\/\/i0.wp.com\/www.les-scop.coop\/system\/files\/inline-images\/baro2.PNG?resize=525%2C300&ssl=1 1.5x"},"classes":[]},{"id":5452,"url":"https:\/\/www.enviroscop.fr\/actu\/2024\/05\/5452\/","url_meta":{"origin":22,"position":4},"title":"L&rsquo;alliance des COOP !","author":"Enviroscop","date":"29 mai 2024","format":false,"excerpt":"Une Alliance de Coop' est en train de na\u00eetre pour promouvoir les Coop\u00e9ratives de France ! SCOP, SCIC, CAE, rejoignez nous sur ce r\u00e9seau de promotion. Nous avons tant de diversit\u00e9s \u00e0 pr\u00e9senter qui peuvent promouvoir nos valeurs (humaines, sociales, environnementales et m\u00eame \u00e9conomiques !), nos modes organisationnels coop\u00e9ratifs. Ce\u2026","rel":"","context":"Dans &quot;Citoyen&quot;","block_context":{"text":"Citoyen","link":"https:\/\/www.enviroscop.fr\/actu\/category\/humain\/citoyen\/"},"img":{"alt_text":"","src":"","width":0,"height":0},"classes":[]},{"id":1548,"url":"https:\/\/www.enviroscop.fr\/actu\/2013\/10\/cooperative-combrailles-durables-le-photovoltaique-citoyen-plein-soleil\/","url_meta":{"origin":22,"position":5},"title":"Coop\u00e9rative Combrailles Durables : Le photovolta\u00efque citoyen | Plein Soleil","author":"Enviroscop","date":"28 octobre 2013","format":false,"excerpt":"La coop\u00e9rative d\u2019int\u00e9r\u00eat collectif SCIC Combrailles Durables sans but lucratif regroupe des citoyens lambda, au nombre de 176 au 10 octobre 2013. Elle est anim\u00e9e pas une groupe d\u2019une quinzaine de b\u00e9n\u00e9voles. Cette coop\u00e9rative a mis en service et exploite des petites centrales solaires photovolta\u00efques en toiture de b\u00e2timents publics.\u2026","rel":"","context":"Dans &quot;Coop\u00e9rative&quot;","block_context":{"text":"Coop\u00e9rative","link":"https:\/\/www.enviroscop.fr\/actu\/category\/activite\/economie\/cooperative\/"},"img":{"alt_text":"","src":"","width":0,"height":0},"classes":[]}],"jetpack_sharing_enabled":true,"_links":{"self":[{"href":"https:\/\/www.enviroscop.fr\/actu\/wp-json\/wp\/v2\/posts\/22","targetHints":{"allow":["GET"]}}],"collection":[{"href":"https:\/\/www.enviroscop.fr\/actu\/wp-json\/wp\/v2\/posts"}],"about":[{"href":"https:\/\/www.enviroscop.fr\/actu\/wp-json\/wp\/v2\/types\/post"}],"author":[{"embeddable":true,"href":"https:\/\/www.enviroscop.fr\/actu\/wp-json\/wp\/v2\/users\/1"}],"replies":[{"embeddable":true,"href":"https:\/\/www.enviroscop.fr\/actu\/wp-json\/wp\/v2\/comments?post=22"}],"version-history":[{"count":0,"href":"https:\/\/www.enviroscop.fr\/actu\/wp-json\/wp\/v2\/posts\/22\/revisions"}],"wp:attachment":[{"href":"https:\/\/www.enviroscop.fr\/actu\/wp-json\/wp\/v2\/media?parent=22"}],"wp:term":[{"taxonomy":"category","embeddable":true,"href":"https:\/\/www.enviroscop.fr\/actu\/wp-json\/wp\/v2\/categories?post=22"},{"taxonomy":"post_tag","embeddable":true,"href":"https:\/\/www.enviroscop.fr\/actu\/wp-json\/wp\/v2\/tags?post=22"}],"curies":[{"name":"wp","href":"https:\/\/api.w.org\/{rel}","templated":true}]}}