{"id":2217,"date":"2015-01-19T08:50:31","date_gmt":"2015-01-19T07:50:31","guid":{"rendered":"http:\/\/www.enviroscop.fr\/actu\/?p=2217"},"modified":"2015-01-19T08:50:31","modified_gmt":"2015-01-19T07:50:31","slug":"enr-harmonisation-des-delais-de-recours-pour-les-icpe","status":"publish","type":"post","link":"https:\/\/www.enviroscop.fr\/actu\/2015\/01\/enr-harmonisation-des-delais-de-recours-pour-les-icpe\/","title":{"rendered":"EnR : harmonisation des d\u00e9lais de recours pour les ICPE"},"content":{"rendered":"<p>La commission sp\u00e9ciale charg\u00e9e d&rsquo;examiner le projet de loi Macron a adopt\u00e9, ce vendredi 16 janvier, un amendement harmonisant les d\u00e9lais de recours contre les d\u00e9cisions relatives aux installations de production d&rsquo;\u00e9nergie renouvelable (EnR).<\/p>\n<p>En modifiant l&rsquo;article L. 514-6 du Code de l&rsquo;Environnement, le texte fixe \u00e0 deux mois ce d\u00e9lai de recours contre les d\u00e9cisions prises au titre de la l\u00e9gislation sur les installations class\u00e9es (ICPE).<\/p>\n","protected":false},"excerpt":{"rendered":"<p>La commission sp\u00e9ciale charg\u00e9e d&rsquo;examiner le projet de loi Macron a adopt\u00e9, ce vendredi 16 janvier, un amendement harmonisant les d\u00e9lais de recours contre les d\u00e9cisions relatives aux installations de production d&rsquo;\u00e9nergie renouvelable (EnR). En modifiant l&rsquo;article L. 514-6 du Code de l&rsquo;Environnement, le texte fixe \u00e0 deux mois ce d\u00e9lai de recours contre les &hellip; <\/p>\n<p><a class=\"more-link btn\" href=\"https:\/\/www.enviroscop.fr\/actu\/2015\/01\/enr-harmonisation-des-delais-de-recours-pour-les-icpe\/\">Lire la suite<\/a><\/p>\n","protected":false},"author":1,"featured_media":0,"comment_status":"open","ping_status":"open","sticky":false,"template":"","format":"standard","meta":{"_acf_changed":false,"footnotes":""},"categories":[12,66,7,8,68,32,72,43],"tags":[],"class_list":["post-2217","post","type-post","status-publish","format-standard","hentry","category-biomasse","category-droit","category-energie","category-eolien","category-france","category-icpe","category-marine","category-photovoltaique","item-wrap"],"acf":[],"_links":{"self":[{"href":"https:\/\/www.enviroscop.fr\/actu\/wp-json\/wp\/v2\/posts\/2217","targetHints":{"allow":["GET"]}}],"collection":[{"href":"https:\/\/www.enviroscop.fr\/actu\/wp-json\/wp\/v2\/posts"}],"about":[{"href":"https:\/\/www.enviroscop.fr\/actu\/wp-json\/wp\/v2\/types\/post"}],"author":[{"embeddable":true,"href":"https:\/\/www.enviroscop.fr\/actu\/wp-json\/wp\/v2\/users\/1"}],"replies":[{"embeddable":true,"href":"https:\/\/www.enviroscop.fr\/actu\/wp-json\/wp\/v2\/comments?post=2217"}],"version-history":[{"count":0,"href":"https:\/\/www.enviroscop.fr\/actu\/wp-json\/wp\/v2\/posts\/2217\/revisions"}],"wp:attachment":[{"href":"https:\/\/www.enviroscop.fr\/actu\/wp-json\/wp\/v2\/media?parent=2217"}],"wp:term":[{"taxonomy":"category","embeddable":true,"href":"https:\/\/www.enviroscop.fr\/actu\/wp-json\/wp\/v2\/categories?post=2217"},{"taxonomy":"post_tag","embeddable":true,"href":"https:\/\/www.enviroscop.fr\/actu\/wp-json\/wp\/v2\/tags?post=2217"}],"curies":[{"name":"wp","href":"https:\/\/api.w.org\/{rel}","templated":true}]}}