{"id":222,"date":"2013-01-23T15:09:00","date_gmt":"2013-01-23T15:09:00","guid":{"rendered":"http:\/\/actu.enviroscop.com\/suivi-biodiversite-et-parcs-eoliens"},"modified":"2013-03-01T21:54:09","modified_gmt":"2013-03-01T20:54:09","slug":"suivi-biodiversite-et-parcs-eoliens","status":"publish","type":"post","link":"https:\/\/www.enviroscop.fr\/actu\/2013\/01\/suivi-biodiversite-et-parcs-eoliens\/","title":{"rendered":"Suivi biodiversit\u00e9 et parcs \u00e9oliens"},"content":{"rendered":"<p>23\/01\/13<\/p>\n<p>Une bibliographie r\u00e9alis\u00e9e par la LPO sur les effets de l&rsquo;implantation de parcs \u00e9oliens sur la biodiversit\u00e9 (et notamment les chiropt\u00e8res et les oiseaux).<\/p>\n<p>Pour lire la bibliographie, <a href=\"http:\/\/www.eolien-biodiversite.com\/contenu\/,suivis--biodiversite-et-parcs-eoliens,37\" target=\"_blank\">c&rsquo;est ICI<\/a><\/p>\n","protected":false},"excerpt":{"rendered":"<p>23\/01\/13 Une bibliographie r??alis??e par la LPO sur les effets de l&rsquo;implantation de parcs ??oliens sur la biodiversit?? (et notamment les chiropt??res et les oiseaux). Pour lire la bibliographie, c&rsquo;est ICI<\/p>\n","protected":false},"author":1,"featured_media":0,"comment_status":"open","ping_status":"open","sticky":false,"template":"","format":"standard","meta":{"jetpack_post_was_ever_published":false,"_jetpack_newsletter_access":"","_jetpack_dont_email_post_to_subs":false,"_jetpack_newsletter_tier_id":0,"_jetpack_memberships_contains_paywalled_content":false,"_jetpack_memberships_contains_paid_content":false,"footnotes":"","jetpack_publicize_message":"","jetpack_publicize_feature_enabled":true,"jetpack_social_post_already_shared":false,"jetpack_social_options":{"image_generator_settings":{"template":"highway","default_image_id":0,"font":"","enabled":false},"version":2}},"categories":[11,8,9],"tags":[],"class_list":["post-222","post","type-post","status-publish","format-standard","hentry","category-biodiversite","category-eolien","category-etude-dimpact","item-wrap"],"jetpack_publicize_connections":[],"jetpack_featured_media_url":"","jetpack_shortlink":"https:\/\/wp.me\/p3rXAp-3A","jetpack_likes_enabled":true,"jetpack-related-posts":[{"id":2834,"url":"https:\/\/www.enviroscop.fr\/actu\/2017\/06\/le-parc-eolien-francais-ses-impacts-sur-lavifaune-etude-des-suivis-de-mortalite-realises-en-france-de-1997-a-2015-par-la-lpo\/","url_meta":{"origin":222,"position":0},"title":"Le parc \u00e9olien fran\u00e7ais et ses impacts sur l\u2019avifaune. Etude des suivis de mortalit\u00e9 r\u00e9alis\u00e9s en France de 1997 \u00e0 2015 par la LPO","author":"Enviroscop","date":"22 juin 2017","format":false,"excerpt":"La mortalit\u00e9 r\u00e9elle due aux \u00e9oliennes n\u2019est estim\u00e9e que pour tr\u00e8s peu de parcs,\u00a0souvent localis\u00e9s dans des ZPS ou pr\u00e9sentant de fortes sensibilit\u00e9s avifaunistiques. Pour les huit\u00a0parcs concern\u00e9s, qui repr\u00e9sentent 1,38 % des \u00e9oliennes fran\u00e7aises, la mortalit\u00e9 r\u00e9elle estim\u00e9e\u00a0varie de 0,3 \u00e0 18,3 oiseaux tu\u00e9s par \u00e9olienne et par an,\u2026","rel":"","context":"Dans &quot;biodiversit\u00e9&quot;","block_context":{"text":"biodiversit\u00e9","link":"https:\/\/www.enviroscop.fr\/actu\/category\/nature\/biodiversite\/"},"img":{"alt_text":"","src":"https:\/\/i0.wp.com\/www.enviroscop.fr\/actu\/wp-content\/uploads\/2017\/06\/LPO201706-209x300.jpg?resize=350%2C200","width":350,"height":200},"classes":[]},{"id":2787,"url":"https:\/\/www.enviroscop.fr\/actu\/2017\/04\/exposition-aux-basses-frequences-infrasons-des-parcs-eoliens-renforcer-linformation-des-riverains-la-surveillance-de-lexposition-aux-bruits\/","url_meta":{"origin":222,"position":1},"title":"Exposition aux basses fr\u00e9quences et infrasons des parcs \u00e9oliens : renforcer l\u2019information des riverains et la surveillance de l\u2019exposition aux bruits","author":"Enviroscop","date":"3 avril 2017","format":false,"excerpt":"L\u2019Anses publie ce jour les r\u00e9sultats de son \u00e9valuation des effets sanitaires li\u00e9s aux basses fr\u00e9quences sonores (20\u00a0Hz \u00e0 200\u00a0Hz) et infrasons (inf\u00e9rieurs \u00e0 20\u00a0Hz) \u00e9mis par les parcs \u00e9oliens. L\u2019expertise men\u00e9e par l\u2019Agence a permis d\u2019une part de mesurer et caract\u00e9riser en situation r\u00e9elle les infrasons \u00e9mis par des\u2026","rel":"","context":"Dans &quot;Energie&quot;","block_context":{"text":"Energie","link":"https:\/\/www.enviroscop.fr\/actu\/category\/energie\/"},"img":{"alt_text":"","src":"https:\/\/i0.wp.com\/www.enviroscop.fr\/actu\/wp-content\/uploads\/2015\/07\/20150702_121207_img0014-150x150.jpg?resize=350%2C200","width":350,"height":200},"classes":[]},{"id":172,"url":"https:\/\/www.enviroscop.fr\/actu\/2010\/11\/leurope-natura-2000-et-les-eoliennes\/","url_meta":{"origin":222,"position":2},"title":"L&rsquo;Europe, Natura 2000 et les \u00e9oliennes","author":"Enviroscop","date":"9 novembre 2010","format":false,"excerpt":"Un rapport vient d'??tre publi?? sur les potentialit??s de d??veloppement de parcs ??oliens en zone Natura 2000 R??dig?? en anglais, vous pouvez le t??l??charger ici. Les parcs ??oliens bien con??us ne sont pas une menace pour la biodiversit??. Malheureusemen...","rel":"","context":"Dans &quot;Eolien&quot;","block_context":{"text":"Eolien","link":"https:\/\/www.enviroscop.fr\/actu\/category\/energie\/renouvelable\/eolien\/"},"img":{"alt_text":"","src":"","width":0,"height":0},"classes":[]},{"id":1920,"url":"https:\/\/www.enviroscop.fr\/actu\/2014\/05\/parcs-eoliens-terrestres-especes-protegees\/","url_meta":{"origin":222,"position":3},"title":"Parcs \u00e9oliens terrestres et esp\u00e8ces prot\u00e9g\u00e9es","author":"Enviroscop","date":"5 mai 2014","format":false,"excerpt":"Parution du guide du Minist\u00e8re sur l'application des dispositions de protection stricte des esp\u00e8ces dans ce secteur d\u2019activit\u00e9s au regard des effets sp\u00e9cifiques que les installations de production d\u2019\u00e9lectricit\u00e9 peuvent pr\u00e9senter et \u00a0les interpr\u00e9tations qu\u2019il convient de donner \u00e0 certaines exigences r\u00e9glementaires applicables \u00e0 la protection stricte des esp\u00e8ces potentiellement\u2026","rel":"","context":"Dans &quot;Ecologie&quot;","block_context":{"text":"Ecologie","link":"https:\/\/www.enviroscop.fr\/actu\/category\/nature\/ecologie\/"},"img":{"alt_text":"","src":"","width":0,"height":0},"classes":[]},{"id":220,"url":"https:\/\/www.enviroscop.fr\/actu\/2011\/06\/projet-de-decret-eolien\/","url_meta":{"origin":222,"position":4},"title":"Projet de d??cret ??olien","author":"Enviroscop","date":"2 juin 2011","format":false,"excerpt":"De grands soucis pour les experts en perspective ? Comment prouver que \"l???installation est implant??e de telle sorte que les a??rog??n??rateurs sont positionn??s parall??lement aux voies de d??placement de l???avifaune\" ? Quelles voies de d??pla...","rel":"","context":"Dans &quot;biodiversit\u00e9&quot;","block_context":{"text":"biodiversit\u00e9","link":"https:\/\/www.enviroscop.fr\/actu\/category\/nature\/biodiversite\/"},"img":{"alt_text":"","src":"","width":0,"height":0},"classes":[]},{"id":2102,"url":"https:\/\/www.enviroscop.fr\/actu\/2014\/10\/chauves-souris-et-eoliennes\/","url_meta":{"origin":222,"position":5},"title":"Chauves-souris et \u00e9oliennes","author":"Enviroscop","date":"15 octobre 2014","format":false,"excerpt":"Une int\u00e9ressante \u00e9tude internationale sur les risques encourus par les chauves-souris \u00e0 proximit\u00e9 des \u00e9oliennes. Tous les suivis ont constat\u00e9 une mortalit\u00e9 surprenante des chiropt\u00e8res sur les parcs \u00e9oliens, mais les causes en sont inconnues. Des pics de mortalit\u00e9s ont \u00e9t\u00e9 observ\u00e9s pour des vitesses de vent peu \u00e9lev\u00e9es en\u2026","rel":"","context":"Dans &quot;biodiversit\u00e9&quot;","block_context":{"text":"biodiversit\u00e9","link":"https:\/\/www.enviroscop.fr\/actu\/category\/nature\/biodiversite\/"},"img":{"alt_text":"","src":"","width":0,"height":0},"classes":[]}],"jetpack_sharing_enabled":true,"_links":{"self":[{"href":"https:\/\/www.enviroscop.fr\/actu\/wp-json\/wp\/v2\/posts\/222","targetHints":{"allow":["GET"]}}],"collection":[{"href":"https:\/\/www.enviroscop.fr\/actu\/wp-json\/wp\/v2\/posts"}],"about":[{"href":"https:\/\/www.enviroscop.fr\/actu\/wp-json\/wp\/v2\/types\/post"}],"author":[{"embeddable":true,"href":"https:\/\/www.enviroscop.fr\/actu\/wp-json\/wp\/v2\/users\/1"}],"replies":[{"embeddable":true,"href":"https:\/\/www.enviroscop.fr\/actu\/wp-json\/wp\/v2\/comments?post=222"}],"version-history":[{"count":0,"href":"https:\/\/www.enviroscop.fr\/actu\/wp-json\/wp\/v2\/posts\/222\/revisions"}],"wp:attachment":[{"href":"https:\/\/www.enviroscop.fr\/actu\/wp-json\/wp\/v2\/media?parent=222"}],"wp:term":[{"taxonomy":"category","embeddable":true,"href":"https:\/\/www.enviroscop.fr\/actu\/wp-json\/wp\/v2\/categories?post=222"},{"taxonomy":"post_tag","embeddable":true,"href":"https:\/\/www.enviroscop.fr\/actu\/wp-json\/wp\/v2\/tags?post=222"}],"curies":[{"name":"wp","href":"https:\/\/api.w.org\/{rel}","templated":true}]}}