{"id":2237,"date":"2015-01-28T11:07:56","date_gmt":"2015-01-28T10:07:56","guid":{"rendered":"http:\/\/www.enviroscop.fr\/actu\/?p=2237"},"modified":"2015-01-28T11:07:56","modified_gmt":"2015-01-28T10:07:56","slug":"identifier-et-lutter-contre-les-especes-exotiques-et-envahissantes-dans-les-carrieres","status":"publish","type":"post","link":"https:\/\/www.enviroscop.fr\/actu\/2015\/01\/identifier-et-lutter-contre-les-especes-exotiques-et-envahissantes-dans-les-carrieres\/","title":{"rendered":"Identifier et lutter contre les esp\u00e8ces exotiques et envahissantes dans les carri\u00e8res"},"content":{"rendered":"<div id=\"content-middle\" class=\"contentmid colorlink5\" style=\"text-align: justify; color: #000000; font-family: Tahoma; line-height: normal;\"><img data-recalc-dims=\"1\" decoding=\"async\" style=\"margin-right: 20px; margin-bottom: 14px;\" src=\"https:\/\/i0.wp.com\/www.unpg.fr\/upload\/tbl_1content2665.jpg?w=750\" alt=\"\" align=\"left\" \/><b>L\u2019UNPG accompagne ses adh\u00e9rents dans la lutte contre les esp\u00e8ces invasives en mettant \u00e0 leur disposition un guide pratique pour identifier et agir contre celles fr\u00e9quemment observ\u00e9es en carri\u00e8res.<br \/>\n<\/b><br \/>\nStructur\u00e9 autour de quatre chapitres pr\u00e9c\u00e9d\u00e9s d\u2019un contexte g\u00e9n\u00e9ral, ce guide explique la notion d\u2019esp\u00e8ce invasive, le m\u00e9canisme du ph\u00e9nom\u00e8ne d\u2019invasion et pr\u00e9sente les m\u00e9thodes de lutte contre les esp\u00e8ces invasives. Quatorzefiches pratiques sur la gestion des esp\u00e8ces invasives ainsi que nombreux liens vers des ressources utiles viennent compl\u00e9ter l\u2019ouvrage.<\/p>\n<p>Ce guide est pr\u00e9fac\u00e9 par la F\u00e9d\u00e9ration des Conservatoires Botaniques Nationaux, organisme mandat\u00e9 par le Minist\u00e8re de l\u2019\u00e9cologie aux c\u00f4t\u00e9s du Mus\u00e9um National d\u2019Histoire Naturelle Mus\u00e9um (MNHN) pour \u00e9laborer le plan national de lutte contre les esp\u00e8ces invasives, et Jean-Claude Lefeuvre (Professeur \u00e9m\u00e9rite du MNHN et sp\u00e9cialiste de la probl\u00e9matique des esp\u00e8ces invasives.<\/p>\n<p>Avec ce guide, la profession anticipe l&rsquo;application du R\u00e8glement Europ\u00e9en sur les esp\u00e8ces exotiques envahissantes.<\/p>\n<p><em>Pour consulter le guide\u00a0<\/em><em>\u00ab esp\u00e8ces invasives sur les sites de carri\u00e8res \u00bb,\u00a0<a style=\"text-decoration: underline; color: #d88048 !important;\" href=\"http:\/\/www.unpg.fr\/dossiers\/biblioth__que\/guides_des_esp__ces_invasives_sur_les_sites_de_carri__res\" target=\"_blank\">cliquez ici<\/a><\/em><\/div>\n","protected":false},"excerpt":{"rendered":"<p>L\u2019UNPG accompagne ses adh\u00e9rents dans la lutte contre les esp\u00e8ces invasives en mettant \u00e0 leur disposition un guide pratique pour identifier et agir contre celles fr\u00e9quemment observ\u00e9es en carri\u00e8res. Structur\u00e9 autour de quatre chapitres pr\u00e9c\u00e9d\u00e9s d\u2019un contexte g\u00e9n\u00e9ral, ce guide explique la notion d\u2019esp\u00e8ce invasive, le m\u00e9canisme du ph\u00e9nom\u00e8ne d\u2019invasion et pr\u00e9sente les m\u00e9thodes de &hellip; <\/p>\n<p><a class=\"more-link btn\" href=\"https:\/\/www.enviroscop.fr\/actu\/2015\/01\/identifier-et-lutter-contre-les-especes-exotiques-et-envahissantes-dans-les-carrieres\/\">Lire la suite<\/a><\/p>\n","protected":false},"author":1,"featured_media":0,"comment_status":"open","ping_status":"open","sticky":false,"template":"","format":"standard","meta":{"jetpack_post_was_ever_published":false,"_jetpack_newsletter_access":"","_jetpack_dont_email_post_to_subs":false,"_jetpack_newsletter_tier_id":0,"_jetpack_memberships_contains_paywalled_content":false,"_jetpack_memberships_contains_paid_content":false,"footnotes":"","jetpack_publicize_message":"","jetpack_publicize_feature_enabled":true,"jetpack_social_post_already_shared":true,"jetpack_social_options":{"image_generator_settings":{"template":"highway","default_image_id":0,"font":"","enabled":false},"version":2}},"categories":[11,13,6,30,89],"tags":[],"class_list":["post-2237","post","type-post","status-publish","format-standard","hentry","category-biodiversite","category-carrieres","category-ecologie","category-guide","category-management","item-wrap"],"jetpack_publicize_connections":[],"jetpack_featured_media_url":"","jetpack_shortlink":"https:\/\/wp.me\/p3rXAp-A5","jetpack_likes_enabled":true,"jetpack-related-posts":[{"id":1953,"url":"https:\/\/www.enviroscop.fr\/actu\/2014\/06\/la-lutte-contre-les-plantes-invasives-sintensifie\/","url_meta":{"origin":2237,"position":0},"title":"La lutte contre les plantes invasives s&rsquo;intensifie","author":"Enviroscop","date":"5 juin 2014","format":false,"excerpt":"Quel cadre juridique pour la lutte contre les plantes invasives ? Le 3 juin, le comit\u00e9 parlementaire de suivi du risque ambroisie a fait un point annuel sur l'avancement de son action. L'actualit\u00e9 s'enrichit en mati\u00e8re de lutte contre les plantes invasives. Au niveau europ\u00e9en, un r\u00e8glement sur les esp\u00e8ces\u2026","rel":"","context":"Dans &quot;Ecologie&quot;","block_context":{"text":"Ecologie","link":"https:\/\/www.enviroscop.fr\/actu\/category\/nature\/ecologie\/"},"img":{"alt_text":"","src":"","width":0,"height":0},"classes":[]},{"id":2150,"url":"https:\/\/www.enviroscop.fr\/actu\/2014\/11\/especes-invasives-proposition-de-loi\/","url_meta":{"origin":2237,"position":1},"title":"Esp\u00e8ces invasives : proposition de loi","author":"Enviroscop","date":"22 novembre 2014","format":false,"excerpt":"Ce jeudi 20 novembre, le\u00a0comit\u00e9 parlementaire de \"suivi du risque ambroisie et autres esp\u00e8ces invasives\", a\u00a0d\u00e9pos\u00e9 une proposition de loi visant \u00e0 ma\u00eetriser les esp\u00e8ces invasives, ce texte \u00e9tablissant une liste d'esp\u00e8ces animales et v\u00e9g\u00e9tales envahissantes. L'objectif est bien de pouvoir les surveiller, de r\u00e9aliser des op\u00e9rations de pr\u00e9vention et\u2026","rel":"","context":"Dans &quot;biodiversit\u00e9&quot;","block_context":{"text":"biodiversit\u00e9","link":"https:\/\/www.enviroscop.fr\/actu\/category\/nature\/biodiversite\/"},"img":{"alt_text":"","src":"","width":0,"height":0},"classes":[]},{"id":139,"url":"https:\/\/www.enviroscop.fr\/actu\/2012\/09\/seminaire-biodiversite-et-adaptation-au-chang\/","url_meta":{"origin":2237,"position":2},"title":"S\u00e9minaire \u00ab\u00a0Biodiversit\u00e9 et adaptation au changement climatique\u00a0\u00bb Co-organis\u00e9 par l&rsquo;Onerc et la Direction de l&rsquo;eau et de la biodiversit\u00e9","author":"Enviroscop","date":"25 septembre 2012","format":false,"excerpt":"INVITATION 3 octobre 2012, Paris, Arche de la D??fense Le lien entre les objectifs de conservation de la biodiversit?? et la lutte contre les effets du changement climatique a ??t?? explicitement ??tabli tant au niveau international (objectifs d'A...","rel":"","context":"Dans &quot;biodiversit\u00e9&quot;","block_context":{"text":"biodiversit\u00e9","link":"https:\/\/www.enviroscop.fr\/actu\/category\/nature\/biodiversite\/"},"img":{"alt_text":"","src":"","width":0,"height":0},"classes":[]},{"id":2834,"url":"https:\/\/www.enviroscop.fr\/actu\/2017\/06\/le-parc-eolien-francais-ses-impacts-sur-lavifaune-etude-des-suivis-de-mortalite-realises-en-france-de-1997-a-2015-par-la-lpo\/","url_meta":{"origin":2237,"position":3},"title":"Le parc \u00e9olien fran\u00e7ais et ses impacts sur l\u2019avifaune. Etude des suivis de mortalit\u00e9 r\u00e9alis\u00e9s en France de 1997 \u00e0 2015 par la LPO","author":"Enviroscop","date":"22 juin 2017","format":false,"excerpt":"La mortalit\u00e9 r\u00e9elle due aux \u00e9oliennes n\u2019est estim\u00e9e que pour tr\u00e8s peu de parcs,\u00a0souvent localis\u00e9s dans des ZPS ou pr\u00e9sentant de fortes sensibilit\u00e9s avifaunistiques. Pour les huit\u00a0parcs concern\u00e9s, qui repr\u00e9sentent 1,38 % des \u00e9oliennes fran\u00e7aises, la mortalit\u00e9 r\u00e9elle estim\u00e9e\u00a0varie de 0,3 \u00e0 18,3 oiseaux tu\u00e9s par \u00e9olienne et par an,\u2026","rel":"","context":"Dans &quot;biodiversit\u00e9&quot;","block_context":{"text":"biodiversit\u00e9","link":"https:\/\/www.enviroscop.fr\/actu\/category\/nature\/biodiversite\/"},"img":{"alt_text":"","src":"https:\/\/i0.wp.com\/www.enviroscop.fr\/actu\/wp-content\/uploads\/2017\/06\/LPO201706-209x300.jpg?resize=350%2C200","width":350,"height":200},"classes":[]},{"id":1796,"url":"https:\/\/www.enviroscop.fr\/actu\/2014\/02\/loi-contre-la-contrefacon-les-semences-de-ferme-ne-sont-plus-concernees\/","url_meta":{"origin":2237,"position":4},"title":"Loi contre la contrefa\u00e7on : les semences de ferme ne sont plus concern\u00e9es","author":"Enviroscop","date":"6 f\u00e9vrier 2014","format":false,"excerpt":"La mobilisation du monde agricole aura pay\u00e9. e 4 f\u00e9vrier, les d\u00e9put\u00e9s ont adopt\u00e9 les amendements visant \u00e0 exclure les semences de ferme de la proposition de loi visant \u00e0 renforcer la lutte contre la contrefa\u00e7on. Le gouvernement, comme il s'y \u00e9tait engag\u00e9, a soutenu ces \u00e9volutions du texte, qui\u2026","rel":"","context":"Dans &quot;Agriculture&quot;","block_context":{"text":"Agriculture","link":"https:\/\/www.enviroscop.fr\/actu\/category\/activite\/agriculture\/"},"img":{"alt_text":"","src":"","width":0,"height":0},"classes":[]},{"id":4579,"url":"https:\/\/www.enviroscop.fr\/actu\/2022\/01\/derogation-especes-protegees-le-principe-dinterdiction-de-destruction-sapplique-aux-habitats-artificiels-et-a-tout-moment-tribunal-administratif-de-lyon-9-decembre-2021-n2001712\/","url_meta":{"origin":2237,"position":5},"title":"D\u00e9rogation esp\u00e8ces prot\u00e9g\u00e9es : le principe d&rsquo;interdiction de destruction s&rsquo;applique aux habitats artificiels et \u00e0 tout moment (tribunal administratif de Lyon, 9 d\u00e9cembre 2021, n\u00b02001712)","author":"Enviroscop","date":"11 janvier 2022","format":false,"excerpt":"Article int\u00e9gral, du fait de son importance, mais vous pouvez retrouver l'article original sur le site de notre confr\u00e8re Arnaud Gossement. \u00a0 Par un\u00a0jugement n\u00b02001712\u00a0en date du 9 d\u00e9cembre 2021, le Tribunal administratif de Lyon a confirm\u00e9 l'application du r\u00e9gime de protection des esp\u00e8ces prot\u00e9g\u00e9es aux habitats artificiels. Il souligne\u2026","rel":"","context":"Dans &quot;biodiversit\u00e9&quot;","block_context":{"text":"biodiversit\u00e9","link":"https:\/\/www.enviroscop.fr\/actu\/category\/nature\/biodiversite\/"},"img":{"alt_text":"","src":"https:\/\/i0.wp.com\/www.enviroscop.fr\/actu\/wp-content\/uploads\/2013\/05\/17141_une.jpg?resize=350%2C200","width":350,"height":200},"classes":[]}],"jetpack_sharing_enabled":true,"_links":{"self":[{"href":"https:\/\/www.enviroscop.fr\/actu\/wp-json\/wp\/v2\/posts\/2237","targetHints":{"allow":["GET"]}}],"collection":[{"href":"https:\/\/www.enviroscop.fr\/actu\/wp-json\/wp\/v2\/posts"}],"about":[{"href":"https:\/\/www.enviroscop.fr\/actu\/wp-json\/wp\/v2\/types\/post"}],"author":[{"embeddable":true,"href":"https:\/\/www.enviroscop.fr\/actu\/wp-json\/wp\/v2\/users\/1"}],"replies":[{"embeddable":true,"href":"https:\/\/www.enviroscop.fr\/actu\/wp-json\/wp\/v2\/comments?post=2237"}],"version-history":[{"count":0,"href":"https:\/\/www.enviroscop.fr\/actu\/wp-json\/wp\/v2\/posts\/2237\/revisions"}],"wp:attachment":[{"href":"https:\/\/www.enviroscop.fr\/actu\/wp-json\/wp\/v2\/media?parent=2237"}],"wp:term":[{"taxonomy":"category","embeddable":true,"href":"https:\/\/www.enviroscop.fr\/actu\/wp-json\/wp\/v2\/categories?post=2237"},{"taxonomy":"post_tag","embeddable":true,"href":"https:\/\/www.enviroscop.fr\/actu\/wp-json\/wp\/v2\/tags?post=2237"}],"curies":[{"name":"wp","href":"https:\/\/api.w.org\/{rel}","templated":true}]}}